{"id":10104,"date":"2020-10-13T13:25:05","date_gmt":"2020-10-13T13:25:05","guid":{"rendered":"http:\/\/mymobilebooster.com\/forum\/?p=10104"},"modified":"2020-10-01T15:31:03","modified_gmt":"2020-10-01T15:31:03","slug":"rencontre-emmanuel-quebec-3","status":"publish","type":"post","link":"http:\/\/mymobilebooster.com\/forum\/2020\/10\/13\/rencontre-emmanuel-quebec-3\/","title":{"rendered":"Rencontre Emmanuel Qu\u00e9bec"},"content":{"rendered":"<p>Chercheur principal : Martine-Emmanuelle Lapointe Prix et distinctions Il sagit de son premier voyage outre-mer depuis son assermentation comme premier ministre, du 20 au 25 janvier. <img decoding=\"async\" src=\"http:\/\/www.mrif.gouv.qc.ca\/images\/actualites\/CU54MS8UYAAk3O5.jpg\" alt=\"rencontre emmanuel qu\u00e9bec\" align=\"left\">  <img decoding=\"async\" src=\"http:\/\/static1.purepeople.com\/articles\/3\/24\/29\/23\/@\/3401440-le-president-francais-emmanuel-macron-et-950x0-2.jpg\" alt=\"rencontre emmanuel qu\u00e9bec\" align=\"center\"> M\u00e9tier artiste: lenvers du d\u00e9cor dEmmanuel Galland Avec : Mich\u00e8le Cohen-Halimi, professeure de philosophie \u00e0 lUniversit\u00e9 Paris 8 ; C\u00e9line Denat, ma\u00eetre de conf\u00e9rences en philosophie \u00e0 lUniversit\u00e9 de Reims ; Georges-Arthur Goldschmidt, \u00e9crivain, germaniste, et traducteur de Nietzsche ; Emmanuel Salanskis, ma\u00eetre de conf\u00e9rences en philosophie \u00e0 lUniversit\u00e9 de Strasbourg ; Patrick Wotling, professeur de philosophie \u00e0 lUniversit\u00e9 de Reims.  Intensif d\u00e9t\u00e9 8 jours de formation Communication dimpact avanc\u00e9e Depuis la mort dArnaud, survenue en ao\u00fbt 2011, Emmanuel Desjardins, assist\u00e9 de Thierry Martin, a pris la direction de Hauteville, conform\u00e9ment \u00e0 la vision dArnaud. Pas une agence de placement, mais de recrutement de personnel \u00e0 l\u00e9tranger. This process is automatic. Your browser will redirect to your requested content shortly. Il a ajout\u00e9 que le Qu\u00e9bec avait besoin de la France pour mener \u00e0 bien cette t\u00e2che. Avec la newsletter quotidienne du HuffPost, recevez par email les infos les plus importantes et les meilleurs articles du jour. Autre probl\u00e8me : Les sommes sont trop faibles aujourdhui, am\u00e9liorer le bar\u00eame est une priorit\u00e9, assure St\u00e9phanie Lamy. La France fait partie des pays d\u00e9velopp\u00e9s qui ont les pensions par enfant les plus basses, 7 seulement des contributions d\u00e9passent 300, pour un enfant dapr\u00e8s un ouvrage du Collectif Onze, Au tribunal des couples. Franklin Rausky, maitre de conf\u00e9rences en psychologie, directeur des \u00c9tudes \u00e0 lInstitut Elie Wiesel. La distanciation sappliquerait aux spectacles mais pas dans les trains : une diff\u00e9rence de traitement qui pose aujourdhui question. Si les spectacles ne reprennent pas, la casse sociale sera in\u00e9luctable. <img decoding=\"async\" src=\"http:\/\/images.lpcdn.ca\/641x427\/201806\/26\/1557932-president-francais-emmanuel-macron-offre.jpg\" alt=\"rencontre emmanuel qu\u00e9bec\" align=\"center\"> G\u00e9raldine Roux, enseignante et docteure en philosophie, directrice de lInstitut universitaire Rachi de Troyes. Festival du nouveau cin\u00e9ma-MUSHER Festival du nouveau cin\u00e9ma-MUSHER Le gouvernement a obtenu gain de cause aupr\u00e8s du groupe automobile PSA. Apr\u00e8s avoir annonc\u00e9 quil ferait venir des salari\u00e9s polonais.. Vid\u00e9o Le 13 juin 2020 \u00e0 18:38 Emmanuel Macron rencontre les dirigeants du Qu\u00e9bec et du Liban-YouTube .<\/p>\n","protected":false},"excerpt":{"rendered":"<p>rencontre emmanuel qu\u00e9bec<\/p>\n","protected":false},"author":1,"featured_media":0,"comment_status":"closed","ping_status":"closed","sticky":false,"template":"","format":"standard","meta":{"footnotes":""},"categories":[1],"tags":[],"_links":{"self":[{"href":"http:\/\/mymobilebooster.com\/forum\/wp-json\/wp\/v2\/posts\/10104"}],"collection":[{"href":"http:\/\/mymobilebooster.com\/forum\/wp-json\/wp\/v2\/posts"}],"about":[{"href":"http:\/\/mymobilebooster.com\/forum\/wp-json\/wp\/v2\/types\/post"}],"author":[{"embeddable":true,"href":"http:\/\/mymobilebooster.com\/forum\/wp-json\/wp\/v2\/users\/1"}],"replies":[{"embeddable":true,"href":"http:\/\/mymobilebooster.com\/forum\/wp-json\/wp\/v2\/comments?post=10104"}],"version-history":[{"count":1,"href":"http:\/\/mymobilebooster.com\/forum\/wp-json\/wp\/v2\/posts\/10104\/revisions"}],"predecessor-version":[{"id":10105,"href":"http:\/\/mymobilebooster.com\/forum\/wp-json\/wp\/v2\/posts\/10104\/revisions\/10105"}],"wp:attachment":[{"href":"http:\/\/mymobilebooster.com\/forum\/wp-json\/wp\/v2\/media?parent=10104"}],"wp:term":[{"taxonomy":"category","embeddable":true,"href":"http:\/\/mymobilebooster.com\/forum\/wp-json\/wp\/v2\/categories?post=10104"},{"taxonomy":"post_tag","embeddable":true,"href":"http:\/\/mymobilebooster.com\/forum\/wp-json\/wp\/v2\/tags?post=10104"}],"curies":[{"name":"wp","href":"https:\/\/api.w.org\/{rel}","templated":true}]}}