{"id":10313,"date":"2020-10-13T17:04:29","date_gmt":"2020-10-13T17:04:29","guid":{"rendered":"http:\/\/mymobilebooster.com\/forum\/?p=10313"},"modified":"2020-10-01T22:24:14","modified_gmt":"2020-10-01T22:24:14","slug":"inter-femmes-cafe-rencontres-ateliers-conferences-4","status":"publish","type":"post","link":"http:\/\/mymobilebooster.com\/forum\/2020\/10\/13\/inter-femmes-cafe-rencontres-ateliers-conferences-4\/","title":{"rendered":"Inter-Femmes &#8211; Caf\u00e9-Rencontres Ateliers Conf\u00e9rences"},"content":{"rendered":"<p> Conf\u00e9rence-d\u00e9bat organis\u00e9e en partenariat avec la Maison de lEurope autour Karim Emile BITAR, directeur de recherche \u00e0 lIRIS et Thomas SNEGAROFF, directeur de recherche \u00e0 lIRIS. Salon du Jardin 1 au Parc des Expositions de Bordeaux Prime \u00e0 la conversion des v\u00e9hicules : quels changements au 1er ao\u00fbt 2019? PourSortir avec Les Derni\u00e8res Nouvelles dAlsace Congr\u00e8s 2016 Autisme France samedi 3 d\u00e9cembre 2016 Lieu : Paris Exposition Lagerfeld, the Chanel Shows au Royal Monceau Conf\u00e9rence Entr\u00e9e dans les \u00e9coles de musique autour des ann\u00e9es 1980, la p\u00e9dagogie en groupe est aujourdhui en pleine.-GRATUIT Pour t\u00e9l\u00e9charger la plaquette dinformation, cliquez sur ce lien : La d\u00e9pression a-t-elle une fonction? Doit on la faire taire \u00e0 tout prix? La th\u00e9rapeute apporte un \u00e9clairage diff\u00e9rent de lanalyse habituelle et une vision en psychologie positive : Lieu : Enseirb Matmeca,1 Avenue du Docteur Albert Schweitzer R\u00e9unification de lensemble des associations de Biganos, sur le Bassin dArcachon, pour les nouveaux adh\u00e9rents. Lieu : Op\u00e9ra National de Bordeaux Grand-Th\u00e9\u00e2tre-Place de la Com\u00e9die BP 90095-33025 Bordeaux CEDEX <img decoding=\"async\" src=\"http:\/\/www.ville-pertuis.fr\/media\/k2\/items\/cache\/41ba7f77c770a5c3a2110354f4d18992_L.jpg\" alt=\"inter-femmes-caf\u00e9-rencontres ateliers conf\u00e9rences\" align=\"right\"> La col\u00e8re qui \u00e9clate soudainement r\u00e9v\u00e8le des fractures et une d\u00e9sesp\u00e9rance qui couvent depuis des ann\u00e9es. <img decoding=\"async\" src=\"http:\/\/www.ellesbougent.com\/documents\/agenda\/1365\/rencontres-emploi-femmes-auto-asso-wave.thumb.jpg\" alt=\"inter-femmes-caf\u00e9-rencontres ateliers conf\u00e9rences\" align=\"right\"> Organisation dactivit\u00e9s entrant dans le cadre de son activit\u00e9 d\u00e9ducation physique : cours le lundi de 19h \u00e0 20h et le jeudi de 19h \u00e0 20h au coll\u00e8ge L\u00e9on.. Les fronti\u00e8res du travail social se sont \u00e9largies. Elles d\u00e9passent linsertion dans la communaut\u00e9, le r\u00e9tablissement des droits, le vivre avec en soci\u00e9t\u00e9 pour englober du soin au sens large avec le souci de la bientraitance. Les th\u00e9rapies m\u00e9diatis\u00e9es en g\u00e9n\u00e9ral et lart-th\u00e9rapie en particulier dessinent de nouveaux horizons. R\u00e9alis\u00e9es en atelier, en groupe ou en th\u00e9rapies individuelles, elles explorent des situations o\u00f9 la m\u00e9diatisation am\u00e9liore lexpression de soi, la cr\u00e9ativit\u00e9 ou simplement la convivialit\u00e9 de faire avec.  SOLSOUSOLS : Sols et sous-sols dans la transition socio-\u00e9cologique PROTEGEONS NOS ENFANTS CONTRE LES COMPTEURS LINKY DANS LES CRECHES ET LES ECOLES adress\u00e9e \u00e0 Mme le Ministre des Solidarit\u00e9s et de la Sant\u00e9 et M. Le Ministre de lEducation Nationale. <img decoding=\"async\" src=\"http:\/\/femmesdici.com\/wp-content\/uploads\/2018\/05\/Dani%C3%A8le-Flaumenbaum-1575x1050.jpg\" alt=\"inter-femmes-caf\u00e9-rencontres ateliers conf\u00e9rences\" align=\"center\"> Pratique du v\u00e9lo cyclotourisme en club. Circuits \u00e0 travers les landes, le pays basque et le B\u00e9arn  Conf\u00e9rences-d\u00e9bat organis\u00e9es par le CIHEAM, en association avec les Presses de Sciences-Po. Deux th\u00e8mes seront discut\u00e9s : Lagriculture au coeur de la g\u00e9opolitique mondiale et Quelles r\u00e9ponses politiques multilat\u00e9rales pour la s\u00e9curit\u00e9 alimentaire. Autour de Bruno Le Maire, Ministre fran\u00e7ais de lagriculture, de lalimentation et de la p\u00eache ; Sylvie Brunel, Universit\u00e9 Paris IV-Sorbonne ; Pierre Blanc, Centre international de hautes \u00e9tudes agronomiques m\u00e9diterran\u00e9ennes CIHEAM ; Barah Mika\u00efl, Institut de relations internationales et strat\u00e9giques IRIS ; Herv\u00e9 Lejeune, Sous-directeur g\u00e9n\u00e9ral et Directeur de cabinet du Directeur g\u00e9n\u00e9ral de lOrganisation des Nations Unies pour lAlimentation et lAgriculture FAO, etc. Le 18 mars 2020 Projection d\u00e9bat Quant les tiques attaquent avec pr\u00e9sentation du.. Pascale Boutelant, DRH et DAF de la soci\u00e9t\u00e9 Agrauxine implant\u00e9e \u00e0 Quimper Surnomm\u00e9 le prince des imprim\u00e9s, Emilio Pucci a marqu\u00e9 lhistoire de la mode par ses imprim\u00e9s pop, ses couleurs flashy ainsi que ses motifs graphiques qui ont inspir\u00e9 la mode des ann\u00e9es 1960. Nous avons invit\u00e9s nos \u00e9tudiants \u00e0 d\u00e9couvrir sa boutique avenue Montaigne en compagnie de la directrice de la boutique, Madame de Bary. Conf\u00e9rence organis\u00e9e par La Biblioth\u00e8que de Sciences Po Lille dans le cadre de la semaine Egalit\u00e9 de Genre Lieu: Atelier du Mouvement-1, rue Blanqui-37000 TOURS.<\/p>\n","protected":false},"excerpt":{"rendered":"<p>inter-femmes &#8211; caf\u00e9-rencontres ateliers conf\u00e9rences<\/p>\n","protected":false},"author":1,"featured_media":0,"comment_status":"closed","ping_status":"closed","sticky":false,"template":"","format":"standard","meta":{"footnotes":""},"categories":[1],"tags":[],"_links":{"self":[{"href":"http:\/\/mymobilebooster.com\/forum\/wp-json\/wp\/v2\/posts\/10313"}],"collection":[{"href":"http:\/\/mymobilebooster.com\/forum\/wp-json\/wp\/v2\/posts"}],"about":[{"href":"http:\/\/mymobilebooster.com\/forum\/wp-json\/wp\/v2\/types\/post"}],"author":[{"embeddable":true,"href":"http:\/\/mymobilebooster.com\/forum\/wp-json\/wp\/v2\/users\/1"}],"replies":[{"embeddable":true,"href":"http:\/\/mymobilebooster.com\/forum\/wp-json\/wp\/v2\/comments?post=10313"}],"version-history":[{"count":1,"href":"http:\/\/mymobilebooster.com\/forum\/wp-json\/wp\/v2\/posts\/10313\/revisions"}],"predecessor-version":[{"id":10314,"href":"http:\/\/mymobilebooster.com\/forum\/wp-json\/wp\/v2\/posts\/10313\/revisions\/10314"}],"wp:attachment":[{"href":"http:\/\/mymobilebooster.com\/forum\/wp-json\/wp\/v2\/media?parent=10313"}],"wp:term":[{"taxonomy":"category","embeddable":true,"href":"http:\/\/mymobilebooster.com\/forum\/wp-json\/wp\/v2\/categories?post=10313"},{"taxonomy":"post_tag","embeddable":true,"href":"http:\/\/mymobilebooster.com\/forum\/wp-json\/wp\/v2\/tags?post=10313"}],"curies":[{"name":"wp","href":"https:\/\/api.w.org\/{rel}","templated":true}]}}