{"id":10323,"date":"2020-10-13T23:17:39","date_gmt":"2020-10-13T23:17:39","guid":{"rendered":"http:\/\/mymobilebooster.com\/forum\/?p=10323"},"modified":"2020-10-01T22:32:11","modified_gmt":"2020-10-01T22:32:11","slug":"31eme-rencontre-nationale-du-credit-cooperatif-3","status":"publish","type":"post","link":"http:\/\/mymobilebooster.com\/forum\/2020\/10\/13\/31eme-rencontre-nationale-du-credit-cooperatif-3\/","title":{"rendered":"31\u00e8me Rencontre Nationale Du Cr\u00e9dit Coop\u00e9ratif"},"content":{"rendered":"<p>Philippe LAURENT, maire de Sceaux 92, pr\u00e9sident du CSFPT ;  Site internet de vente en ligne reli\u00e9 aux caisses du magasin. D\u00e9couvrez ci-dessous le petit film r\u00e9alis\u00e9 pour le Cr\u00e9dit Coop\u00e9ratif et sa fondation qui pr\u00e9sente Ma Coop La Vie Au Vert, 2\u00e8me prix national de linitiative en \u00e9conomie sociale 2017. Des \u00e9l\u00e9ments peuvent manquer. Merci de votre compr\u00e9hension. 07102016 : Synth\u00e8se sur le changement d\u00e9chelle et la maximisation de limpact des entreprises sociales.. Sachant que les fonds plac\u00e9s \u00e0 la caisse d\u00e9pargne devait servir \u00e0 financer des logements cf. Mme Duflot 13092016 : Forum Empowerment Entrepreneurial en Action internet et sur les r\u00e9seaux sociaux plus particuli\u00e8rement. Cet \u00e9tat des lieux devant nous Activit\u00e9 de lobbying aupr\u00e8s de lAssembl\u00e9e nationale <img decoding=\"async\" src=\"http:\/\/www.computerhistory.org\/atchm\/wp-content\/uploads\/2014\/12\/MN_Augst_1975_h75841.jpg\" alt=\"31\u00e8me rencontre nationale du cr\u00e9dit coop\u00e9ratif\" align=\"right\"> Pauvret\u00e9 cach\u00e9e chez les personnes \u00e2g\u00e9es : les organismes sociaux notent que le nombre de personnes \u00e2g\u00e9es et pauvres augmente, mais quelles sont encore plus nombreuses \u00e0 ne pas se manifester. Beaucoup sont isol\u00e9es et ont du mal \u00e0 demander de laide, que ce soit \u00e0 leur famille ou \u00e0 lEtat. Il y a aussi de plus en plus de personnes \u00e2g\u00e9es sans domicile fixe.. Un autre projet de soci\u00e9t\u00e9 reste \u00e0 construire! Une permanence dans la conduite des personnes et des groupes Premi\u00e8re coop\u00e9rative de consommateurs en milieu rural de France, Ma Coop la vie au vert, est lid\u00e9e dun collectif damis et dhabitants de Pied-de-Borne en Loz\u00e8re. Apr\u00e8s la fermeture du dernier commerce du village, ils d\u00e9cident de monter leur \u00e9picerie. 5 ans, 200 adh\u00e9sions, 3 emplois et 100.000 tickets plus tard, la coop\u00e9rative est devenue un lieu de vie pour toute la vall\u00e9e, o\u00f9 lon vient faire ses courses mais aussi discuter, trouver un acc\u00e8s internet, prendre un caf\u00e9. Bient\u00f4t la coop\u00e9rative \u00e9tendra ses services en assurant la livraison dans les villages c\u00e9venols d\u00e9pourvus de commerce.  Ces projets pilotes nous ont fourni des informations sur la fa\u00e7on dint\u00e9grer de mani\u00e8re optimale ce nouveau format avec les caf\u00e9s \u00e0 proximit\u00e9, a indiqu\u00e9 Starbucks. Dans les entreprises de grande taille 1000 salari\u00e9s. Leur objectif est de faire de lentreprise volont\u00e9 d\u00e9couter et de laisser le client sexprimer. <img decoding=\"async\" src=\"http:\/\/www.scavolini.design\/media\/immagini\/165_t_Madeleine-arredo-cucina.jpg\" alt=\"31\u00e8me rencontre nationale du cr\u00e9dit coop\u00e9ratif\" align=\"center\"> Pour \u00eatre alert\u00e9 par email dune r\u00e9action \u00e0 ce commentaire, merci de  Il y a ceux qui r\u00eavent dun autre monde, et puis il y a ceux qui le mod\u00e8lent selon leurs envies. Et cest finalement au c\u0153ur des C\u00e9vennes, \u00e0 Pied-de-Borne, dans ce village nich\u00e9 dans la montagne, aux confluents de la Loz\u00e8re, de lArd\u00e8che et du Gard, que ces citoyens du monde, comme ils se d\u00e9crivent, ont cr\u00e9\u00e9 la premi\u00e8re coop\u00e9rative de consommateurs en Loz\u00e8re! Alors, oui, il leur arrive le matin, en buvant un bon caf\u00e9 dans l\u00e9picerie Ma COOP-La Vie au Vert de refaire le monde, selon Cyrille Souche, mais les habitants ont d\u00e9j\u00e0 bien entam\u00e9 le leur, fa\u00e7onn\u00e9 \u00e0 leur image : ouvert sur le monde, solidaire et accueillant. Quarante ans de recherches sur les femmes, le sexe et le genre <img decoding=\"async\" src=\"http:\/\/www.uwyo.edu\/_files\/images\/homepage\/costofattendance.png\" alt=\"31\u00e8me rencontre nationale du cr\u00e9dit coop\u00e9ratif\" align=\"right\"> Remise des Prix de lInitiative en \u00c9conomie Sociale de la Fondation Cr\u00e9dit Coop\u00e9ratif.<\/p>\n","protected":false},"excerpt":{"rendered":"<p>31\u00e8me rencontre nationale du cr\u00e9dit coop\u00e9ratif<\/p>\n","protected":false},"author":1,"featured_media":0,"comment_status":"closed","ping_status":"closed","sticky":false,"template":"","format":"standard","meta":{"footnotes":""},"categories":[1],"tags":[],"_links":{"self":[{"href":"http:\/\/mymobilebooster.com\/forum\/wp-json\/wp\/v2\/posts\/10323"}],"collection":[{"href":"http:\/\/mymobilebooster.com\/forum\/wp-json\/wp\/v2\/posts"}],"about":[{"href":"http:\/\/mymobilebooster.com\/forum\/wp-json\/wp\/v2\/types\/post"}],"author":[{"embeddable":true,"href":"http:\/\/mymobilebooster.com\/forum\/wp-json\/wp\/v2\/users\/1"}],"replies":[{"embeddable":true,"href":"http:\/\/mymobilebooster.com\/forum\/wp-json\/wp\/v2\/comments?post=10323"}],"version-history":[{"count":1,"href":"http:\/\/mymobilebooster.com\/forum\/wp-json\/wp\/v2\/posts\/10323\/revisions"}],"predecessor-version":[{"id":10324,"href":"http:\/\/mymobilebooster.com\/forum\/wp-json\/wp\/v2\/posts\/10323\/revisions\/10324"}],"wp:attachment":[{"href":"http:\/\/mymobilebooster.com\/forum\/wp-json\/wp\/v2\/media?parent=10323"}],"wp:term":[{"taxonomy":"category","embeddable":true,"href":"http:\/\/mymobilebooster.com\/forum\/wp-json\/wp\/v2\/categories?post=10323"},{"taxonomy":"post_tag","embeddable":true,"href":"http:\/\/mymobilebooster.com\/forum\/wp-json\/wp\/v2\/tags?post=10323"}],"curies":[{"name":"wp","href":"https:\/\/api.w.org\/{rel}","templated":true}]}}