{"id":11027,"date":"2020-10-15T21:18:12","date_gmt":"2020-10-15T21:18:12","guid":{"rendered":"http:\/\/mymobilebooster.com\/forum\/?p=11027"},"modified":"2020-10-03T00:01:03","modified_gmt":"2020-10-03T00:01:03","slug":"rencontre-pape-francois","status":"publish","type":"post","link":"http:\/\/mymobilebooster.com\/forum\/2020\/10\/15\/rencontre-pape-francois\/","title":{"rendered":"Rencontre Pape Fran\u00e7ois"},"content":{"rendered":"<p>La fr\u00e9quentation de 20 Minutes est certifi\u00e9e par lACPM M. Hilale a ainsi rappel\u00e9 que dans Son message \u00e0 la deuxi\u00e8me Conf\u00e9rence internationale sur le dialogue des cultures et des religions en 2018 \u00e0 F\u00e8s, le Roi d\u00e9clarait : Le nouvel ordre de paix mondiale est celui que nous souhaitons mettre en place ensemble en le structurant autour des principes de coexistence, dacceptation de la pluralit\u00e9 et de lalt\u00e9rit\u00e9. Cest \u00e0 cette condition quil sera possible de continuer \u00e0 construire, \u00e0 \u00e9voluer, \u00e0 consolider s\u00e9curit\u00e9, croissance et prosp\u00e9rit\u00e9. <img decoding=\"async\" src=\"http:\/\/r7.llb.be\/image\/47\/535cdb283570ed9af1e00e47.jpg\" alt=\"rencontre pape fran\u00e7ois\" align=\"right\"> Do\u00f9 la fiert\u00e9 du p\u00e8re Pedro daccueillir le souverain pontife, ce dimanche. Il le manifestait il y a quelques jours au micro de lagence Reuters. Les professionnels de la cuisine am\u00e9nag\u00e9e ont d\u00e9velopp\u00e9.. Chaque semaine, recevez Gavroche Hebdo. Inscrivez vous en cliquant. Fran\u00e7ois et le cheikh Ahmed al-Tayeb ont sign\u00e9 en f\u00e9vrier 2019 \u00e0 Abou Dhabi Emirats arabes unis un document sur la fraternit\u00e9 humaine, qui appelle \u00e0 la libert\u00e9 de croyance et dexpression, \u00e0 la protection des lieux de culte, et pr\u00f4ne une pleine citoyennet\u00e9 pour les minorit\u00e9s discrimin\u00e9es. CAMBODGE-PORTRAIT : Les grands travaux du Pharaon Ponchaud Pendant trop longtemps, les travaux de la CPI ont \u00e9t\u00e9 dirig\u00e9s vers les pays en d\u00e9veloppement et les \u00c9tats parias. Rendre une justice \u00e9gale pour tous signifie quelle peut sattaquer aux forts comme aux faibles, poursuit M. Schabas aupr\u00e8s de lAFP. La visite chronom\u00e9tr\u00e9e de mardi matin atterrissage pr\u00e9vu \u00e0 10 heures, red\u00e9collage \u00e0 14 heures est dune autre nature. Le pape a r\u00e9pondu \u00e0 linvitation des deux institutions europ\u00e9ennes, lui qui, depuis le d\u00e9but de son pontificat le 13 mars 2013, sest surtout projet\u00e9 hors du continent europ\u00e9en : aux Journ\u00e9es mondiales de la jeunesse au Br\u00e9sil en juillet 2013, sans doute le plus grand rassemblement de catholiques de lhistoire, ont succ\u00e9d\u00e9 un voyage en Isra\u00ebl, Palestine et Jordanie pour appeler sans succ\u00e8s \u00e0 la paix en mai 2014, puis en Cor\u00e9e du Sud en ao\u00fbt 2014 et enfin, en septembre dans lAlbanie certes europ\u00e9enne, mais bien dans les p\u00e9riph\u00e9ries. Au Parlement europ\u00e9en, le pape est un invit\u00e9 ext\u00e9rieur, \u00e0 la fois chef d\u00c9tat au titre de la Cit\u00e9 du Vatican, et chef spirituel des catholiques, confession majoritaire dans lUnion europ\u00e9enne dans 16 pays membres sur 28, dont quatre grands pays France, Italie, Espagne, Pologne contre 8 protestants et 4 orthodoxes. Au Conseil de lEurope, le pape argentin sera davantage chez lui puisque le Saint-Si\u00e8ge y entretient une mission permanente en tant quobservateur depuis 1970. Et il sadressera aux repr\u00e9sentants de 47 pays, dont la Russie, lUkraine, la Turquie, tous les pays des Balkans et du Caucase, mais aussi la Norv\u00e8ge et la Suisse, une Europe au sens tr\u00e8s large donc, m\u00eame si ces repr\u00e9sentants ne sont pas \u00e9lus, mais nomm\u00e9s. Je me suis lanc\u00e9e imprudemment dans le recensement de mes lectures un exercice qui invite \u00e0 lhumilit\u00e9 Le service dioc\u00e8sain des vocations vous fait une petite surprise, \u00e0 diffuser largement aupr\u00e8s des jeunes. <img decoding=\"async\" src=\"http:\/\/gdb.voanews.com\/E4D4F1B4-AE71-45EC-B666-748A33E63AFF_cx0_cy4_cw0_w987_r1_s_r1.jpg\" alt=\"rencontre pape fran\u00e7ois\" align=\"left\"> Que se passera-t-il si Philippe Barbarin se voit destituer de son titre de Cardinal? Il restera \u00e0 d\u00e9terminer sa succession. Plusieurs scenarios sont possibles : le pape peut nommer dembl\u00e9e un successeur au cardinal Barbarin. Une issue toutefois peu probable selon une source proche du dossier, qui note quil faut dabord trouver un \u00e9v\u00eaque et que ce dernier accepte. Autre possibilit\u00e9, l\u00e9lection dun administrateur dioc\u00e9sain par un coll\u00e8ge des consulteurs, compos\u00e9 de pr\u00eatres du dioc\u00e8se de Lyon.  En effet, le patriarche Bartholom\u00e9e de Constantinople a apport\u00e9 son soutien, ainsi que le secr\u00e9taire g\u00e9n\u00e9ral de lONU. Tous deux, a d\u00e9clar\u00e9 le cardinal Ayuso Guixot, seront comme tant dautres en communion le 14 mai prochain pour vivre ce moment dunit\u00e9 de la famille humaine. THA\u00cfLANDE-\u00c9L\u00c9PHANTS: Khao Yai, nouveau royaume des pachydermes libres-Gavroche Autoplay When autoplay is enabled, a suggested video will automatically play next. Bien-aim\u00e9s, aimons-nous les uns les autres, puisque lamour vient de Dieu. 1 Jn 4,7 If you are on a personal connection, like at home, you can run an anti-virus scan on your device to make sure it is not infected with malware. Enjoy an audience with the Pope and get a once-in-a-lifetime experience with guaranteed reservation. The half-day tour also includes sightseeing of Romes major attractions before heading to St. Peters Square. <img decoding=\"async\" src=\"http:\/\/img.over-blog-kiwi.com\/1\/54\/14\/11\/20180915\/ob_575913_20180914-udienza-papa-francesco-2.jpg\" alt=\"rencontre pape fran\u00e7ois\" align=\"center\"> Le pape Fran\u00e7ois rencontre le p\u00e8re Pedro au village Akamasoa, \u00e0 Madagascar  Depuis les premiers instants de son pontificat, le pape Fran\u00e7ois \u00e9coute, \u00e9tonne, bouscule, ravit ou agace. Il nagit pas comme le chef dune institution hi\u00e9rarchique, change les habitudes. Andrea Riccardi pose ici un regard large bienveillant et profond sur lhomme et ses actes.Un t\u00e9moignge et une analyse exceptionnels Une erreur est survenue lors de votre inscription Migrants. Les CRS ont commenc\u00e9 t\u00f4t ce matin une op\u00e9ration visant \u00e0 \u00e9vacuer plusieurs dizaines de migrants qui occupent depuis pr\u00e8s de cinq mois un..  Superbe condominium 3 chambres avec terrasse \u00e0 louer centre de pattaya-26052020 Le 24 septembre, le pape sadresse au. Il est le premier pape \u00e0 sexprimer dans ce cadre. Il part ensuite \u00e0 o\u00f9 il est accueilli sur les marches de la, par larchev\u00eaque, le maire de la ville, et le de l avant de se joindre \u00e0 loffice des. Le lendemain il sadresse \u00e0 l \u00e0 linvitation de avant daller se recueillir et prier au au cours dune c\u00e9r\u00e9monie inter-confessionnelle. Il se rend ensuite au o\u00f9 il c\u00e9l\u00e8bre la devant 20 000 Libert\u00e9. Et beaucoup de bergers font grandir cette rigidit\u00e9 dans l\u00e2me des fid\u00e8les, et cette rigidit\u00e9 ne nous permet pas dentrer par la porte de J\u00e9sus.<\/p>\n","protected":false},"excerpt":{"rendered":"<p>rencontre pape fran\u00e7ois<\/p>\n","protected":false},"author":1,"featured_media":0,"comment_status":"closed","ping_status":"closed","sticky":false,"template":"","format":"standard","meta":{"footnotes":""},"categories":[1],"tags":[],"_links":{"self":[{"href":"http:\/\/mymobilebooster.com\/forum\/wp-json\/wp\/v2\/posts\/11027"}],"collection":[{"href":"http:\/\/mymobilebooster.com\/forum\/wp-json\/wp\/v2\/posts"}],"about":[{"href":"http:\/\/mymobilebooster.com\/forum\/wp-json\/wp\/v2\/types\/post"}],"author":[{"embeddable":true,"href":"http:\/\/mymobilebooster.com\/forum\/wp-json\/wp\/v2\/users\/1"}],"replies":[{"embeddable":true,"href":"http:\/\/mymobilebooster.com\/forum\/wp-json\/wp\/v2\/comments?post=11027"}],"version-history":[{"count":1,"href":"http:\/\/mymobilebooster.com\/forum\/wp-json\/wp\/v2\/posts\/11027\/revisions"}],"predecessor-version":[{"id":11028,"href":"http:\/\/mymobilebooster.com\/forum\/wp-json\/wp\/v2\/posts\/11027\/revisions\/11028"}],"wp:attachment":[{"href":"http:\/\/mymobilebooster.com\/forum\/wp-json\/wp\/v2\/media?parent=11027"}],"wp:term":[{"taxonomy":"category","embeddable":true,"href":"http:\/\/mymobilebooster.com\/forum\/wp-json\/wp\/v2\/categories?post=11027"},{"taxonomy":"post_tag","embeddable":true,"href":"http:\/\/mymobilebooster.com\/forum\/wp-json\/wp\/v2\/tags?post=11027"}],"curies":[{"name":"wp","href":"https:\/\/api.w.org\/{rel}","templated":true}]}}