{"id":1121,"date":"2020-09-20T09:48:39","date_gmt":"2020-09-20T09:48:39","guid":{"rendered":"http:\/\/mymobilebooster.com\/forum\/?p=1121"},"modified":"2020-09-19T13:14:01","modified_gmt":"2020-09-19T13:14:01","slug":"rencontres-internationales-du-livre-de-montagne","status":"publish","type":"post","link":"http:\/\/mymobilebooster.com\/forum\/2020\/09\/20\/rencontres-internationales-du-livre-de-montagne\/","title":{"rendered":"Rencontres Internationales Du Livre De Montagne"},"content":{"rendered":"<p><img decoding=\"async\" src=\"http:\/\/img.over-blog-kiwi.com\/1\/25\/03\/45\/20150315\/ob_478084_la-montagne-chatel-g-060315.jpg\" alt=\"rencontres internationales du livre de montagne\" align=\"center\"> Exposition collective Mus\u00e9e dArt Moderne-Salvador de Bahia John-Foster-Dulles Allee 10, 10557 Berlin M\u00e9tro: lignes S5, S7, S9, S75, station: Hauptbahnhof Entr\u00e9e libre La Direction est un studio design graphique lyonnais, fond\u00e9 en 2013 par Aur\u00e9lien Arnaud et Elsa Audouin. Leur travail sarticule principalement autour de projets didentit\u00e9s dans le domaine culturel, allant de l\u00e9dition \u00e0 la sc\u00e9nographie en passant par lanimation et la conception de site web. La Rencontre internationale du livre de montagne dArolla pr\u00e9sente sa 14e \u00e9dition du 5 au 7 juillet. Nouveau venu \u00e0 succ\u00e8s dans le milieu, le polar daltitude est un style qui interpelle At once sober and enigmatic, The Partition reflects on singularity, alienation and intangible windows in the wider context of a shifting techno-capitalist environment. \u0391\u03bd\u03b4\u03c1\u03b9\u03ba\u03ae \u03b2\u03b5\u03c1\u03bc\u03bf\u03cd\u03b4\u03b1 Funky Buddha FBM002-03118-1-\u039c\u03c0\u03ad\u03b6-28 with size 28 have a stock of 2.0000 Conservation et restauration des biens culturels patrimoniaux   <img decoding=\"async\" src=\"http:\/\/www.les-passionnes-de-bouquins.com\/image\/event\/1536159501_6U6UicEjSCElquIyAKlC.jpg\" alt=\"rencontres internationales du livre de montagne\" align=\"right\"> Enorme les deux frangins, une t\u00e9l\u00e9 qui ne fonctionne que pour la m\u00e9t\u00e9o  Le 10 janvier 2009. Maires de montagne sous la troisi\u00e8me R\u00e9publique : Corse et V\u00e9subie, par Jean-Paul Pellegrinetti, ma\u00eetre de conf\u00e9rences en histoire contemporaine. Une \u00e9dition marqu\u00e9e par un public toujours plus nombreux, une s\u00e9lection unique, et une ambiance Dans larri\u00e8re-pays ni\u00e7ois, non loin du village de Puget-Rostang, la ferme de Bertrik, g\u00e9r\u00e9e par l\u00e9comus\u00e9e de la Roudoule, accueille ce dimanche la rencontre Fruits l\u00e9gumes, ax\u00e9e sur le pois chiche et la lentille. Le programme comprend le modelage dun jardin miniature, un march\u00e9 et un repas autour dune pot\u00e9e de pois chiches 15, pour lequel la r\u00e9servation est obligatoire. \u0398\u03b5\u03c3\u03b5\u03b9\u03c2 \u03b5\u03c1\u03b3\u03b1\u03c3\u03b9\u03b1\u03c2 \u03c3\u03b5 \u03c4\u03b7\u03bb\u03b5\u03c6\u03c9\u03bd\u03b9\u03ba\u03b1 \u03ba\u03b5\u03bd\u03c4\u03c1\u03b1 \u03b8\u03b5\u03c3\u03c3\u03b1\u03bb\u03bf\u03bd\u03b9\u03ba\u03b7 \u03bc\u03b5\u03b3\u03ac\u03bb\u03bf\u03c5 \u03b1\u03bb\u03b5\u03be\u03ac\u03bd\u03b4\u03c1\u03bf\u03c5 3 \u03b1\u03b8\u03ae\u03bd\u03b1 \u03a3\u03b5 \u03b1\u03c0\u03cc\u03b8\u03b5\u03bc\u03b1 \u03c0\u03b9\u03bf \u03c6\u03b8\u03b7\u03bd\u03bf \u03ba\u03c4\u03b5\u03bf \u03a0\u0391\u03a1\u0391\u0394\u039f\u03a3\u0397 \u03a3\u0395 1-3 \u0397\u039c\u0395\u03a1\u0395\u03a3 Nouveaux outils dinscription \u00e0 disposition des ayants droits. Universit\u00e9 Paris I Panth\u00e9on-Sorbonne Technische Universit\u00e4t de Berlin En tous cas, notre Association-demain dutilit\u00e9 publique-poss\u00e8de, je ne Je cache pas, une priorit\u00e9 de fait et une option morale sur les efforts financiers qui restent \u00e0 accomplir pour le compte des industries graphiques, sur le territoire de la commune John-Foster-Dulles Allee 10, 10557 Berlin M\u00e9tro: lignes S5, S7, S9, S75, station: Hauptbahnhof Entr\u00e9e libre <img decoding=\"async\" src=\"http:\/\/www.champery.ch\/phpThumb\/phpThumb.php?zc=1&#038;w=317&#038;h=162&#038;src=http:\/\/static.apidae-tourisme.com\/filestore\/objets-touristiques\/images\/85\/172\/3189845.jpg\" alt=\"rencontres internationales du livre de montagne\" align=\"left\"> Universit\u00e9 Lille 3 Charles de Gaulle \u00c9cole du Louvre La soci\u00e9t\u00e9 historique de New York et sa galerie dart dans le paysage artistique de la ville de 1832 \u00e0 1873 \u03b9\u03ba\u03c5 \u03b5\u03ba\u03bf \u03c0\u03bf\u03c4\u03b5 \u03b8\u03b1 \u03bc\u03c0\u03bf\u03c5\u03bd \u03c4\u03b1 \u03bb\u03b5\u03c6\u03c4\u03b1 \u03bc\u03b5\u03b3\u03b1\u03bb\u03bf\u03c5 \u03b1\u03bb\u03b5\u03be\u03b1\u03bd\u03b4\u03c1\u03bf\u03c5 3 \u03bc\u03b5\u03c4\u03b1\u03be\u03bf\u03c5\u03c1\u03b3\u03b5\u03b9\u03bf \u0391\u03b3\u03bf\u03c1\u03ac\u03c3\u03c4\u03b5 \u03bc\u03b5 \u03b1\u03c3\u03c6\u03ac\u03bb\u03b5\u03b9\u03b1, \u03b1\u03be\u03b9\u03bf\u03c0\u03b9\u03c3\u03c4\u03af\u03b1 \u03ba\u03b1\u03b9 \u03b4\u03c9\u03c1\u03b5\u03ac\u03bd \u03bc\u03b5\u03c4\u03b1\u03c6\u03bf\u03c1\u03b9\u03ba\u03ac. Universit\u00e9 de Palerme \u00c9cole Polithecnique, D\u00e9partement dArchitecture Fabrication du P\u00e8re Rullier 30, rue C\u00e9lestin Freppaz-73700 S\u00e9ez France Du 7 juillet au 15 ao\u00fbt 2008. France et Italie, haute Maurienne.<\/p>\n","protected":false},"excerpt":{"rendered":"<p>rencontres internationales du livre de montagne<\/p>\n","protected":false},"author":1,"featured_media":0,"comment_status":"closed","ping_status":"closed","sticky":false,"template":"","format":"standard","meta":{"footnotes":""},"categories":[1],"tags":[],"_links":{"self":[{"href":"http:\/\/mymobilebooster.com\/forum\/wp-json\/wp\/v2\/posts\/1121"}],"collection":[{"href":"http:\/\/mymobilebooster.com\/forum\/wp-json\/wp\/v2\/posts"}],"about":[{"href":"http:\/\/mymobilebooster.com\/forum\/wp-json\/wp\/v2\/types\/post"}],"author":[{"embeddable":true,"href":"http:\/\/mymobilebooster.com\/forum\/wp-json\/wp\/v2\/users\/1"}],"replies":[{"embeddable":true,"href":"http:\/\/mymobilebooster.com\/forum\/wp-json\/wp\/v2\/comments?post=1121"}],"version-history":[{"count":1,"href":"http:\/\/mymobilebooster.com\/forum\/wp-json\/wp\/v2\/posts\/1121\/revisions"}],"predecessor-version":[{"id":1122,"href":"http:\/\/mymobilebooster.com\/forum\/wp-json\/wp\/v2\/posts\/1121\/revisions\/1122"}],"wp:attachment":[{"href":"http:\/\/mymobilebooster.com\/forum\/wp-json\/wp\/v2\/media?parent=1121"}],"wp:term":[{"taxonomy":"category","embeddable":true,"href":"http:\/\/mymobilebooster.com\/forum\/wp-json\/wp\/v2\/categories?post=1121"},{"taxonomy":"post_tag","embeddable":true,"href":"http:\/\/mymobilebooster.com\/forum\/wp-json\/wp\/v2\/tags?post=1121"}],"curies":[{"name":"wp","href":"https:\/\/api.w.org\/{rel}","templated":true}]}}