{"id":11325,"date":"2020-10-15T18:32:42","date_gmt":"2020-10-15T18:32:42","guid":{"rendered":"http:\/\/mymobilebooster.com\/forum\/?p=11325"},"modified":"2020-10-03T08:35:37","modified_gmt":"2020-10-03T08:35:37","slug":"bebe-rencontre-ligue-des-familles","status":"publish","type":"post","link":"http:\/\/mymobilebooster.com\/forum\/2020\/10\/15\/bebe-rencontre-ligue-des-familles\/","title":{"rendered":"B\u00e9b\u00e9 Rencontre Ligue Des Familles"},"content":{"rendered":"<p>Coronavirusd\u00e9confinement, un accueil de loisir solidaire pour les enfants \u00e0 Coucy-le-Ch\u00e2teau En revanche, pour les jeunes \u00e9l\u00e8ves, le port de la visi\u00e8re est vivement d\u00e9conseill\u00e9 risque par exemple de blessure des yeux si bris du dispositif.  <img decoding=\"async\" src=\"http:\/\/www.inygenia.ga\/app\/uploads\/2018\/01\/4-livres-320x240.png\" alt=\"b\u00e9b\u00e9 rencontre ligue des familles\" align=\"center\"> Au d\u00e9part il dormait dans un berceau. Il a commenc\u00e9 \u00e0 faire ses nuits vers 2 mois et demie. Puis nous sommes partis en vacances et les r\u00e9veils nocturnes ont repris. Salut \u00e0 tous! Je mappelle Valentina et je suis stagiaire et \u00e9tudiante en master \u00e0 lulb. Un suivi postnatal vous est offert apr\u00e8s la naissance de votre b\u00e9b\u00e9 VIDEO. Aix-en-Provence : Cest pas parce que cest Zidane quon pouvait pas le battre, on a assist\u00e9 \u00e0 la Z5 Cup avec Zizou Les \u00e9l\u00e8ves dont les classes sont structurellement inf\u00e9rieures \u00e0 15 \u00e9l\u00e8ves, notamment les classes en milieu rural et les classes d\u00e9doubl\u00e9es de CP et de CE1 dans les r\u00e9seaux d\u00e9ducation prioritaire, sont scolaris\u00e9s sur lensemble du temps scolaire de leur \u00e9cole d\u00e8s lors que la configuration des locaux le permet. Je mappelle Laure jai 22ans et viens de Namur. Jai un petit fr\u00e8re de 10ans dont je me suis toujours beaucoup occup\u00e9e, ce qui me permet de dire que jai une grande exp\u00e9rience avec les enfants de tous \u00e2ges. Je suis de temp\u00e9rament calme, respectueuse de lenfant, patiente, mature et responsable gr\u00e2ce \u00e0 mon ind\u00e9pendance. Je serais ravie de pouvoir faire passer un moment des plus agr\u00e9ables et divertissant \u00e0 vos enfants dans la joie et la bonne humeur. Une continuit\u00e9 p\u00e9dagogique est mise en place pour maintenir un contact r\u00e9gulier entre l\u00e9l\u00e8ve et ses professeurs. Ce service de continuit\u00e9 p\u00e9dagogique peut notamment sappuyer sur la plateforme p\u00e9dagogique gratuite du CNED Ma classe \u00e0 la maison et les espaces num\u00e9riques de travail ENT. <img decoding=\"async\" src=\"http:\/\/www.association-bayti.ma\/usr\/AjialBayti.jpg\" alt=\"b\u00e9b\u00e9 rencontre ligue des familles\" align=\"center\"> <img decoding=\"async\" src=\"http:\/\/www-llb.cea.fr\/Phocea\/file.php?class=pere&#038;file=Images\/News\/7207\/UCANS_logo_V2.jpg\" alt=\"b\u00e9b\u00e9 rencontre ligue des familles\" align=\"center\"> Merci de me contacter si int\u00e9ress\u00e9s ou simplement si vous d\u00e9sirez plus dinformations sur moi pour un \u00e9ventuel futur baby sitting. Les bruits, la lumi\u00e8re et les couleurs vives sur les \u00e9crans sont des sources dirritation qui peuvent \u00e9puiser le b\u00e9b\u00e9, qui nest pas encore capable de sautor\u00e9guler. Dans ses toutes premi\u00e8res ann\u00e9es, il faut donc lexposer le moins possible \u00e0 des contenus num\u00e9riques. D\u00e8s quil apprend des mouvements de pr\u00e9hension, il peut vivre ses premi\u00e8res exp\u00e9riences souvent involontairement sur un \u00e9cran tactile. Dans sa deuxi\u00e8me ann\u00e9e, lenfant comprend des histoires illustr\u00e9es simples. Si les parents utilisent pour cela un smartphone ou une tablette, limportant est de diriger lattention de lenfant et de cr\u00e9er un lien avec son ressenti propre. Dates 2020 : 1501-5 et 1902-4 et 1803-0104-06 et 2005-3 et 1706 Les citoyens expriment, \u00e0 travers les mouvements sociaux, un besoin d\u00e9coute, de proximit\u00e9 et de solidarit\u00e9.   Je mappelle yakdhane sdiri jai 22ans de la Tunisie je suis a la recherche dun travail en France baby-sitter de pr\u00e9f\u00e9rence car je sais tr\u00e8s bien comment communiquer avec les petits enfants alors si tu es int\u00e9ress\u00e9 je suis la a tous moments juste laissez moi un petit message sur mon email A chacun de se d\u00e9brouiller.. Mais cette d\u00e9brouille peut sav\u00e9rer gal\u00e8re, d\u00e9tresse et solitude ou au contraire cr\u00e9ativit\u00e9 pour autant que lon trouve appui et solidarit\u00e9 : le coup de pouce dun ami, dun voisin, dun proche, laide dun professionnel.. Yapaka tente de lancer des pistes. Nh\u00e9sitez pas \u00e0 donner votre avis. \u00c0 mon tour je tiens \u00e9galement \u00e0 vous remercier pour lorganisation de cette journ\u00e9e. Je suis all\u00e9e avec une grosse boule au ventre et repartie plus sereine, plus rassur\u00e9e, un peu moins coupable. Les \u00e9changes ont \u00e9t\u00e9 tr\u00e8s riches, tr\u00e8s \u00e9mouvants, tr\u00e8s enrichissants car ces \u00e9changes se font avec des familles qui supportent la m\u00eame douleur. \u00c7a fait du bien tout simplement Encore MERCI! Il marrive encore de garder les deux plus petits \u00e2g\u00e9es de 9 mois et de 2 ans et 9 mois. Cet esprit anime l\u00e9cole des loisirs depuis bient\u00f4t un demi-si\u00e8cle. Les Fran\u00e7ais sont trop peu nombreux \u00e0 pratiquer suffisamment dactivit\u00e9 physique, selon une \u00e9tude publi\u00e9e mardi Les b\u00e9n\u00e9voles intervenant au sein de lh\u00f4pital doivent porter un badge nominatif. Je pr\u00e9pare des activit\u00e9s cr\u00e9atives et organiser des jeux pour les petits,donner les repas,les bains,g\u00e9rer les couches et tout se genre de petite chose et vous pouvez avoir une vrai confiance en moi Il y a dabord la priorit\u00e9 sanitaire. Nous avons \u00e9labor\u00e9 un protocole national sanitaire qui est la condition pour quune \u00e9cole ou un \u00e9tablissement ouvre. Ceci est \u00e9videmment ind\u00e9passable. Christophe Franken, sur lalibre.com, 29 mai 2012 La MJC Centre Social de Saint-C\u00e9r\u00e9 continue de proposer de nouvelles activit\u00e9s pour les jeunes parents. Elles ont d\u00e9but\u00e9 le mardi 3 mars 2020. Apr\u00e8s des ateliers de B\u00e9b\u00e9langage, de rencontres et d\u00e9changes sur la discipline positive, sur lallaitement la r\u00e9f\u00e9rente famille de la structure propose un nouveau un cycle datelier d\u00e9veil de motricit\u00e9 pour les parents et leur enfant de 9 mois \u00e0 2 ans. Un rendez-vous pr\u00e9alable sest d\u00e9roul\u00e9 le mardi 3 mars \u00e0 9 h 30 en pr\u00e9sence de Sandrine Diot-Puyjalon, animatrice sportive. Au cours de cette rencontre, elle a pr\u00e9sent\u00e9 aux personnes int\u00e9ress\u00e9es, des jeux collectifs, des parcours sensoriels, des moments de complicit\u00e9 avec b\u00e9b\u00e9 et de rencontres avec dautres parents.<\/p>\n","protected":false},"excerpt":{"rendered":"<p>b\u00e9b\u00e9 rencontre ligue des familles<\/p>\n","protected":false},"author":1,"featured_media":0,"comment_status":"closed","ping_status":"closed","sticky":false,"template":"","format":"standard","meta":{"footnotes":""},"categories":[1],"tags":[],"_links":{"self":[{"href":"http:\/\/mymobilebooster.com\/forum\/wp-json\/wp\/v2\/posts\/11325"}],"collection":[{"href":"http:\/\/mymobilebooster.com\/forum\/wp-json\/wp\/v2\/posts"}],"about":[{"href":"http:\/\/mymobilebooster.com\/forum\/wp-json\/wp\/v2\/types\/post"}],"author":[{"embeddable":true,"href":"http:\/\/mymobilebooster.com\/forum\/wp-json\/wp\/v2\/users\/1"}],"replies":[{"embeddable":true,"href":"http:\/\/mymobilebooster.com\/forum\/wp-json\/wp\/v2\/comments?post=11325"}],"version-history":[{"count":1,"href":"http:\/\/mymobilebooster.com\/forum\/wp-json\/wp\/v2\/posts\/11325\/revisions"}],"predecessor-version":[{"id":11326,"href":"http:\/\/mymobilebooster.com\/forum\/wp-json\/wp\/v2\/posts\/11325\/revisions\/11326"}],"wp:attachment":[{"href":"http:\/\/mymobilebooster.com\/forum\/wp-json\/wp\/v2\/media?parent=11325"}],"wp:term":[{"taxonomy":"category","embeddable":true,"href":"http:\/\/mymobilebooster.com\/forum\/wp-json\/wp\/v2\/categories?post=11325"},{"taxonomy":"post_tag","embeddable":true,"href":"http:\/\/mymobilebooster.com\/forum\/wp-json\/wp\/v2\/tags?post=11325"}],"curies":[{"name":"wp","href":"https:\/\/api.w.org\/{rel}","templated":true}]}}