{"id":11501,"date":"2020-10-15T19:47:40","date_gmt":"2020-10-15T19:47:40","guid":{"rendered":"http:\/\/mymobilebooster.com\/forum\/?p=11501"},"modified":"2020-10-03T14:34:11","modified_gmt":"2020-10-03T14:34:11","slug":"rencontres-cnsa","status":"publish","type":"post","link":"http:\/\/mymobilebooster.com\/forum\/2020\/10\/15\/rencontres-cnsa\/","title":{"rendered":"Rencontres Cnsa"},"content":{"rendered":"<p><img decoding=\"async\" src=\"http:\/\/www.etrehandicap.com\/wp-content\/uploads\/2013\/11\/cas-critiques-ldef.jpg\" alt=\"rencontres cnsa\" align=\"center\"> 12 et 13 d\u00e9cembre : S\u00e9minaire des directeurs de MDPH organis\u00e9 par la CNSA. 8 et 9 novembre, \u00e0 Rennes : 88 e Congr\u00e8s de lAssembl\u00e9e des d\u00e9partements de France ADF. Pour Genevi\u00e8ve Mannarino, repr\u00e9sentante de lADF, cette journ\u00e9e de d\u00e9bats autour de la n\u00e9cessit\u00e9 dune collaboration tenant compte de toutes les sp\u00e9cificit\u00e9s a mis en exergue le besoin de mettre les personnes au c\u0153ur et de capitaliser sur ces belles initiatives afin de bouger les curseurs et de sengager dans la transformation de loffre. Jeudi 14 mars : R\u00e9union du Conseil de l\u00e2ge du Haut conseil de la famille, de lenfance et de l\u00e2ge HCFEA. La Caisse nationale de solidarit\u00e9 pour lautonomie a r\u00e9uni pendant deux jours chercheurs, professionnels, d\u00e9cideurs et personnes en situation de handicap ou de perte dautonomie pour \u00e9changer sur un th\u00e8me au c\u0153ur de lambition politique des politiques de compensation : favoriser la qualit\u00e9 de vie des personnes en situation de handicap ou de perte dautonomie. Pr\u00eats \u00e0 innover? Participez aux Rencontres de la Recherche et de lInnovation en Hauts-de-France du 18 au 30 novembre 2019!  Retour en images sur les Deuxi\u00e8mes rencontres nationales D\u00e9partements CNSA CNSA  A noter : votre adh\u00e9sion est personnelle, elle nest pas souscrite au nom de votre Etablissement. Site dinformation institutionnelle et professionnelle <img decoding=\"async\" src=\"http:\/\/www.gretsi.fr\/colloque2015\/images\/slides\/lyon1c.jpg\" alt=\"rencontres cnsa\" align=\"left\"> Au sud de Nantes, Vertou est lune des communes les plus verdoyantes de lagglom\u00e9ration. Berc\u00e9e par la S\u00e8vre nantaise, elle se situe aux portes du vignoble. Jeudi 14 novembre, Cherbourg-Octeville Manche : La F\u00e9d\u00e9ration des acteurs de la solidarit\u00e9 organise un colloque national Violences intrafamiliales et justice sur le th\u00e8me : Quelles articulations et quelle coh\u00e9rence entre le cadre l\u00e9gal et laccompagnement des personnes?. Inventer l\u00e9tablissement de demain : augmenter le niveau de pr\u00e9sence aupr\u00e8s des r\u00e9sidents en visant une augmentation de 25 du taux dencadrement dans les EHPAD ; sauter le pas dune simplification tarifaire pour donner de la souplesse aux gestionnaires ; fusionner les sections soin et d\u00e9pendance en EHPAD ; Mercredi 27 mars : Lancement de la concertation Protection de lenfance par Adrien Taquet, secr\u00e9taire dEtat aupr\u00e8s de la ministre des Solidarit\u00e9s et de la Sant\u00e9. Mardi 2 juillet : R\u00e9union \u00e0 lAssembl\u00e9e nationale de la Mission dinformation sur les enfants sans identit\u00e9. Mercredi 4 mars : R\u00e9union \u00e0 lAssembl\u00e9e nationale de la Mission d\u00e9valuation et de contr\u00f4le des lois de financement de la s\u00e9curit\u00e9 sociale. 27 et 28 mars : Discussion \u00e0 lAssembl\u00e9e nationale de la proposition de loi relative au droit de r\u00e9siliation sans frais de contrats de compl\u00e9mentaire sant\u00e9. Par contre si V164 p\u00e8te cest nos impots qui partent en fum\u00e9e expertiser des mod\u00e8les de financement dont une synth\u00e8se des travaux sera remise en juin 2019 selon les modalit\u00e9s et le calendrier de travail convenus ; Apprendre \u00e0 questionner nos pratiques, nos services, nos politiques en partant du point de vue des personnes Jeudi 6 f\u00e9vrier, \u00e0 Lyon : Le Tour de France des r\u00e9gions du num\u00e9rique en sant\u00e9 fait \u00e9tape en r\u00e9gion Auvergne-Rh\u00f4ne-Alpes.  Rencontres scientifiques de la CNSA le 12 et 13 d\u00e9cembre \u00e0 Paris : Autonomie et qualit\u00e9 de vie : entre pratiques et aspirations Pro Aid Autisme De nombreuses animations sont propos\u00e9es dans toute la France \u00e0 loccasion de la, \u00e9galement appel\u00e9e Semaine Bleue. Avant d\u00eatre affich\u00e9, votre message devra \u00eatre valid\u00e9 via un mail que vous recevrez. <img decoding=\"async\" src=\"http:\/\/penopolwy.tk\/wp-content\/uploads\/visuel\/newsaint-brieuc-armor-agglom%C3%A9ration%20logo.jpg\" alt=\"rencontres cnsa\" align=\"right\">.<\/p>\n","protected":false},"excerpt":{"rendered":"<p>rencontres cnsa<\/p>\n","protected":false},"author":1,"featured_media":0,"comment_status":"closed","ping_status":"closed","sticky":false,"template":"","format":"standard","meta":{"footnotes":""},"categories":[1],"tags":[],"_links":{"self":[{"href":"http:\/\/mymobilebooster.com\/forum\/wp-json\/wp\/v2\/posts\/11501"}],"collection":[{"href":"http:\/\/mymobilebooster.com\/forum\/wp-json\/wp\/v2\/posts"}],"about":[{"href":"http:\/\/mymobilebooster.com\/forum\/wp-json\/wp\/v2\/types\/post"}],"author":[{"embeddable":true,"href":"http:\/\/mymobilebooster.com\/forum\/wp-json\/wp\/v2\/users\/1"}],"replies":[{"embeddable":true,"href":"http:\/\/mymobilebooster.com\/forum\/wp-json\/wp\/v2\/comments?post=11501"}],"version-history":[{"count":1,"href":"http:\/\/mymobilebooster.com\/forum\/wp-json\/wp\/v2\/posts\/11501\/revisions"}],"predecessor-version":[{"id":11502,"href":"http:\/\/mymobilebooster.com\/forum\/wp-json\/wp\/v2\/posts\/11501\/revisions\/11502"}],"wp:attachment":[{"href":"http:\/\/mymobilebooster.com\/forum\/wp-json\/wp\/v2\/media?parent=11501"}],"wp:term":[{"taxonomy":"category","embeddable":true,"href":"http:\/\/mymobilebooster.com\/forum\/wp-json\/wp\/v2\/categories?post=11501"},{"taxonomy":"post_tag","embeddable":true,"href":"http:\/\/mymobilebooster.com\/forum\/wp-json\/wp\/v2\/tags?post=11501"}],"curies":[{"name":"wp","href":"https:\/\/api.w.org\/{rel}","templated":true}]}}