{"id":11507,"date":"2020-10-15T14:27:42","date_gmt":"2020-10-15T14:27:42","guid":{"rendered":"http:\/\/mymobilebooster.com\/forum\/?p=11507"},"modified":"2020-10-03T14:59:56","modified_gmt":"2020-10-03T14:59:56","slug":"point-de-rencontre-l-arche","status":"publish","type":"post","link":"http:\/\/mymobilebooster.com\/forum\/2020\/10\/15\/point-de-rencontre-l-arche\/","title":{"rendered":"Point De Rencontre L Arche"},"content":{"rendered":"<p>D\u00e8s la naissance, lenfant met tout en \u0153uvre pour parvenir \u00e0 la verticalisation et \u00e0 la marche : cest, selon Yannick Thomas, le propre de lhumain. Tout son d\u00e9veloppement sensoriel, physiologique et physique converge vers cet objectif : il apprend \u00e0 redresser la t\u00eate, \u00e0 sasseoir, \u00e0 se lever.. Voici les principales \u00e9tapes de lacquisition de la marche. Les croisi\u00e9ristes ont commenc\u00e9 \u00e0 sombrer bien avant la pand\u00e9mie de Covid-19 Http:ville-villepinte.frwp-contentuploads202005IMG_6298-scaled.jpg 1707 2560 CC_lemeur-78 wp-contentuploads201606ville-villepinte.png CC_lemeur-78 2020-05-29 10:23:40 2020-05-29 17:22:28 Ouverture des parcs et jardins le 30 mai 2020 Les communaut\u00e9s de LArche sont des associations qui accueillent des personnes ayant un handicap mental. \u00c0 LArche vivent et travaillent ensemble des femmes et hommes handicap\u00e9s mentaux et ceux qui les accompagnent. Chaque communaut\u00e9 regroupe des lieux dh\u00e9bergement, appel\u00e9s foyers, et de travail Centres daccueil de jour, ESAT. Seconde ou premi\u00e8re ou des chocs doffre terminale. Jai \u00e9galement le regard des professionnels de la petite enfance. Chaque enfant a son propre rythme. Je conseille regulierement aux parents de lire le livre sur la motricit\u00e9 libre. LEveil de votre enfant de Chantal de Truchis. Une vraie mine dor! <img decoding=\"async\" src=\"http:\/\/www.tempeustwo.tk\/sites\/default\/files\/grande_VDA_0008.JPG\" alt=\"point de rencontre l arche\" align=\"left\">-Cheveux : Brun p\u00e2le-165 cm-Statut civil: S\u00e9par\u00e9-Silhouette : Moyen Accepter Fermer la banni\u00e8re davertissement sur les cookies Le site de Pont-de-lArche, d\u00e9sign\u00e9 sous le nom de Archas, ou Pontem Archas, nest r\u00e9ellement connu par les textes quau d\u00e9but du XIe si\u00e8cle. Il est m\u00eame mentionn\u00e9 comme port de Damps, ville situ\u00e9e \u00e0 c\u00f4t\u00e9 de Pont-de-lArche. La ville naurait donc \u00e9t\u00e9 \u00e0 cette \u00e9poque quun regroupement de quelques habitations autour du pont, lun des tous premiers et lun des rares sur la Seine, d\u00e9pendant du village voisin. Et de croissance. Dans ce cas, pourtant, comment expliquer la formidable Les personnes ayant une d\u00e9ficience intellectuelle vivent dans lombre dune vision persistante-pr\u00e9sente dans toutes les cultures-quelles sont ind\u00e9sirables. Cest une des injustices importantes de notre monde. Cest une chose que nous pouvons changer. La Web s\u00e9rie de LArche internationale Je suis comme je suis est une invitation \u00e0 imaginer le monde diff\u00e9remment et \u00e0 se r\u00e9jouir d\u00eatre qui vous \u00eates comme vous \u00eates.  Apr\u00e8s 4 ans de travaux, et avec laide des quelques 2 000 ouvriers, La Grande Arche est inaugur\u00e9e le 14 juillet 1989 lors du bicentenaire de la R\u00e9volution Fran\u00e7aise et \u00e0 loccasion du G7. En 1986, \u00e0 lissue de diff\u00e9rents d\u00e9saccords, Otto Von Spreckelsen abandonne la direction du projet. Il est achev\u00e9 par larchitecte fran\u00e7ais Paul Andreu. Jean-Marc Proust 11 juin 2020 Temps de lecture : 7 min  <img decoding=\"async\" src=\"http:\/\/www.arche-editeur.com\/img\/accueil\/picture_id241_big.jpg\" alt=\"point de rencontre l arche\" align=\"left\"> La gestion des ehpads et des r\u00e9sidences autonomie  La deuxi\u00e8me grande innovation de Jean Vanier est donc la cr\u00e9ation dun cadre communautaire convivial. Les foyers de vie qui composent lArche, recr\u00e9ent des cellules de type familial o\u00f9 personnes fragiles, \u00e9ducateurs et volontaires vivent ensemble en cherchant \u00e0 y \u00eatre heureux, \u00e0 l\u00e9coute des besoins et des d\u00e9sirs des personnes accueillies. La personne fragile est au c\u0153ur de ces foyers de vie con\u00e7us pour elle, adapt\u00e9s \u00e0 ses besoins particuliers. Elle y a une place reconnue qui lui permet de rendre des services \u00e0 sa port\u00e9e et dy d\u00e9velopper tous ses potentiels. Parall\u00e8lement, elle y re\u00e7oit les aides sp\u00e9cifiques et professionnelles dont elle a besoin. Il y a pour les personnes fragiles un avant et un apr\u00e8s leur accueil \u00e0 lArche. Autrefois, la personne fragile avait souvent une image n\u00e9gative delle-m\u00eame, le regard des autres la ramenant sans cesse \u00e0 son handicap. Son ancien cadre de vie ne lui avait pas toujours permis de d\u00e9velopper ses qualit\u00e9s, de satisfaire ses d\u00e9sirs de vivre et de grandir. Souvent une surprotection lui interdisait de prendre des risques et de sortir des chemins battus. \u00c0 LArche, dans ce cadre con\u00e7u pour elle et avec elle, elle devient un pilier des f\u00eates o\u00f9 elle peut faire preuve de cr\u00e9ativit\u00e9, dallant, de joie communicative. \u00c0 lArche ce qui frappe dabord, cest quon y retrouve le go\u00fbt de la f\u00eate. Chacun peut y d\u00e9couvrir quil nest pas n\u00e9cessaire de boire de lalcool, de se faire des cadeaux co\u00fbteux, de d\u00e9penser beaucoup dargent. Partager un bon repas, chanter, danser ensemble dans la bonne humeur, cr\u00e9e une joie profonde et communicative. La a fait de Louviers le de ladministration locale car le r\u00f4le militaire de Pont-de-lArche \u00e9tait d\u00e9pass\u00e9 par la prosp\u00e8re industrie manufacturi\u00e8re lov\u00e9rienne, ville plus peupl\u00e9e. Cest \u00e0 cette \u00e9poque que le fort de la rive droite, le, fut d\u00e9truit. <img decoding=\"async\" src=\"http:\/\/img.over-blog-kiwi.com\/0\/98\/35\/73\/20170609\/ob_50116b_img-0539.JPG\" alt=\"point de rencontre l arche\" align=\"right\">.<\/p>\n","protected":false},"excerpt":{"rendered":"<p>point de rencontre l arche<\/p>\n","protected":false},"author":1,"featured_media":0,"comment_status":"closed","ping_status":"closed","sticky":false,"template":"","format":"standard","meta":{"footnotes":""},"categories":[1],"tags":[],"_links":{"self":[{"href":"http:\/\/mymobilebooster.com\/forum\/wp-json\/wp\/v2\/posts\/11507"}],"collection":[{"href":"http:\/\/mymobilebooster.com\/forum\/wp-json\/wp\/v2\/posts"}],"about":[{"href":"http:\/\/mymobilebooster.com\/forum\/wp-json\/wp\/v2\/types\/post"}],"author":[{"embeddable":true,"href":"http:\/\/mymobilebooster.com\/forum\/wp-json\/wp\/v2\/users\/1"}],"replies":[{"embeddable":true,"href":"http:\/\/mymobilebooster.com\/forum\/wp-json\/wp\/v2\/comments?post=11507"}],"version-history":[{"count":1,"href":"http:\/\/mymobilebooster.com\/forum\/wp-json\/wp\/v2\/posts\/11507\/revisions"}],"predecessor-version":[{"id":11508,"href":"http:\/\/mymobilebooster.com\/forum\/wp-json\/wp\/v2\/posts\/11507\/revisions\/11508"}],"wp:attachment":[{"href":"http:\/\/mymobilebooster.com\/forum\/wp-json\/wp\/v2\/media?parent=11507"}],"wp:term":[{"taxonomy":"category","embeddable":true,"href":"http:\/\/mymobilebooster.com\/forum\/wp-json\/wp\/v2\/categories?post=11507"},{"taxonomy":"post_tag","embeddable":true,"href":"http:\/\/mymobilebooster.com\/forum\/wp-json\/wp\/v2\/tags?post=11507"}],"curies":[{"name":"wp","href":"https:\/\/api.w.org\/{rel}","templated":true}]}}