{"id":11609,"date":"2020-10-15T00:19:55","date_gmt":"2020-10-15T00:19:55","guid":{"rendered":"http:\/\/mymobilebooster.com\/forum\/?p=11609"},"modified":"2020-10-03T17:57:59","modified_gmt":"2020-10-03T17:57:59","slug":"rencontre-des-musulman-de-france-2012","status":"publish","type":"post","link":"http:\/\/mymobilebooster.com\/forum\/2020\/10\/15\/rencontre-des-musulman-de-france-2012\/","title":{"rendered":"Rencontre Des Musulman De France 2012"},"content":{"rendered":"<p> Dans le respect de la loi de 1905 qui pose le cadre dune la\u00efcit\u00e9 apais\u00e9e, nos propositions visent \u00e0 garantir un meilleur vivre-ensemble plus harmonieux et \u00e0 faciliter le libre exercice des cultes. 5 Le premier ministre, Zulfikar Ali Bhutto, fait alors voter un amendement \u00e0 la Constitution, sur fon -Lenseignement \u00e0 l\u00e9cole de la la\u00efcit\u00e9 sera mieux identifi\u00e9 dans le cadre de linstruction civique <img decoding=\"async\" src=\"http:\/\/images.lpcdn.ca\/569x379\/200712\/02\/1769.jpg\" alt=\"rencontre des musulman de france 2012\" align=\"center\"> \u03c6\u03bf\u03c5\u03c1\u03bd\u03bf\u03c2 \u03c0\u03b5\u03c2 \u03b1\u03bb\u03b5\u03c5\u03c1\u03b9 \u03b8\u03b5\u03c3\u03c3\u03b1\u03bb\u03bf\u03bd\u03b9\u03ba\u03b7 \u0386\u03b3\u03bd\u03c9\u03c3\u03c4\u03b5\u03c2 \u03c0\u03c4\u03c5\u03c7\u03ad\u03c2 \u03c4\u03b7\u03c2 \u03b1\u03c1\u03c7\u03b1\u03af\u03b1\u03c2 \u03b5\u03bb\u03bb\u03b7\u03bd\u03b9\u03ba\u03ae\u03c2 \u03c4\u03b5\u03c7\u03bd\u03bf\u03bb\u03bf\u03b3\u03af\u03b1\u03c2-\u039f\u03b9 Hi-Tech \u03b5\u03c6\u03b5\u03c5\u03c1\u03ad\u03c3\u03b5\u03b9\u03c2 \u03c4\u03c9\u03bd \u03b1\u03c1\u03c7\u03b1\u03af\u03c9\u03bd \u0395\u03bb\u03bb\u03ae\u03bd\u03c9\u03bd Cela nous ram\u00e8ne \u00e0 une r\u00e9alit\u00e9 de terrain qui ne peut \u00eatre contest\u00e9 par personne : le manque, parfois, de lieux de culte, dans notre pays, pour certaines communaut\u00e9s de foi. LUnion europ\u00e9enne na pas toujours \u00e9t\u00e9 aussi vaste quaujourdhui. Lorsque le processus de coop\u00e9ration \u00e9conomique entre pays europ\u00e9ens a d\u00e9but\u00e9, en 1951, seuls lAllemagne, la Belgique, la France, lItalie, le Luxembourg et les Pays-Bas y participaient. Lensemble des publications au Journal officiel des associations et fondations dentreprise JOAFE, ainsi que celles li\u00e9es aux comptes annuels des associations et des organisations syndicales et professionnelles, sont gratuites depuis le 1 er janvier 2020. Cest ce que pr\u00e9voit en effet un arr\u00eat\u00e9 du 25 novembre 2019. Les jeunes, sils sont bien form\u00e9s spirituellement, intellectuellement et professionnellement, ne sont-ils pas, en effet, le premier vecteur du changement? Responsable Dispositif Terre dAmbitions : Ensemble, Investissons sur Notre Territoire <img decoding=\"async\" src=\"http:\/\/img.aws.la-croix.com\/2013\/03\/29\/926921\/Lors-30e-rencontre-annuelle-musulmans-France-vendredi-29-mars-Bourget_1_730_320.jpg\" alt=\"rencontre des musulman de france 2012\" align=\"right\"> Femmes, on vous aime. Cest avec ce titre, \u00e0 vrai dire peu habituel, que le quotidien El Watan saluait la manifestation de femmes alg\u00e9riennes du 22 mars 1994 organis\u00e9e par des associations f\u00e9ministes anti-islamistes. Si on se rappelle le contexte politique crucial que traversait alors lAlg\u00e9rie assassinats de personnalit\u00e9s du monde culturel, menaces de mort contre les femmes qui ne porteraient pas de hijab, affrontements au sein du pouvoir politico-militaire entre les partisans de l\u00e9radication violente des islamistes et les partisans du dialogue pour une solution politique, on comprend lextr\u00eame tension qui r\u00e9gnait et comment les jeux du pouvoir et des autres forces politiques et m\u00e9diatiques en pr\u00e9sence se sont mobilis\u00e9s autour de la question des femmes. <img decoding=\"async\" src=\"http:\/\/www.notre-blog.com\/upload_\/2012\/03\/21\/1332358331-36052.jpg\" alt=\"rencontre des musulman de france 2012\" align=\"right\"> \u03c0\u03c1\u03bf\u03c3\u03c7\u03b5\u03b4\u03b9\u03bf \u03c3\u03c5\u03bc\u03b2\u03b1\u03c3\u03b7\u03c2 \u03b9\u03b1\u03c4\u03c1\u03c9\u03bd \u03bc\u03b5 \u03b5\u03bf\u03c0\u03c5\u03c5 \u0395\u03cd\u03b2\u03bf\u03b9\u03b1-\u03a7\u03b1\u03bb\u03ba\u03af\u03b4\u03b1 Le site calcultice, fruit dune collaboration entre lInspection acad\u00e9mique du 59 et S\u00e9samath, \u00e9diteur, vient de faire peau neuve. Le magazine Hauts-de-France n19 sera distribu\u00e9 dans toutes les bo\u00eetes aux lettres de la r\u00e9gion du 27 au 31 janvier 2020. Ne le ratez pas! \u03bb\u03c5\u03ba\u03b5\u03b9\u03bf \u03b1\u03c0\u03bf\u03c3\u03c4\u03bf\u03bb\u03c9\u03bd \u03c0\u03b5\u03c4\u03c1\u03bf\u03c5 \u03ba\u03b1\u03b9 \u03c0\u03b1\u03c5\u03bb\u03bf\u03c5 \u03bf\u03bc\u03b9\u03bb\u03bf\u03b9 11 \u0399\u03bf\u03c5\u03bb\u03af\u03bf\u03c5 2018 \u03ba\u03c5\u03bd\u03b7\u03b3\u03b9 \u03bf\u03c1\u03c4\u03c5\u03ba\u03b9\u03bf\u03c5 2014 \u03c4\u03b1\u03bc\u03b5\u03b9\u03bf \u03c0\u03b1\u03c1\u03b1\u03ba\u03b1\u03c4\u03b1\u03b8\u03b7\u03ba\u03c9\u03bd \u03ba\u03b1\u03b9 \u03b4\u03b1\u03bd\u03b5\u03b9\u03c9\u03bd \u03b4\u03b1\u03bd\u03b5\u03b9\u03b1 \u03b4\u03b7\u03bc\u03bf\u03c3\u03b9\u03c9\u03bd \u03c5\u03c0\u03b1\u03bb\u03bb\u03b7\u03bb\u03c9\u03bd 14:22 \u03b5\u03c5\u03c4\u03c5\u03c7\u03b9\u03c3\u03bc\u03b5\u03bd\u03bf\u03b9 \u03bc\u03b1\u03b6\u03b9 \u03b5\u03c0\u03b5\u03b9\u03c3\u03bf\u03b4\u03b9\u03bf 42 Produit par la soci\u00e9t\u00e9 qu\u00e9b\u00e9coise Productions Soleil Rouge, Virtuo Sport propose de d\u00e9couvrir et de tester ses talents de sportif virtuel.  A une semaine dintervalle, entre fin f\u00e9vrier et d\u00e9but mars, deux s\u00e9ries dattentats en Isra\u00ebl ont entra\u00een\u00e9 la mort de plusieurs dizaines de personnes et bless\u00e9 gravement des dizaines dautres. Ces attentats ont profond\u00e9ment choqu\u00e9 la soci\u00e9t\u00e9 isra\u00e9lienne par leur localisation, en plein coeur de J\u00e9rusalem et de Tel Aviv, par leur caract\u00e8re r\u00e9p\u00e9titif et par leur forme : attentat.s-suicides dans lesquels un homme se r\u00e9v\u00e8le assez fanatique pour se transformer en bombe humaine. Cette irruption de violence aveugle f\u00fbt dautant plus \u00e9prouvante quelle intervint peu de temps apr\u00e8s les \u00e9lections palestiniennes qui avaient constitu\u00e9 un moment assez exceptionnel puisquelles semhlaient annoncer une rassurante normalisation. Dans ce monde depuis si longtemps d\u00e9chir\u00e9 et tourment\u00e9, un acte, ailleurs aussi banal que des \u00e9lections, prenait soudain une dimension presquexemplaire. Les Palestiniens en tiraient une profonde satisfaction, les hra\u00e9liens un profond soulagement. Tout cela nourrissait lespoir dun avenir moins sombre que tout ce qui avait \u00e9t\u00e9 v\u00e9cu jusqu\u00e0 maintenant. PGRpdiBzdHlsZT0iIiBjbGFzcz0ibWFpbl9iYW5uZXIgdmlzaWJsZS1zbSB2aXNpYmxlLXhzIj4KCQkJPHNjcmlwdCBhc3luYyBzcmM9Ii8vcGFnZWFkMi5nb29nbGVzeW5kaWNhdGlvbi5jb20vcGFnZWFkL2pzL2Fkc2J5Z29vZ2xlLmpzIj48L3NjcmlwdD4NCjwhLS0gQXRoZW5zX0FydGljbGVfSW5saW5lX01vYmlsZSAtLT4NCjxpbnMgY2xhc3M9ImFkc2J5Z29vZ2xlIg0KICAgICBzdHlsZT0iZGlzcGxheTppbmxpbmUtYmxvY2s7d2lkdGg6MzAwcHg7aGVpZ2h0OjI1MHB4Ig0KICAgICBkYXRhLWFkLWNsaWVudD0iY2EtcHViLTU5MzcxNDc4NDM1NzA1MjQiDQogICAgIGRhdGEtYWQtc2xvdD0iMTQ1MTc0MDQ4NiIPC9pbnMDQo8c2NyaXB0Pg0KKGFkc2J5Z29vZ2xlID0gd2luZG93LmFkc2J5Z29vZ2xlIHx8IFtdKS5wdXNoKHt9KTsNCjwvc2NyaXB0PgkJCTwvZGl2Pg \u03b9\u03bd\u03c4\u03c1\u03b1\u03c3\u03c4\u03b1\u03c4 \u03b1\u03c0\u03bf\u03c3\u03c4\u03bf\u03bb\u03b7 \u03b5\u03bd\u03c4\u03c5\u03c0\u03bf 17 \u0391\u03c0\u03c1\u03b9\u03bb\u03af\u03bf\u03c5 2018 \u03ba\u03bb\u03b1\u03b4\u03bf\u03c2 \u03ba\u03b1\u03c4\u03b1\u03c3\u03ba\u03b5\u03c5\u03c9\u03bd 2013 \u03c4\u03bf\u03c0\u03b9\u03ba\u03bf \u03c0\u03b1\u03c7\u03bf\u03c2 \u03ba\u03c1\u03b5\u03bc\u03b1 09:46.<\/p>\n","protected":false},"excerpt":{"rendered":"<p>rencontre des musulman de france 2012<\/p>\n","protected":false},"author":1,"featured_media":0,"comment_status":"closed","ping_status":"closed","sticky":false,"template":"","format":"standard","meta":{"footnotes":""},"categories":[1],"tags":[],"_links":{"self":[{"href":"http:\/\/mymobilebooster.com\/forum\/wp-json\/wp\/v2\/posts\/11609"}],"collection":[{"href":"http:\/\/mymobilebooster.com\/forum\/wp-json\/wp\/v2\/posts"}],"about":[{"href":"http:\/\/mymobilebooster.com\/forum\/wp-json\/wp\/v2\/types\/post"}],"author":[{"embeddable":true,"href":"http:\/\/mymobilebooster.com\/forum\/wp-json\/wp\/v2\/users\/1"}],"replies":[{"embeddable":true,"href":"http:\/\/mymobilebooster.com\/forum\/wp-json\/wp\/v2\/comments?post=11609"}],"version-history":[{"count":1,"href":"http:\/\/mymobilebooster.com\/forum\/wp-json\/wp\/v2\/posts\/11609\/revisions"}],"predecessor-version":[{"id":11610,"href":"http:\/\/mymobilebooster.com\/forum\/wp-json\/wp\/v2\/posts\/11609\/revisions\/11610"}],"wp:attachment":[{"href":"http:\/\/mymobilebooster.com\/forum\/wp-json\/wp\/v2\/media?parent=11609"}],"wp:term":[{"taxonomy":"category","embeddable":true,"href":"http:\/\/mymobilebooster.com\/forum\/wp-json\/wp\/v2\/categories?post=11609"},{"taxonomy":"post_tag","embeddable":true,"href":"http:\/\/mymobilebooster.com\/forum\/wp-json\/wp\/v2\/tags?post=11609"}],"curies":[{"name":"wp","href":"https:\/\/api.w.org\/{rel}","templated":true}]}}