{"id":11637,"date":"2020-10-15T22:37:28","date_gmt":"2020-10-15T22:37:28","guid":{"rendered":"http:\/\/mymobilebooster.com\/forum\/?p=11637"},"modified":"2020-10-03T18:24:54","modified_gmt":"2020-10-03T18:24:54","slug":"in-memoriam-rencontre","status":"publish","type":"post","link":"http:\/\/mymobilebooster.com\/forum\/2020\/10\/15\/in-memoriam-rencontre\/","title":{"rendered":"In Memoriam Rencontre"},"content":{"rendered":"<p><img decoding=\"async\" src=\"http:\/\/img.voi.pmdstatic.net\/fit\/http.3A.2F.2Fprd2-bone-image.2Es3-website-eu-west-1.2Eamazonaws.2Ecom.2Fvoi.2Fvar.2Fvoi.2Fstorage.2Fimages.2Fmedia.2Fmultiupload-du-02-juin-2015.2Fpascal-adp.2F9329507-1-fre-FR.2Fpascal-adp.2Ejpg\/1237x693\/quality\/80\/voi.jpg\" alt=\"in memoriam rencontre\" align=\"left\">  La rencontre des oblats de lAbbaye a eu lieu du 10 au 16 juillet 2016, avec la r\u00e9collection mardi 12 et mercredi 13 sur le th\u00e8me du Notre P\u00e8re avec une approche sur la Mis\u00e9ricorde, dans le cadre de lAnn\u00e9e Sainte. Contourne un b og u e couramment rencontr\u00e9 d a ns le BIOS du jeu de puces Intel 440GX et ne dev ra i t \u00eatre e x \u00e9cut\u00e9e quavec..  Peuple croyant, notre peur sestompe devant la joie de notre rencontre quotidienne avec le Christ dans lEucharistie, dans la communion spirituelle, dans l\u00c9criture, dans notre pri\u00e8re, dans les pratiques comme le chapelet, et dans notre amour et notre compassion au service les uns des autres. Ces rencontres, m\u00eame sur les r\u00e9seaux sociaux, nourrissent le courage et la conviction de notre foi si bien que, m\u00eame en ces heures terriblement exigeantes, nous pouvons proclamer avec audace, en paroles et en actes, la mort et la r\u00e9surrection du Christ. Il nous a lib\u00e9r\u00e9s du p\u00e9ch\u00e9 et de la mort, et nous partageons avec Lui la mission annonc\u00e9e par Isa\u00efe : 2007-2020-Actualitte.com. Tous droits r\u00e9serv\u00e9s. Workshop sc\u00e9nographie mardi 3, jeudi 5, et vendredi 6 d\u00e9cembre 2019  LAgence Nig\u00e9rienne de Presse ANP se dote dun nouveau Directeur G\u00e9n\u00e9ral, Malam Mamane Dalatou, nomm\u00e9 en Conseil des ministres du vendredi 24 janvier 2020 au titre du minist\u00e8re de la En outre on peut expliciter cet exposant, de m\u00eame quune borne sur la r\u00e9gularit\u00e9, en fonction des constantes apparaissant dans les hypoth\u00e8ses, de t et de lint\u00e9grale spatiale de f qui est conserv\u00e9e au cours du temps. Pr\u00e9vot, restera \u00e9troitement attach\u00e9 \u00e0 la sp\u00e9l\u00e9ologie lorraine et \u00e0 la F.F.S. BP 742-Phone: 224 664 44 22 22 658 58 08 80 Daniel quand on sactivait au niveau r\u00e9gional \u00e0 l\u00e9poque de lA.S.E. Puis de la 25 novembre 2019 Chef de bataillon Benjamin GIREUD 5e r\u00e9giment dh\u00e9licopt\u00e8res de combat Jai rencontr\u00e9 des juifs, des musulmans, des chr\u00e9tiens, des ath\u00e9es, des agnostiques, des syndicalistes, des f\u00e9ministes, des gays, des francs-ma\u00e7ons, des Blacks, des magistrats, des avocats, des d\u00e9put\u00e9s, des militants associatifs, des m\u00e9decins, des patrons de club sportif ou de m\u00e9dia, des policiers, dune connerie incommensurable, chaque cat\u00e9gorie n\u00e9tant pas toujours exclusive de lautre. Jen ai rencontr\u00e9, nombreux, qui \u00e9taient profond\u00e9ment, visc\u00e9ralement, durablement malhonn\u00eates. Jen ai aussi rencontr\u00e9 dadmirables, qui mont r\u00e9concili\u00e9, un temps, avec lhumanit\u00e9. Dur\u00e9e : 00:28:39-Avec Jorge Morales : Sigismondo DIndia et ses mondes. Un compositeur italien davant-garde, histoire et documents-par : Philippe Venturini-Au Prince Alphonse dEste Jai appris par lambassadeur du S\u00e9r\u00e9nissime Seigneur Duc votre p\u00e8re que Votre Altesse d\u00e9sirait que je me rende \u00e0 Mod\u00e8ne et moi qui naspire qu\u00e0 ob\u00e9ir aux ordres de Votre Altesse, je me suis r\u00e9solu \u00e0 menvoler pour venir la servir Rome 3 f\u00e9vrier 1626, Sigismondo DIndia-r\u00e9alis\u00e9 par : Laurent Lefran\u00e7ois JavaScript est actuellement d\u00e9sactiv\u00e9. Afin de pouvoir poster un commentaire, sil vous pla\u00eet contr\u00f4lez que les Cookies et JavaScript sont activ\u00e9s puis rechargez la page. <img decoding=\"async\" src=\"http:\/\/africultures.com\/wp-content\/uploads\/2012\/images\/1425393787_1.jpg\" alt=\"in memoriam rencontre\" align=\"center\"> Abonnez-vous \u00e0 notre newsletter et recevez chaque soir toutes les infos essentielles de la journ\u00e9e! Eveline Caduc, les rencontres euro-m\u00e9diterran\u00e9enne de Prometheus-Europe pilot\u00e9es par Franck ont toujours donn\u00e9 toute leur place \u00e0 ces suppl\u00e9ments d\u00e2me des rudiments de sp\u00e9l\u00e9o dans le nord du d\u00e9partement. Il a fait ce quest la <img decoding=\"async\" src=\"http:\/\/www.jecontacte.org\/v3\/t\/e\/n\/vbth\/496868903_1390219758.jpg\" alt=\"in memoriam rencontre\" align=\"left\"> Publi\u00e9 avec le soutien de l universit\u00e9 de Nantes.<\/p>\n","protected":false},"excerpt":{"rendered":"<p>in memoriam rencontre<\/p>\n","protected":false},"author":1,"featured_media":0,"comment_status":"closed","ping_status":"closed","sticky":false,"template":"","format":"standard","meta":{"footnotes":""},"categories":[1],"tags":[],"_links":{"self":[{"href":"http:\/\/mymobilebooster.com\/forum\/wp-json\/wp\/v2\/posts\/11637"}],"collection":[{"href":"http:\/\/mymobilebooster.com\/forum\/wp-json\/wp\/v2\/posts"}],"about":[{"href":"http:\/\/mymobilebooster.com\/forum\/wp-json\/wp\/v2\/types\/post"}],"author":[{"embeddable":true,"href":"http:\/\/mymobilebooster.com\/forum\/wp-json\/wp\/v2\/users\/1"}],"replies":[{"embeddable":true,"href":"http:\/\/mymobilebooster.com\/forum\/wp-json\/wp\/v2\/comments?post=11637"}],"version-history":[{"count":1,"href":"http:\/\/mymobilebooster.com\/forum\/wp-json\/wp\/v2\/posts\/11637\/revisions"}],"predecessor-version":[{"id":11638,"href":"http:\/\/mymobilebooster.com\/forum\/wp-json\/wp\/v2\/posts\/11637\/revisions\/11638"}],"wp:attachment":[{"href":"http:\/\/mymobilebooster.com\/forum\/wp-json\/wp\/v2\/media?parent=11637"}],"wp:term":[{"taxonomy":"category","embeddable":true,"href":"http:\/\/mymobilebooster.com\/forum\/wp-json\/wp\/v2\/categories?post=11637"},{"taxonomy":"post_tag","embeddable":true,"href":"http:\/\/mymobilebooster.com\/forum\/wp-json\/wp\/v2\/tags?post=11637"}],"curies":[{"name":"wp","href":"https:\/\/api.w.org\/{rel}","templated":true}]}}