{"id":11643,"date":"2020-10-15T02:06:26","date_gmt":"2020-10-15T02:06:26","guid":{"rendered":"http:\/\/mymobilebooster.com\/forum\/?p=11643"},"modified":"2020-10-03T18:37:46","modified_gmt":"2020-10-03T18:37:46","slug":"rencontre-annuelle-musulmans-normandie","status":"publish","type":"post","link":"http:\/\/mymobilebooster.com\/forum\/2020\/10\/15\/rencontre-annuelle-musulmans-normandie\/","title":{"rendered":"Rencontre Annuelle Musulmans Normandie"},"content":{"rendered":"<p><img decoding=\"async\" src=\"http:\/\/www.suspicioons.tk\/uploads\/Image\/98\/8782_952_DSC04689.jpg\" alt=\"rencontre annuelle musulmans normandie\" align=\"center\"> Dans le cadre de la 2\u00e8me \u00e9dition du s\u00e9minaire r\u00e9gional Territoires en Transition port\u00e9 par le CERDD, et soutenu par la DREAL Hauts-de-France, le Conseil r\u00e9gional Hauts de France, lADEME et Amiens M\u00e9tropole, le Comit\u00e9 21 organise la 3\u00e8me \u00e9tape du Tour de France des ODD apr\u00e8s celles de Nouvelle Aquitaine et de Bourgogne Franche-Comt\u00e9..  Le Comit\u00e9 21 d\u00e9crypte les rapports d\u00e9veloppement durable 2008 sur Radio Ethic Si les femmes sont les principales cibles des vendeurs, quelques stands visent les jeunes hommes comme celui de Jean-Pierre Amable, qui a cr\u00e9\u00e9 sa marque The One pour le barbu daujourdhui. Le but c\u00e9tait de m\u00e9langer la djellaba et le street, lurbain, pr\u00e9sente-t-il. Djellaba un peu plus courte, en molleton, jean ou bimati\u00e8re, sweatshirts figurant un visage barbu portant casquette: la recette pla\u00eet. <img decoding=\"async\" src=\"http:\/\/www.mzandrehe.gq\/wp-content\/gallery\/hawai-train\/02.jpg\" alt=\"rencontre annuelle musulmans normandie\" align=\"left\"> A loccasion du lancement de son r\u00e9seau citoyen en faveur de la Consommation Durable le 4 avril 2007, le Mouvement Vraiement durable en coordination avec le Comit\u00e9 21 et lInstitut de sondages LH2, a r\u00e9alis\u00e9 un sondage exclusif sur Les Fran\u00e7ais et l Mr M. Yahya PALLAVICINI, Imam, Vice-President of the Co.Re.Is, Islamic Religious Community of Italy and member of the Board of Directors of the Muslim Council for Co-operation in Europe, ISESCO Ambassador for Dialogue among Civilisations Imam, Vice-pr\u00e9sident de la Co.Re.Is, Communaut\u00e9 religieuse islamique dItalie et membre de la Direction du Conseil musulman de coop\u00e9ration en Europe CMCE-la lisibilit\u00e9 de loffre de service en mati\u00e8re dorientation : qui fait quoi? pour qui et pour quoi? ;&#8212;&#8212;&#8212;&#8212;&#8212;&#8212;&#8212;&#8212;&#8212;&#8212;&#8212;&#8212;&#8212;&#8212;&#8212;&#8212;&#8212;&#8212;&#8212;&#8212;&#8212;&#8212;&#8212;&#8212;&#8212;&#8212;-NOS PROCHAINS RENDEZ-VOUS Ce projet, qui b\u00e9n\u00e9ficie dun soutien financier du Commissariat g\u00e9n\u00e9ral au D\u00e9v Note de pr\u00e9figutation La Grande transformation : moteurs et leviers En fin de ce bilan, des pistes sont propos\u00e9es en perspective de la COP22 Pr\u00e9paratio Le Comit\u00e9 21 fixe la revue entre pairs d\u00e9but octobre consacr\u00e9e aux rapports RSEd\u00e9veloppement durable dentreprises. Le REFEDD et Avenir Climatique relancent une grande consultation nationale \u00e9tudiante sur le D\u00e9veloppement durable M\u00eame si la grande majorit\u00e9 de sa population est musulmane, le Maroc se veut un pays multiculturel.Le couscous et le tajine,tr\u00e8s connus sont consid\u00e9r\u00e9s comme des plats traditionnels ordinaires dans cette r\u00e9gion. Ils sont pr\u00e9par\u00e9s \u00e0 base de viande de mouton ou poisson et de l\u00e9gumes vari\u00e9s. Durant les f\u00eates, on mange dautres plats typiquement marocains et plus raffin\u00e9s : les pastillas prononc\u00e9 bastela, le tajine de viande au miel,aux pruneaux et amandes, le m\u00e9choui..-Adopter une p\u00e9dagogie appropri\u00e9e, en partant non pas du savoir constitu\u00e9 pour tenter de le transmettre \u00e0 un public qui a des difficult\u00e9s \u00e0 se lapproprier, mais en partant au contraire de sa pratique quotidienne, de ses savoir-faire, pour lui permettre dacqu\u00e9rir les connaissances sur le terrain m\u00eame de son activit\u00e9.  INSEE Institut National de la Statistique et des Etudes Economiques <img decoding=\"async\" src=\"http:\/\/3.bp.blogspot.com\/-7zvSRxNpYe8\/UU4rgF-CE0I\/AAAAAAAACC8\/8YfnbKf2hlw\/s1600\/win-win-situation.jpg\" alt=\"rencontre annuelle musulmans normandie\" align=\"right\"> Retour sur le colloque La culture, dimension oubli\u00e9e du D\u00e9veloppement durable? D\u00e9couvrez le nouveau Infos 21 sp\u00e9cial ODD8 et 9 sur Croissance et industrie durables Voir ou revoir le webinaire du Rameau avec le Comit\u00e9 21 : lODD 17 en pratique  31 mai \u00e0 Milan : Convention d\u00e9mocratique sur lavenir de lEurope Le Comit\u00e9 21, tr\u00e8s fier que lAFCDRP, chef de file en France du r\u00e9seau mondial Maires pour la Paix, soit membre de lICAN, laur\u00e9at 2017 du Prix Nobel de la Paix.<\/p>\n","protected":false},"excerpt":{"rendered":"<p>rencontre annuelle musulmans normandie<\/p>\n","protected":false},"author":1,"featured_media":0,"comment_status":"closed","ping_status":"closed","sticky":false,"template":"","format":"standard","meta":{"footnotes":""},"categories":[1],"tags":[],"_links":{"self":[{"href":"http:\/\/mymobilebooster.com\/forum\/wp-json\/wp\/v2\/posts\/11643"}],"collection":[{"href":"http:\/\/mymobilebooster.com\/forum\/wp-json\/wp\/v2\/posts"}],"about":[{"href":"http:\/\/mymobilebooster.com\/forum\/wp-json\/wp\/v2\/types\/post"}],"author":[{"embeddable":true,"href":"http:\/\/mymobilebooster.com\/forum\/wp-json\/wp\/v2\/users\/1"}],"replies":[{"embeddable":true,"href":"http:\/\/mymobilebooster.com\/forum\/wp-json\/wp\/v2\/comments?post=11643"}],"version-history":[{"count":1,"href":"http:\/\/mymobilebooster.com\/forum\/wp-json\/wp\/v2\/posts\/11643\/revisions"}],"predecessor-version":[{"id":11644,"href":"http:\/\/mymobilebooster.com\/forum\/wp-json\/wp\/v2\/posts\/11643\/revisions\/11644"}],"wp:attachment":[{"href":"http:\/\/mymobilebooster.com\/forum\/wp-json\/wp\/v2\/media?parent=11643"}],"wp:term":[{"taxonomy":"category","embeddable":true,"href":"http:\/\/mymobilebooster.com\/forum\/wp-json\/wp\/v2\/categories?post=11643"},{"taxonomy":"post_tag","embeddable":true,"href":"http:\/\/mymobilebooster.com\/forum\/wp-json\/wp\/v2\/tags?post=11643"}],"curies":[{"name":"wp","href":"https:\/\/api.w.org\/{rel}","templated":true}]}}