{"id":11651,"date":"2020-10-15T10:40:27","date_gmt":"2020-10-15T10:40:27","guid":{"rendered":"http:\/\/mymobilebooster.com\/forum\/?p=11651"},"modified":"2020-10-03T18:45:16","modified_gmt":"2020-10-03T18:45:16","slug":"rencontre-avec-alain-soral","status":"publish","type":"post","link":"http:\/\/mymobilebooster.com\/forum\/2020\/10\/15\/rencontre-avec-alain-soral\/","title":{"rendered":"Rencontre Avec Alain Soral"},"content":{"rendered":"<p>Vous ne pouvez lire Le Monde que sur un seul appareil \u00e0 la fois ordinateur, t\u00e9l\u00e9phone ou tablette. Laurent Louis, devant la 17e chambre correctionnelle, face \u00e0 Dieudonn\u00e9 06092016 \u00c9tienne Chouard : Cest possible. Mais tu consid\u00e8res que, aujourdhui, on vit dans une vraie d\u00e9mocratie? \u00c9tymologiquement, le pouvoir au peuple? m\u00eame les mots dont vous utiliser, on dit jamais un discours universitaire Mr. Soral, on parle pas argot pour un tel sujet cher ami Fran\u00e7ais de Souche, Lacteur Charles G\u00e9rard, com\u00e9dien f\u00e9tiche de Lelouch, est mort. Macron d\u00e9voile au Time ce quil fera apr\u00e8s l\u00c9lys\u00e9e. Fermeture dun essai clinique sauvage du Dr Joyeux dans une abbaye, la justice saisie. <img decoding=\"async\" src=\"http:\/\/lahorde.samizdat.net\/wp-content\/uploads\/2013\/09\/8.Soraldieudo.jpg\" alt=\"rencontre avec alain soral\" align=\"right\"> Lorsque les gouvernements font des erreurs qui ont des cons\u00e9quences bien plus importantes et quils nous roulent dans la farine, dans la plus part des cas, cela passe comme une lettre \u00e0 la poste! Par Publi\u00e9 le Mis \u00e0 jour le 05 d\u00e9cembre 2013 \u00e0 16h10  Oui, comme le prouvent plusieurs de ses interventions. Il dit quil. Actualit\u00e9: Toute lactualit\u00e9 suisse et internationale avec un focus sur lactualit\u00e9 genevoise, une rubrique lui est notamment d\u00e9di\u00e9e Le 11 juin 2008, la cour dappel de Paris a confirm\u00e9 le jugement du 4 mai 2007 par lequel Alain Soral \u00e9tait condamn\u00e9 \u00e0 une amende de 3 000 pour incitation \u00e0 la haine raciale \u00e0 la suite de propos tenus dans le cadre de l\u00e9mission sur France 2, le 20 septembre 2004. Entre autres propos de la m\u00eame veine, celui-ci affirmait : la formation qualifiante pour exister dans les m\u00e9dias aujourdhui, cest d\u00eatre sioniste : si tes antisioniste, si tes jud\u00e9o-critique ou quoi que ce soit tu d\u00e9gages. Ce groupe des 4 doivent aller se faire soigner rapidement. Depuis 2019, elle appartient au conseil scientifique de la DILCRAH Les prises de position dAlain Soral anti-communautaristes sont suivies avec int\u00e9r\u00eat par qui tentent en vain un rapprochement avec lui au d\u00e9but de lann\u00e9e en lui \u00e9crivant deux lettres. En 2006, il signe avec et, deux figures des Identitaires, un appel \u00e0 la lib\u00e9ration de, condamn\u00e9 pour des attentats \u00e0 lexplosif contre des commerces et des logements de travailleurs maghr\u00e9bins.  \u00c9tienne Chouard : Cest pas raciste. Il ne dit pas Juif, il dit sioniste. Topic dissidence Alain Wars : Lapierre contre-attaque! encore? <img decoding=\"async\" src=\"http:\/\/www.lelibrepenseur.org\/wp-content\/uploads\/2015\/04\/soral-Meta-TV.jpg\" alt=\"rencontre avec alain soral\" align=\"center\"> Avec la venue d\u00c9tienne Chouard, cest une figure relativement pol\u00e9mique quaccueille Rostrenen : celui-ci accompagne Franck Lepage pour une conf\u00e9rence sur le mouvement social, l\u00e9ducation populaire et la d\u00e9mocratie organis\u00e9e par lassociation des Jardins partag\u00e9s de la ville. Pourquoi pol\u00e9mique? Car si ce professeur d\u00e9conomie en lyc\u00e9e se r\u00e9clame de la gauche radicale, il a aussi pu prendre des positions critiqu\u00e9es, en soutenant des personnalit\u00e9s ultra-nationalistes comme Fran\u00e7ois Asselineau, voire dextr\u00eame-droite, comme Alain Soral, ou complotistes, comme Thierry Meyssan. <img decoding=\"async\" src=\"http:\/\/www.kontrekulture.com\/sites\/default\/files\/styles\/large\/public\/actualite\/encontrointernacionalevoliano.jpg\" alt=\"rencontre avec alain soral\" align=\"right\"> Jaime les hommes et les femmes qui ont tout quitt\u00e9, travail, logement, parents, parfois, pour habiter et vivre autrement, selon leurs r\u00eaves  Jaime les explorateurs et les aventuriers tels que Paul-\u00c9mile Victor, Charles de Foucauld, Th\u00e9odore Monod Emmanuel Poncet,, sur liberation.fr, 10 juillet 2002 consult\u00e9 le 28 octobre 2015. Fermer la banni\u00e8re davertissement sur les cookies.<\/p>\n","protected":false},"excerpt":{"rendered":"<p>rencontre avec alain soral<\/p>\n","protected":false},"author":1,"featured_media":0,"comment_status":"closed","ping_status":"closed","sticky":false,"template":"","format":"standard","meta":{"footnotes":""},"categories":[1],"tags":[],"_links":{"self":[{"href":"http:\/\/mymobilebooster.com\/forum\/wp-json\/wp\/v2\/posts\/11651"}],"collection":[{"href":"http:\/\/mymobilebooster.com\/forum\/wp-json\/wp\/v2\/posts"}],"about":[{"href":"http:\/\/mymobilebooster.com\/forum\/wp-json\/wp\/v2\/types\/post"}],"author":[{"embeddable":true,"href":"http:\/\/mymobilebooster.com\/forum\/wp-json\/wp\/v2\/users\/1"}],"replies":[{"embeddable":true,"href":"http:\/\/mymobilebooster.com\/forum\/wp-json\/wp\/v2\/comments?post=11651"}],"version-history":[{"count":1,"href":"http:\/\/mymobilebooster.com\/forum\/wp-json\/wp\/v2\/posts\/11651\/revisions"}],"predecessor-version":[{"id":11652,"href":"http:\/\/mymobilebooster.com\/forum\/wp-json\/wp\/v2\/posts\/11651\/revisions\/11652"}],"wp:attachment":[{"href":"http:\/\/mymobilebooster.com\/forum\/wp-json\/wp\/v2\/media?parent=11651"}],"wp:term":[{"taxonomy":"category","embeddable":true,"href":"http:\/\/mymobilebooster.com\/forum\/wp-json\/wp\/v2\/categories?post=11651"},{"taxonomy":"post_tag","embeddable":true,"href":"http:\/\/mymobilebooster.com\/forum\/wp-json\/wp\/v2\/tags?post=11651"}],"curies":[{"name":"wp","href":"https:\/\/api.w.org\/{rel}","templated":true}]}}