{"id":11803,"date":"2020-10-15T11:12:30","date_gmt":"2020-10-15T11:12:30","guid":{"rendered":"http:\/\/mymobilebooster.com\/forum\/?p=11803"},"modified":"2020-10-03T22:56:49","modified_gmt":"2020-10-03T22:56:49","slug":"rencontre-hollande-bouteflika","status":"publish","type":"post","link":"http:\/\/mymobilebooster.com\/forum\/2020\/10\/15\/rencontre-hollande-bouteflika\/","title":{"rendered":"Rencontre Hollande Bouteflika"},"content":{"rendered":"<p>PARIS Reuters-Fran\u00e7ois Hollande se rend lundi \u00e0 Alger pour un entretien avec Abdelaziz Bouteflika, pr\u00e9sident \u00e0 la sant\u00e9 fragile dun pays-cl\u00e9 dans les n\u00e9gociations de paix au Mali, mais dont l\u00e9conomie souffre de la baisse des cours du p\u00e9trole. <img decoding=\"async\" src=\"http:\/\/benchicou.unblog.fr\/files\/2007\/08\/sarkoboutef.jpg\" alt=\"rencontre hollande bouteflika\" align=\"left\"> <img decoding=\"async\" src=\"http:\/\/www.jeuneafrique.com\/medias\/2012\/12\/26\/026122012183633000000021122012091716000000hollandebouteflikadiscoursalger.jpg\" alt=\"rencontre hollande bouteflika\" align=\"left\">  Depuis son AVC en 2013, les opposants au pr\u00e9sident nh\u00e9sitent pas \u00e0 parler r\u00e9guli\u00e8rement de vacance de pouvoir \u00e0 la t\u00eate de lEtat. Veuillez remplir tous les champs obligatoires avant de soumettre votre commentaire This website is using a security service to protect itself from online attacks. The action you just performed triggered the security solution. There are several actions that could trigger this block including submitting a certain word or phrase, a SQL command or malformed data. Du 29 septembre au 1er octobre 2020 : Pr\u00e9ventica Lyon <img decoding=\"async\" src=\"http:\/\/resize2-europe1.ladmedia.fr\/r\/300,150,forcex,center-middle\/img\/var\/europe1\/storage\/images\/europe1\/politique\/algerie-hollande-exprime-ses-regrets-846624\/16958124-1-fre-FR\/Algerie-Hollande-exprime-ses-regrets.jpg\" alt=\"rencontre hollande bouteflika\" align=\"left\"> Les relations entre lAlg\u00e9rie et la France fructueuses et chaleureuses Ne manquez pas nos informations exclusives en vous abonnant aux Y a-t-il des initiatives semblables \u00e0 celle de la France en direction de lAlg\u00e9rie? Le cas \u00e9ch\u00e9ant, comment la France doit-elle se positionner par rapport \u00e0 ces pays? de vue, il est reparti confiant. Dautant que lAlg\u00e9rie nest pas un Depuis le 23 mars 2020, nous avons ferm\u00e9 lapplication de lexpress M. Hollande a \u00e9galement exprim\u00e9 la gratitude de la France \u00e0 l\u00e9gard des autorit\u00e9s alg\u00e9riennes concernant la signature de laccord de paix et de r\u00e9conciliation nationale au Mali. Les inqui\u00e9tudes sur l\u00e9tat de sant\u00e9 du pr\u00e9sident Abdelaziz Bouteflika se sont accrues en Alg\u00e9rie au lendemain de lannulation \u00e0 la derni\u00e8re minute de la visite de la chanceli\u00e8re allemande Angela Merkel. Photo darchivesAFP SiWeL utilise des cookies pour vous garantir la meilleure navigation. Si vous continuez \u00e0 utiliser le site, nous consid\u00e9rerons que vous acceptez leur utilisation. Copyright Ambassade dAlg\u00e9rie en France 50, rue de Lisbonne 75008 Paris T\u00e9l\u00e9phone: 33 1 53932020-Fax: 33 1 53932069 Les radios Europe 1 et RTL, tout comme lAFP et Reuters, couvriront la visite. Nous comprenons et respectons le mouvement de solidarit\u00e9 avec nos confr\u00e8res priv\u00e9s de visa. Mais lAFP se doit dinformer dans le monde entier par respect pour ses clients fran\u00e7ais et \u00e9trangers. Cest sa mission, a expliqu\u00e9 la directrice de linformation de lAFP, Mich\u00e8le L\u00e9ridon.  Jaurais loccasion si vous minterrogez de le redire, de regretter, le refus de visas a dit le Premier ministre fran\u00e7ais qui avait pr\u00e9c\u00e9demment exprim\u00e9 sur Twitter ses profonds regrets face \u00e0 cette d\u00e9cision et assur\u00e9 quil aborderait le sujet lors de sa visite. Inscrivez-vous \u00e0 la newsletter pour le meilleur de linfo En 2012, le Pr\u00e9sident de la R\u00e9publique Alg\u00e9rienne D\u00e9mocratique et Populaire, et le Pr\u00e9sident de la R\u00e9publique Fran\u00e7aise, signent la d\u00e9claration dAlger sur lamiti\u00e9 et la coop\u00e9ration entre la France et lAlg\u00e9rie. \u00c0 cette occasion, deux comit\u00e9s sont mis en place: le comit\u00e9 intergouvernemental de haut niveau et le comit\u00e9 \u00e9conomique franco-alg\u00e9rien. Les ministres charg\u00e9s des Affaires \u00c9trang\u00e8res et de l\u00c9conomie de chaque pays se rencontrent r\u00e9guli\u00e8rement. Avez-vous un interlocuteur privil\u00e9gi\u00e9 en Alg\u00e9rie? Erreur-404-L\u00e9cho de Jijel Actualit\u00e9s du pays des Babors Alg\u00e9rie \u062c\u064a\u062c\u0644 .<\/p>\n","protected":false},"excerpt":{"rendered":"<p>rencontre hollande bouteflika<\/p>\n","protected":false},"author":1,"featured_media":0,"comment_status":"closed","ping_status":"closed","sticky":false,"template":"","format":"standard","meta":{"footnotes":""},"categories":[1],"tags":[],"_links":{"self":[{"href":"http:\/\/mymobilebooster.com\/forum\/wp-json\/wp\/v2\/posts\/11803"}],"collection":[{"href":"http:\/\/mymobilebooster.com\/forum\/wp-json\/wp\/v2\/posts"}],"about":[{"href":"http:\/\/mymobilebooster.com\/forum\/wp-json\/wp\/v2\/types\/post"}],"author":[{"embeddable":true,"href":"http:\/\/mymobilebooster.com\/forum\/wp-json\/wp\/v2\/users\/1"}],"replies":[{"embeddable":true,"href":"http:\/\/mymobilebooster.com\/forum\/wp-json\/wp\/v2\/comments?post=11803"}],"version-history":[{"count":1,"href":"http:\/\/mymobilebooster.com\/forum\/wp-json\/wp\/v2\/posts\/11803\/revisions"}],"predecessor-version":[{"id":11804,"href":"http:\/\/mymobilebooster.com\/forum\/wp-json\/wp\/v2\/posts\/11803\/revisions\/11804"}],"wp:attachment":[{"href":"http:\/\/mymobilebooster.com\/forum\/wp-json\/wp\/v2\/media?parent=11803"}],"wp:term":[{"taxonomy":"category","embeddable":true,"href":"http:\/\/mymobilebooster.com\/forum\/wp-json\/wp\/v2\/categories?post=11803"},{"taxonomy":"post_tag","embeddable":true,"href":"http:\/\/mymobilebooster.com\/forum\/wp-json\/wp\/v2\/tags?post=11803"}],"curies":[{"name":"wp","href":"https:\/\/api.w.org\/{rel}","templated":true}]}}