{"id":11821,"date":"2020-10-15T21:29:06","date_gmt":"2020-10-15T21:29:06","guid":{"rendered":"http:\/\/mymobilebooster.com\/forum\/?p=11821"},"modified":"2020-10-03T23:23:22","modified_gmt":"2020-10-03T23:23:22","slug":"rencontres-avec-rene-char","status":"publish","type":"post","link":"http:\/\/mymobilebooster.com\/forum\/2020\/10\/15\/rencontres-avec-rene-char\/","title":{"rendered":"Rencontres Avec Ren\u00e9 Char"},"content":{"rendered":"<p>Les Rencontres cin\u00e9matographiques de Digne proposent ce soir la projection de Viva la libert\u00e0 de Roberto And\u00f2, une com\u00e9die satirique et r\u00e9ussie sur le monde politique comme le cin\u00e9ma italien a su en produire tout au long de son histoire. Offre limit\u00e9e sous r\u00e9serve de disponibilit\u00e9. Choix de la date de visite au moment de lachat Celle des conquistadors qui avaient recherch\u00e9 en vain ces fabuleuses mines dargent dont parlait la l\u00e9gende, et qui avaient donn\u00e9 le nom de cet eldorado d\u00e9pressif : lArgentine. <img decoding=\"async\" src=\"http:\/\/www.andrevelter.com\/photos\/AVchar.jpg\" alt=\"rencontres avec ren\u00e9 char\" align=\"center\"> L\u00e9tat durgence sanitaire li\u00e9 au covid-19 a provoqu\u00e9 lannulation de la 74 \u00e8me \u00e9dition du Festival dAvignon et de la totalit\u00e9 des festivals d\u00e9t\u00e9 en France. Cette annulation a \u00e9t\u00e9 v\u00e9cue comme un d\u00e9chirement par la direction du festival, ce que lon peut ais\u00e9ment comprendre : plusieurs mois de travail, de pr\u00e9paration, d\u00e9laboration, ont \u00e9t\u00e9 r\u00e9duits \u00e0 n\u00e9ant. M\u00eame au prix dune semaine dart envisag\u00e9e \u00e0 lautomne, la plupart des spectacles envisag\u00e9s ne pourront \u00eatre report\u00e9s. <img decoding=\"async\" src=\"http:\/\/soleildanslatete.s.o.pic.centerblog.net\/r7e66dca.jpg\" alt=\"rencontres avec ren\u00e9 char\" align=\"left\"> Suis en plein dedans..les Stones en tourn\u00e9e, comme si vous y \u00e9tiez. From the Op\u00e9ra de Marseille to the lyrical concert at the Grand Theatre de Provence, see the list of concerts and operas in Bouches-du-Rh\u00f4ne. Comme le navire qui sombre en \u00e9teignant ses lumi\u00e8res Erreur, le flux RSS est probablement en panne. Essayez plus tard. You dont have permission to access this resource. La po\u00e9sie de Char a permis aussi de construire un rapport au travail d\u00e9criture, de prendre conscience des difficult\u00e9s non seulement scolaires, dans la lecture et l\u00e9criture, mais dans la respiration, dans lappropriation de son corps. Cest un chemin vers lautonomie. <img decoding=\"async\" src=\"http:\/\/www.sothebys.com\/content\/dam\/stb\/lots\/PF1\/PF1403\/091PF1403_7G96K_1.jpg\" alt=\"rencontres avec ren\u00e9 char\" align=\"left\"> Mercredi 21 D\u00e9cembre, \u00e0 la salle des f\u00eates de M\u00e9dr\u00e9ac, les enfants du personnel et quelques r\u00e9sidents des Menhirs ont pu d\u00e9couvrir le spectacle de magie du clown ZIGOMARD. Gr\u00e2ce \u00e0 la complicit\u00e9 des enfants, il fera appara\u00eetre colombes, lapins Fous rire et \u00e9merveillements assur\u00e9s des petits comme des grands! A la fin des Nouvelles Vagues chaque jour, une vague d\u00e9motions vers 16h45. Convaincus que les pens\u00e9es nouvelles prennent leur source et leurs appuis sur des \u00e9motions fondamentales, nous demandons chaque semaine \u00e0 quelquun de nous d\u00e9crire cinq r\u00e9volutions intimes que sont les rencontres avec certaines \u0153uvres, certains moments, certains lieux, certaines rencontres  On connait Pierre Cardin, grand couturier depuis plus de soixante ans et lun des inventeurs de la mode futuriste dans les ann\u00e9es 1960. Derri\u00e8re lhomme daffaires qui nh\u00e9site pas \u00e0 dire que son nom vaut un milliard, se cache aussi un gourmet qui poss\u00e8de le restaurant Maxims et un collectionneur dart passionn\u00e9. Mais ne nous y trompons pas, CYRIL CONTRE GOLIATHest bien loin d\u00eatre une ode \u00e0 celui qui est aujourdhui \u00e2g\u00e9 de 97 ans. Bien au contraire. Le documentaire co-\u00e9crit et co-r\u00e9alis\u00e9 par Thomas Bornot et Cyril Montana fait plut\u00f4t le portrait \u00e0 charge dun homme qui sest appropri\u00e9 depuis 20 ans un petit village dans le Luberon, Lacoste. Est dabord tomb\u00e9 dans son escarcelle le ch\u00e2teau du Marquis de Sade, mais son action de m\u00e9c\u00e8ne sest born\u00e9e \u00e0 sa r\u00e9novation, puisquil sest gard\u00e9 \u00e9go\u00efstement lusage des lieux pour lui-m\u00eame. Loeuvre de Ren\u00e9 Char est marqu\u00e9e par le Vaucluse dans lequel il passa sa vie. Il est n\u00e9 le 14 juin 1907 \u00e0 LIsle-sur-la-Sorgue.  Dans mon pays, les tendres preuves de printemps et les oiseaux mal habill\u00e9s sont pr\u00e9f\u00e9r\u00e9s aux buts lointains.  Des expositions, des conf\u00e9rences, des lectures, des spectacles, des rencontres avec des auteurs, des illustrateurs y sont r\u00e9guli\u00e8rement propos\u00e9s. HORAIRES DOUVERTURE Beaucoup de familles \u00e9taient pr\u00e9sentes car cest \u00e9galement un moment convivial pour se rencontrer.<\/p>\n","protected":false},"excerpt":{"rendered":"<p>rencontres avec ren\u00e9 char<\/p>\n","protected":false},"author":1,"featured_media":0,"comment_status":"closed","ping_status":"closed","sticky":false,"template":"","format":"standard","meta":{"footnotes":""},"categories":[1],"tags":[],"_links":{"self":[{"href":"http:\/\/mymobilebooster.com\/forum\/wp-json\/wp\/v2\/posts\/11821"}],"collection":[{"href":"http:\/\/mymobilebooster.com\/forum\/wp-json\/wp\/v2\/posts"}],"about":[{"href":"http:\/\/mymobilebooster.com\/forum\/wp-json\/wp\/v2\/types\/post"}],"author":[{"embeddable":true,"href":"http:\/\/mymobilebooster.com\/forum\/wp-json\/wp\/v2\/users\/1"}],"replies":[{"embeddable":true,"href":"http:\/\/mymobilebooster.com\/forum\/wp-json\/wp\/v2\/comments?post=11821"}],"version-history":[{"count":1,"href":"http:\/\/mymobilebooster.com\/forum\/wp-json\/wp\/v2\/posts\/11821\/revisions"}],"predecessor-version":[{"id":11822,"href":"http:\/\/mymobilebooster.com\/forum\/wp-json\/wp\/v2\/posts\/11821\/revisions\/11822"}],"wp:attachment":[{"href":"http:\/\/mymobilebooster.com\/forum\/wp-json\/wp\/v2\/media?parent=11821"}],"wp:term":[{"taxonomy":"category","embeddable":true,"href":"http:\/\/mymobilebooster.com\/forum\/wp-json\/wp\/v2\/categories?post=11821"},{"taxonomy":"post_tag","embeddable":true,"href":"http:\/\/mymobilebooster.com\/forum\/wp-json\/wp\/v2\/tags?post=11821"}],"curies":[{"name":"wp","href":"https:\/\/api.w.org\/{rel}","templated":true}]}}