{"id":11883,"date":"2020-10-16T07:46:44","date_gmt":"2020-10-16T07:46:44","guid":{"rendered":"http:\/\/mymobilebooster.com\/forum\/?p=11883"},"modified":"2020-10-04T01:16:04","modified_gmt":"2020-10-04T01:16:04","slug":"le-pape-rencontre-sa-meilleure-ennemie","status":"publish","type":"post","link":"http:\/\/mymobilebooster.com\/forum\/2020\/10\/16\/le-pape-rencontre-sa-meilleure-ennemie\/","title":{"rendered":"Le Pape Rencontre Sa Meilleure Ennemie"},"content":{"rendered":"<p>Ce temps nest pas celui des \u00e9go\u00efsmes, poursuit Fran\u00e7ois. Son message sadresse sans d\u00e9tour \u00e0 lEurope qui a su sunir apr\u00e8s la Seconde Guerre mondiale et dont les membres sont appel\u00e9s \u00e0 se red\u00e9couvrir comme faisant partie dune unique famille. Il est plus urgent que jamais, juge le Pape, que les rivalit\u00e9s du pass\u00e9 ne reprennent pas vigueur. Il pr\u00f4ne la solidarit\u00e9 face aux int\u00e9r\u00eats individuels qui pourraient remettre en cause la cohabitation pacifique et le d\u00e9veloppement. <img decoding=\"async\" src=\"http:\/\/www.exsitwec.ga\/images\/Affiche_Expo_Photos_Xavier_Oliveiro.jpg\" alt=\"le pape rencontre sa meilleure ennemie\" align=\"left\"> Dimitri Vezyroglou, Les catholiques, le cin\u00e9ma et la conqu\u00eate des masses : le tournant de la fin <img decoding=\"async\" src=\"http:\/\/aceidos.tk\/wp-content\/uploads\/2017\/11\/Paris.jpg\" alt=\"le pape rencontre sa meilleure ennemie\" align=\"center\"> et Fr\u00e9d\u00e9ric MOUNIER, sur la-croix.com, La Croix, 20 mars 2010 consult\u00e9 le 20 mars 2010, francetvinfo.fr, 11 f\u00e9vrier 2013 consult\u00e9 le 11 f\u00e9vrier 2013 Eugenio Pacelli na\u00eet \u00e0 en 1876, dans une famille de la du fid\u00e8le \u00e0 la pendant la de 1870 \u00e0 1929 : son grand-p\u00e8re, Marcantonio Pacelli, avait \u00e9t\u00e9 ministre des Finances de puis secr\u00e9taire \u00e0 lInt\u00e9rieur sous le de de 1851 \u00e0 1870. C\u00e9tait lun des fondateurs du journal officiel du Vatican, et il avait accompagn\u00e9 le Pape en exil \u00e0 Ga\u00e8te en 1861. Son p\u00e8re, Filippo Pacelli 1837-1916, avocat \u00e0 la puis avocat consistorial s\u00e9tait \u00e9galement montr\u00e9 d\u00e9favorable \u00e0 lint\u00e9gration des au apr\u00e8s 1870. Un oncle Giuseppe Pacelli est Monsignore il le baptise \u00e0 San Celso e Giuliano, un de ses cousins, Ernesto Pacelli, est un conseiller financier de, sa m\u00e8re, Virginia Graziosi 1844-1920 vient dune famille distingu\u00e9e pour ses services rendus au, enfin, son fr\u00e8re, Francesco Pacelli, docteur en et juriste du Saint-Si\u00e8ge, allait \u00eatre lun des n\u00e9gociateurs des accords du Latran en 1929. Nous voil\u00e0 dans le temps pascal, le temps entre deux grandes f\u00eates : P\u00e2ques et Pentec\u00f4te. Cave sculpt\u00e9e de D\u00e9nez\u00e9-sous-Dou\u00e9 La By Pierre Carnac Cette confiance r\u00e9serv\u00e9e \u00e0 quelques serviteurs d\u00e9vou\u00e9s, vite \u00e9cart\u00e9 par, puis, sur la fin du r\u00e8gne, ou Villeroy sera n\u00e9anmoins assortie dune m\u00e9fiance universelle et dun go\u00fbt prononc\u00e9 de la dissimulation. Ce r\u00e9cit de la gu\u00e9rison de laveugle repr\u00e9sente une m\u00e9taphore du chemin de la lib\u00e9ration du p\u00e9ch\u00e9, et indique donc la voie \u00e0 suivre pour chaque chr\u00e9tien : celle de la lumi\u00e8re. Et Beno\u00eet XVI, Lumi\u00e8re du monde : entretien avec Peter Seewald, Bayard, 2010, p. 251 Ce sont essentiellement les d\u00e9put\u00e9s LREM et MODEM qui ont vot\u00e9, cela n\u00e9tonnera personne, mais on le doit aux salopards patent\u00e9s qui, en 2017, ont vot\u00e9 LREM et MODEM aux l\u00e9gislatives Quils cr\u00e8vent, La th\u00e9ologie des \u00c9glises s\u0153urs, in Revue des sciences philosophiques et th\u00e9ologiques, t. 88, p. 461-496, 2004, <img decoding=\"async\" src=\"http:\/\/www.lepoint.fr\/images\/2013\/03\/14\/pape-v2_1053873.jpg\" alt=\"le pape rencontre sa meilleure ennemie\" align=\"center\"> Hom\u00e9lie du Saint-P\u00e8re donn\u00e9e en la messe du mercredi des cendres en la basilique Sainte-Sabine Il soutient la d\u00e9cision de Beno\u00eet XVI tout en regrettant que toutes les archives ne soient pas encore ouvertes :. Pie XII a jou\u00e9 un r\u00f4le d\u00e9terminant contre Hitler, mais aussi dans la lutte contre le communisme en Europe de lEst. Le blason est de type, de gueules dor. \u00c0 gauche se trouve le Maure de Freising, une t\u00eate d couronn\u00e9e qui figure depuis l\u00e9v\u00eaque en sur les blasons de l\u00e9v\u00each\u00e9-principaut\u00e9 de. Au centre, une \u00e9voque notamment le monast\u00e8re Saint-Jacques de, o\u00f9 se trouve le s\u00e9minaire de pr\u00eatres du dioc\u00e8se o\u00f9 Joseph Ratzinger a enseign\u00e9 la th\u00e9ologie. Elle \u00e9voque \u00e9galement, entre autres, les p\u00e8lerinages de et l\u0153uvre de. \u00c0 droite figure lours de, l\u00e9v\u00eaque de Freising qui au a converti la pa\u00efenne au christianisme.  Son attitude pendant la gr\u00e8ve contre la r\u00e9forme des retraites a \u00e9t\u00e9 identique.   Ile Maurice: COVID-19-Le gouvernement proposera une p\u00e9riode moratoire de six mois pour le paiement du loyer-allAfrica.com Immonde et peut-\u00eatre bien simplement risible : Asko dans ses \u0153uvres. Nous finissons par croire que cet homme, en fin de compte, se hait lui-m\u00eame, par un effet masochiste que des paragraphes entiers dune logorrh\u00e9e de cataracte tentent de justifier. Comprenne qui pourra un d\u00e9veloppement quune simple phrase eut \u00e9vit\u00e9 : Je d\u00e9teste \u00c9ric Zemmour parce que jen suis jaloux, et quil est meilleur que moi. Voil\u00e0 tout : J\u00e9sus de Nazareth : du bapt\u00eame dans le Jourdain \u00e0 la Transfiguration, Paris, Flammarion, 2007, ; Le Pape r\u00e9pond maintenant \u00e0 une partie de la question qui na pas \u00e9t\u00e9 lue, mais qui \u00e9tait \u00e9crite Dans sa r\u00e9ponse, le rabbin Arthur Schneier indique que ces relations, bas\u00e9es sur les solides fondations de Vatican II, peuvent survivre \u00e0 des rechutes p\u00e9riodiques do\u00f9 juifs et chr\u00e9tiens ressortiront plus forts pour travailler ensemble. Il exprime la souffrance caus\u00e9e aux Juifs par les propos n\u00e9gationnistes de Williamson et souligne que la fermet\u00e9 de la condamnation de la Shoah par Beno\u00eet XVI repr\u00e9sente un encouragement. Joseph, pour sa part, ne parle pas, mais agit dans lob\u00e9issance. Au moment d\u00e9licat o\u00f9 il veut renvoyer en secret Marie parce quelle est enceinte, son choix vise \u00e0 ne pas faire obstacle au plan de Dieu et \u00e0 laisser Marie libre dadh\u00e9rer \u00e0 la volont\u00e9 divine. Et encore. Il faut lentendre parler. Il participait \u00e0 une \u00e9mission radio il y a quelques ann\u00e9es. Quand il \u00e9tait pr\u00e9sent, javais cess\u00e9 de l\u00e9couter tant sa suffisance et son arrogance \u00e9tait insupportable. Naturellement, les journalistes pr\u00e9sents, pour certains de grandes signatures, nosaient rien dire sous peine de se voir accuser de tous les maux de la terre en commen\u00e7ant par celui que des individus comme lui g\u00e9n\u00e8re. Il n y a que la trahison \u00e0 attendre de ces format\u00e9s par le marxisme quils appellent progressisme, quil a \u00e9pous\u00e9e secr\u00e8tement en 1683, apr\u00e8s la mort de la reine Marie-Th\u00e9r\u00e8se, joue n\u00e9anmoins un r\u00f4le discret \u00e0 la fin de sa vie, assistant par exemple aux r\u00e9unions particuli\u00e8res du roi avec ses ministres ou avec les ambassadeurs \u00e9trangers. Il est probable quelle a influenc\u00e9 le roi en lui recommandant certains gentilshommes ainsi, le mar\u00e9chal de Villeroy, ou Daniel Voysin, qui devint chancelier en 1714.<\/p>\n","protected":false},"excerpt":{"rendered":"<p>le pape rencontre sa meilleure ennemie<\/p>\n","protected":false},"author":1,"featured_media":0,"comment_status":"closed","ping_status":"closed","sticky":false,"template":"","format":"standard","meta":{"footnotes":""},"categories":[1],"tags":[],"_links":{"self":[{"href":"http:\/\/mymobilebooster.com\/forum\/wp-json\/wp\/v2\/posts\/11883"}],"collection":[{"href":"http:\/\/mymobilebooster.com\/forum\/wp-json\/wp\/v2\/posts"}],"about":[{"href":"http:\/\/mymobilebooster.com\/forum\/wp-json\/wp\/v2\/types\/post"}],"author":[{"embeddable":true,"href":"http:\/\/mymobilebooster.com\/forum\/wp-json\/wp\/v2\/users\/1"}],"replies":[{"embeddable":true,"href":"http:\/\/mymobilebooster.com\/forum\/wp-json\/wp\/v2\/comments?post=11883"}],"version-history":[{"count":1,"href":"http:\/\/mymobilebooster.com\/forum\/wp-json\/wp\/v2\/posts\/11883\/revisions"}],"predecessor-version":[{"id":11884,"href":"http:\/\/mymobilebooster.com\/forum\/wp-json\/wp\/v2\/posts\/11883\/revisions\/11884"}],"wp:attachment":[{"href":"http:\/\/mymobilebooster.com\/forum\/wp-json\/wp\/v2\/media?parent=11883"}],"wp:term":[{"taxonomy":"category","embeddable":true,"href":"http:\/\/mymobilebooster.com\/forum\/wp-json\/wp\/v2\/categories?post=11883"},{"taxonomy":"post_tag","embeddable":true,"href":"http:\/\/mymobilebooster.com\/forum\/wp-json\/wp\/v2\/tags?post=11883"}],"curies":[{"name":"wp","href":"https:\/\/api.w.org\/{rel}","templated":true}]}}