{"id":11939,"date":"2020-10-16T22:04:02","date_gmt":"2020-10-16T22:04:02","guid":{"rendered":"http:\/\/mymobilebooster.com\/forum\/?p=11939"},"modified":"2020-10-04T03:02:59","modified_gmt":"2020-10-04T03:02:59","slug":"rencontre-avec-jean-claude-van-damme","status":"publish","type":"post","link":"http:\/\/mymobilebooster.com\/forum\/2020\/10\/16\/rencontre-avec-jean-claude-van-damme\/","title":{"rendered":"Rencontre Avec Jean Claude Van Damme"},"content":{"rendered":"<p>D\u00e9cryptage se penche sur la litt\u00e9rature russe. Celle-ci est mise \u00e0 lhonneur cette ann\u00e9e au Salon du livre de Paris. Pour en parler Michel Parfenov, directeur de la collection Lettres russes dActes Sud et Victor Loupan, journaliste. La plateforme TradeSchool.net vient de publier un classement des Universit\u00e9 am\u00e9ricaines qui ont form\u00e9 le plus de pr\u00e9sidents am\u00e9ricains. R\u00e9sultats : Harvard, lun des huit \u00e9tablissements de la Ivy League, arrive en t\u00eate. Elle a vu passer entre autre : Barack Obama, George W.Bush, John F.Kennedy et Franklin D.Roosvelt. En mati\u00e8re de formation La confiance des consommateurs sam\u00e9liore plus que pr\u00e9vu en juin Nicolas Gilsoul : On ne peut plus concevoir la ville au XXIe si\u00e8cle comme on la concevait au XIXe 14h29 Don du sang. Les r\u00e9serves de sang sont jug\u00e9es pr\u00e9occupantes par lEFS, qui en appelle aux dons. Une importante collecte est organis\u00e9e jusquau dimanche 14 juin dans les salons de lH\u00f4tel de Ville de Paris.  <img decoding=\"async\" src=\"http:\/\/a.giscos.free.fr\/cinema\/Acteur\/J\/JeanClaudeVanDamme\/JeanClaudeVanDamme1.jpg\" alt=\"rencontre avec jean claude van damme\" align=\"left\"> <img decoding=\"async\" src=\"http:\/\/www.no-chao.be\/010.jpg\" alt=\"rencontre avec jean claude van damme\" align=\"right\"> Un petit tableau pas plus grand quune feuille format A4 est le sujet dune tr\u00e8s belle exposition pr\u00e9sent\u00e9e actuellement au mus\u00e9e dOrsay : Le Talisman, proph\u00e9tie de la couleur. En 2019, lors dune interview pour la sortie remast\u00e9ris\u00e9e de, il annonce quil reviendra aux c\u00f4t\u00e9s de son fils dans le film qui sortira en 2020 et annonce que ce sera son dernier film. Vie priv\u00e9e Sans indiscr\u00e9tion, quallez-vous faire de votre cagnotte de 99 684 euros?  Les v\u00e9rit\u00e9s 2018 Le r\u00e9chauffement climatique : d\u00e9fi majeur de notre civilisation  En cliquant sur Sinscrire, je reconnais avoir pris connaissance de la du HuffPost et des droits dont je dispose sur mes donn\u00e9es personnelles VID\u00c9O. Quand Alain-Fabien Delon et Jean-Claude Van Damme font la f\u00eate et immortalisent leur rencontre Le g\u00e9n\u00e9ral allemand von Bock estimait que lattaque des Ardennes \u00e9tait une offensive risqu\u00e9e mais n\u00e9cessaire : M\u00eame si lop\u00e9ration navait que 10 de chances de r\u00e9ussir, jy tiens. Car elle seule conduira \u00e0 lan\u00e9antissement de ladversaire. Publi\u00e9 le 28 novembre 2017 par Ad\u00e9la\u00efde Patrignani Pour loccasion la marque avait lou\u00e9 le studio Rouchon le plus ancien studio de cin\u00e9ma encore ouvert \u00e0 Paris afin de reconstituer certaines s\u00e9quences de la publicit\u00e9. Entre deux coupes de champagnes les invit\u00e9s pouvaient ainsi se glisser dans la peau de Jean-Claude Van Damme la nouvelle \u00e9g\u00e9rie de la marque! en se mettant \u00e0 bord dune Ferrari ou en montant sur un cygne g\u00e9ant entour\u00e9s de nanas en bikini jai fait la sc\u00e8ne de la Ferrari et jai h\u00e2te de voir le r\u00e9sultat huhu. Il \u00e9tait m\u00eame possible de participer \u00e0 un atelier rasage? Gros succ\u00e8s Lexpression rasage gratis prenant ici tout son sens. Sa mission : infiltrer lorganisation dun dangereux chef de gang flamand. Ce vendredi 17 ao\u00fbt, lacteur sera \u00e0 La Rochelle avec le r\u00e9alisateur, Julien Leclercq, pour pr\u00e9senter leur film au M\u00e9ga CGR des Minimes, \u00e0 20 heures il reste des places 2005. Jean-Claude Van Damme dans des chais de cognac Cr\u00e9dit photo : Henri-Jean Berth\u00e9l\u00e9my Nous \u00e9crire et \u00eatre disponible vendredi Hollywood a beau r\u00e9\u00e9crire sa propre histoire \u00e0 chaque instant, certaines choses ne changent pas. Re-coolis\u00e9 avec JCVD 2008 de Mabrouk El Mechri, incarne le m\u00e9chant terroriste Jean Vilain dans avec les tas de muscles internationaux,, Dolph Lundgren,,,, et. Loccasion pour cette ic\u00f4ne des ann\u00e9es 80 de retrouver son r\u00f4le de pr\u00e9dilection dans un film-mus\u00e9e sur le cin\u00e9ma daction dantan, dop\u00e9 aux sc\u00e8nes daction spectaculaires et ultraviolentes-un autre sympt\u00f4me des eighties. Publi\u00e9 le 9 juillet 2019 par La R\u00e9daction Radio Notre Dame Pronostic Werder Br\u00eame x Bayer Leverkusen le lundi 18 mai \u00e0 20h30 <img decoding=\"async\" src=\"http:\/\/sylvainnaudin.s.y.pic.centerblog.net\/gasu153j.jpg\" alt=\"rencontre avec jean claude van damme\" align=\"center\">.<\/p>\n","protected":false},"excerpt":{"rendered":"<p>rencontre avec jean claude van damme<\/p>\n","protected":false},"author":1,"featured_media":0,"comment_status":"closed","ping_status":"closed","sticky":false,"template":"","format":"standard","meta":{"footnotes":""},"categories":[1],"tags":[],"_links":{"self":[{"href":"http:\/\/mymobilebooster.com\/forum\/wp-json\/wp\/v2\/posts\/11939"}],"collection":[{"href":"http:\/\/mymobilebooster.com\/forum\/wp-json\/wp\/v2\/posts"}],"about":[{"href":"http:\/\/mymobilebooster.com\/forum\/wp-json\/wp\/v2\/types\/post"}],"author":[{"embeddable":true,"href":"http:\/\/mymobilebooster.com\/forum\/wp-json\/wp\/v2\/users\/1"}],"replies":[{"embeddable":true,"href":"http:\/\/mymobilebooster.com\/forum\/wp-json\/wp\/v2\/comments?post=11939"}],"version-history":[{"count":1,"href":"http:\/\/mymobilebooster.com\/forum\/wp-json\/wp\/v2\/posts\/11939\/revisions"}],"predecessor-version":[{"id":11940,"href":"http:\/\/mymobilebooster.com\/forum\/wp-json\/wp\/v2\/posts\/11939\/revisions\/11940"}],"wp:attachment":[{"href":"http:\/\/mymobilebooster.com\/forum\/wp-json\/wp\/v2\/media?parent=11939"}],"wp:term":[{"taxonomy":"category","embeddable":true,"href":"http:\/\/mymobilebooster.com\/forum\/wp-json\/wp\/v2\/categories?post=11939"},{"taxonomy":"post_tag","embeddable":true,"href":"http:\/\/mymobilebooster.com\/forum\/wp-json\/wp\/v2\/tags?post=11939"}],"curies":[{"name":"wp","href":"https:\/\/api.w.org\/{rel}","templated":true}]}}