{"id":12135,"date":"2020-10-16T00:49:47","date_gmt":"2020-10-16T00:49:47","guid":{"rendered":"http:\/\/mymobilebooster.com\/forum\/?p=12135"},"modified":"2020-10-04T08:23:10","modified_gmt":"2020-10-04T08:23:10","slug":"rencontres-regionales-erdf","status":"publish","type":"post","link":"http:\/\/mymobilebooster.com\/forum\/2020\/10\/16\/rencontres-regionales-erdf\/","title":{"rendered":"Rencontres R\u00e9gionales Erdf"},"content":{"rendered":"<p>On peut ne pas toucher son 13 \u00e8me mois si on paie trop d imp\u00f4ts et prendre 20 jours de cong\u00e9 en plus  -Visite privil\u00e9gi\u00e9e de plusieurs stands : AVERE, MOVEO, EDF, constructeurs automobiles.. Le tarifs agent coute aux entreprises, je suis daccord. La politique Sant\u00e9-S\u00e9curit\u00e9 dEDF et GDF repose sur un principe simple : lHomme doit \u00eatre plac\u00e9 au c\u0153ur des organisations  Start West fait partie des \u00e9v\u00e9nement majeurs dans le capital innovation explique Eric Marty, membre du directoire dEmertec. Nous venons chaque ann\u00e9e \u00e0 Start West. Cest un \u00e9v\u00e8nement important qui nous dans un laps de temps court pour rencontrer toutes les parties prenantes de linnovation et renforcer notre r\u00e9seau avec les structures actives au plan r\u00e9gional. Cest le lieu pour nouer des relations avec des porteurs de projets et tisser des liens \u00e0 moyen terme, ajoute Eric Marty Bas\u00e9 \u00e0 Grenoble et \u00e0 Paris. Retrouvez la r\u00e9trospective 2013-2018 dans l\u00e9dition sp\u00e9ciale de Turbeau Il existe \u00e0 ce titre, chez EDF et GDF, un Groupe dAppui National Comment entrer chez edf? Quel concours dois-je passer et comment faire? Sil y a une chance pour que je puisse enfin arriver \u00e0 la fin du mois sans boule au ventre d\u00e8s le quinzi\u00e8me jour, je la saisie! Je suis agent erdf depuis une petite dizaine dann\u00e9e, mon salaire est a peine plus haut que le smic alors que je travaille tout les jours avec plusieurs \u00e9quipes erdf ou sous-traitant sous ma responsabilit\u00e9! De plus nous sommes soumis a lastreinte minimum une semaine par moi 24h24! Et souvent plus! \u00e0 tout moment nous pouvons etre mobilis\u00e9 dans le cadre de la FIRE force dintervention rapide electricit\u00e9 afin de palier a des degats important sur le r\u00e9seau et partir \u00e0 plusieurs centaines voir milliers de kilom\u00e9tres de notre foyer en \u00e9tant pr\u00e9venu que quelques petites heure avant! Ce que nous faisons avec plaisir car nous avons le gout du service public! Alors oui je beneficie du tarif agent! Mais ce nest pas pour cela quon j\u00e8te le chauffage par les fenetres! Je viens meme dinstaller un poele a bois chez moi afin de reduire ma consommation! Alors pour les jaloux, venez travailler chez nous, on embauche! Et levez vous \u00e0 pas dheure, par-10 ou m\u00e9me-17, sous la pluie ou lorage car nous avons pas dintemperies chez nous! Et quittez votre famille pour des semaines sans savoir ou vous partez et ni pour combien de temps! Pour risquer votre vie sur un reseau degrad\u00e9 suite aux intemperies tout sa pour des clients que vous ne connaissez meme pas et qui la plupart du temps vous insulte parce quil sont en panne de courant ou tout simplement parce que vous etes un de ces privillegi\u00e9 dagent edf! Suite \u00e0 ladoption de la loi sur la Transition Energ\u00e9tique en 2015, Philippe Monloubou se f\u00e9licite, dune part des succ\u00e8s diplomatiques fran\u00e7ais et dautre part de la d\u00e9cision de la Cop 21 de transf\u00e9rer \u00e0 la soci\u00e9t\u00e9 civile et aux acteurs publics locaux la charge du d\u00e9ploiement des transformations n\u00e9cessaires pour r\u00e9ussir la transition \u00e9nerg\u00e9tique. Dans un contexte de fortes \u00e9volutions des grandes m\u00e9tropoles et des communaut\u00e9s de communes, cet \u00e9l\u00e9ment nouveau modifie les \u00e9quilibres en place et renforce le r\u00f4le des acteurs locaux en situant les actions \u00e0 mener dans le champ de leur territoire. Philippe Monloubou souhaite quERDF accompagne sur le terrain ces changements en renfor\u00e7ant sa proximit\u00e9 avec les acteurs locaux. Apr\u00e8s une premi\u00e8re exp\u00e9rience r\u00e9ussie avec 13 collectivit\u00e9s, lobjectif de ce nouveau groupe est demmener dautres territoire <img decoding=\"async\" src=\"http:\/\/www.subject.serenitynowmassagetherapy.com\/img\/400\/587e4615b1e38-promotion-rosace-decoration-interieur-soc-paris-75000-ile-de-france-1-400.jpg\" alt=\"rencontres r\u00e9gionales erdf\" align=\"right\"> L Ecole de la Deuxi\u00e8me Chance Grand Hainaut organise les 3\u00e8mes E2CIADES R\u00e9gionales en Nord-Pas de Calais. EDF \u00c9merchicourt : comment d\u00e9m\u00e9nager mon contrat? <img decoding=\"async\" src=\"http:\/\/www.capenergies.fr\/wp-content\/uploads\/2015\/12\/Les_Rencontres_daffaires_AG_2015_new.jpg\" alt=\"rencontres r\u00e9gionales erdf\" align=\"center\"> Retour sur la visio conf\u00e9rence-RSO :Place aux parties prenantes, 5 septembre 2019 Lensemble des \u00e9ditions de Paris-Normandie ne sont pas parues ce vendredi 3 mars, cons\u00e9quence dun appel \u00e0 la gr\u00e8ve de vingt-quatre heures lanc\u00e9 dans la nuit par le syndicat SilpacCGT repr\u00e9sentant les ouvriers du journal. Leurs repr\u00e9sentants souhaitent manifester leur d\u00e9saccord aux n\u00e9gociations en cours avec le PDG de la Soci\u00e9t\u00e9 normande dinformation et de communication.. <img decoding=\"async\" src=\"http:\/\/cdn.simplesite.com\/i\/13\/b5\/282600882998064403\/i282600889628920664._szw1280h1280_.jpg\" alt=\"rencontres r\u00e9gionales erdf\" align=\"left\"> Film r\u00e9alis\u00e9 par J-Michel Ameil, r\u00e9alisateur \u00e0 Imagein31 maintenir la qualit\u00e9 dalimentation sur la base des normes en vigueur en fonctionnement normal, en r\u00e9alisant des investissements sur le r\u00e9seau ; les dates de d\u00e9but et de fin du besoin du compteur. La CARENE, adh\u00e9rent au Comit\u00e9 21, va voter son Plan Local dUrbanisme Intercommunal PLUi dici 2019. Energy Observer : Escale \u00e0 Nantes jusquau 17 septembre Le 16 juin 2019 \u00e0 Montboillon a eu lieu la seconde \u00e9dition de la Course solidaire les Francs Comtois pour Sarah.<\/p>\n","protected":false},"excerpt":{"rendered":"<p>rencontres r\u00e9gionales erdf<\/p>\n","protected":false},"author":1,"featured_media":0,"comment_status":"closed","ping_status":"closed","sticky":false,"template":"","format":"standard","meta":{"footnotes":""},"categories":[1],"tags":[],"_links":{"self":[{"href":"http:\/\/mymobilebooster.com\/forum\/wp-json\/wp\/v2\/posts\/12135"}],"collection":[{"href":"http:\/\/mymobilebooster.com\/forum\/wp-json\/wp\/v2\/posts"}],"about":[{"href":"http:\/\/mymobilebooster.com\/forum\/wp-json\/wp\/v2\/types\/post"}],"author":[{"embeddable":true,"href":"http:\/\/mymobilebooster.com\/forum\/wp-json\/wp\/v2\/users\/1"}],"replies":[{"embeddable":true,"href":"http:\/\/mymobilebooster.com\/forum\/wp-json\/wp\/v2\/comments?post=12135"}],"version-history":[{"count":1,"href":"http:\/\/mymobilebooster.com\/forum\/wp-json\/wp\/v2\/posts\/12135\/revisions"}],"predecessor-version":[{"id":12136,"href":"http:\/\/mymobilebooster.com\/forum\/wp-json\/wp\/v2\/posts\/12135\/revisions\/12136"}],"wp:attachment":[{"href":"http:\/\/mymobilebooster.com\/forum\/wp-json\/wp\/v2\/media?parent=12135"}],"wp:term":[{"taxonomy":"category","embeddable":true,"href":"http:\/\/mymobilebooster.com\/forum\/wp-json\/wp\/v2\/categories?post=12135"},{"taxonomy":"post_tag","embeddable":true,"href":"http:\/\/mymobilebooster.com\/forum\/wp-json\/wp\/v2\/tags?post=12135"}],"curies":[{"name":"wp","href":"https:\/\/api.w.org\/{rel}","templated":true}]}}