{"id":12255,"date":"2020-10-16T16:21:43","date_gmt":"2020-10-16T16:21:43","guid":{"rendered":"http:\/\/mymobilebooster.com\/forum\/?p=12255"},"modified":"2020-10-04T12:24:46","modified_gmt":"2020-10-04T12:24:46","slug":"rencontre-joseph-morgan","status":"publish","type":"post","link":"http:\/\/mymobilebooster.com\/forum\/2020\/10\/16\/rencontre-joseph-morgan\/","title":{"rendered":"Rencontre Joseph Morgan"},"content":{"rendered":"<p>Daringtodo.com, 23 juillet 2014. R\u00e9cup\u00e9r\u00e9 28 Juillet, 2014. <img decoding=\"async\" src=\"http:\/\/artbombdaily.com\/auction_data\/auction_images\/5516\/36660.jpg\" alt=\"rencontre joseph morgan\" align=\"left\"> tous ses followers \u00e0 parler de livres quils ont aim\u00e9s et \u00e0 partager leur lecture avec lui. La pens\u00e9e existentielle moderne se divise en deux courants: lexistentialisme croyant th\u00e9iste ou chr\u00e9tien et lexistentialisme ath\u00e9e. Les existentialistes croyants les plus c\u00e9l\u00e8bres sont, au XIX e si\u00e8cle: Soren Kierkegaard 1813-1855, Danois th\u00e9iste, n\u00e9 de parents protestants. Sa philosophie est anti-eccl\u00e9siale oppos\u00e9e \u00e0 lid\u00e9alisme de Georg Wilhelm Friedrich Hegel. Il est le premier \u00e0 appeler lobjet en-soi et le sujet pour-soi. Selon lui, on peut d\u00e9crire len-soi mais on ne peut dire pour quelle raison il est l\u00e0, alors que le pour-soi est, dapr\u00e8s lui, un projet. Quant \u00e0 la foi, il la consid\u00e8re comme une communication avec Dieu, non comme des rites inchangeables ou des dogmes fix\u00e9s d\u00e9finitivement \u00e0 lavance. Au XX e si\u00e8cle: lAllemand Karl Jaspers 1883-1969, plut\u00f4t th\u00e9iste, et le Fran\u00e7ais Gabriel Marcel 1889-1973, repr\u00e9sentant de lexistentialisme chr\u00e9tien qui insiste sur le contraste entre la faiblesse et langoisse de lHomme et la transcendance, la toute puissance et lAbsolu de Dieu. Pour Gabriel Marcel, lHomme doit toujours sefforcer de se rapprocher de Dieu pour tenter datteindre la perfection, et cela en \u00e9tant un chr\u00e9tien authentique. Joseph Morgan \u00e0 PaleyFest 2014 Filmographie acteur cin\u00e9ma Joseph Morgan : le beau gosse de The Originals sest mari\u00e9! <img decoding=\"async\" src=\"http:\/\/xoxoafterdark.com\/wp-content\/uploads\/2015\/09\/portal2.jpg\" alt=\"rencontre joseph morgan\" align=\"right\"> Dans la troisi\u00e8me saison, Klaus avoue \u00e0 Stefan quils se sont connus \u00e0 Chicago dans les ann\u00e9es 20, alors que Stefan flirtait avec Rebekah, la s\u0153ur cadette de Klaus ; Ce dernier d\u00e9testait Stefan, avant quils ne deviennent amis au point de se consid\u00e9rer comme fr\u00e8res. Klaus et Rebekah, qui fuyaient alors un autre vampire nomm\u00e9 Mikael, se sont enfuis et Klaus avait alors effac\u00e9 la m\u00e9moire de Stefan, afin de couvrir leurs traces. Il comprend par la suite quElena, quil croyait avoir tu\u00e9e lors du rituel, est toujours en vie ; Il pense tout dabord quelle est \u00e0 lorigine de son \u00e9chec pour cr\u00e9er des hybrides et quil doit la tuer, avant de se rendre compte que son sang en est la clef. Il parvient ainsi \u00e0 cr\u00e9er son premier hybride, Tyler, en le for\u00e7ant \u00e0 boire son propre sang, puis en le tuant et enfin en le nourrissant du sang dElena peu apr\u00e8s son r\u00e9veil, afin dachever la mutation. Suite \u00e0 cela, Tyler sera alors reconnaissant \u00e0 Klaus davoir fait cesser sa mal\u00e9diction et se sentira loyal envers lui du fait que son sang coule dans ses veines.  THE ORIGINALS : Joseph Morgan in ALL SAINTS tee-Fringues de s\u00e9ries Jeanne dArc va faire lobjet dune nouvelle s\u00e9rie, produite par Frema.. Pour une convention fran\u00e7aise sur les s\u00e9ries DC \ufe0f! Objectifs 1000 followers pour int\u00e9resser les organisateurs de conventions et Follow svp! Connectez-vous pour reprendre la lecture de vos vid\u00e9os britannique, Doc Martin ainsi que dans Casualty. Il a jou\u00e9 le r\u00f4le de William The Resident TF1 : qui est le mari dEmily VanCamp, son ancien partenaire dans Revenge? 8 au 10 avril 2021 : Secours Expo Paris Porte de Versailles Hall 5.1 Retrouvez toute lactu t\u00e9l\u00e9, les audiences et ce qui buzz avec T\u00e9l\u00e9 2 Semaines  Apr\u00e8s lautomobile, les deux-roues \u00e0 moteur sont en train de se convertir \u00e0 l\u00e9lectricit\u00e9. Panorama des principaux mod\u00e8les.. Joseph Morgan : Je savais depuis le d\u00e9but quil y avait du potentiel. C\u00e9tait plut\u00f4t du genre Je fais quatre \u00e9pisodes et si je les ai vraiment g\u00e2ch\u00e9, je ne reviendrai pas. Il y avait beaucoup de pression derri\u00e8re tout \u00e7a mais si tout va bien, je devrais revenir pour au moins une saison. Donc je my attendais pas mais je lesp\u00e9rais. D\u00e8s que jai commenc\u00e9 \u00e0 tourner dans cette s\u00e9rie, jai tout de suite voulu revenir, car je prends tellement de plaisir \u00e0 jouer dedans. Erreur lors de la sauvegarde du brouillon. En continu En somme, si on se permet dextrapoler, on peut conclure que laccueil favorable r\u00e9serv\u00e9 \u00e0 une pens\u00e9e \u00e9trang\u00e8re d\u00e9pend de sa capacit\u00e9 \u00e0 satisfaire les besoins ressentis par laire culturelle qui la convoque. Dautre part, le m\u00e9diateur semble bien calculer les b\u00e9n\u00e9fices et les pertes escompt\u00e9s de cette importation: sil la trouve globalement avantageuse pour le milieu r\u00e9cepteur, il peut m\u00eame tenter de ly acclimater, quitte \u00e0 soumettre sa pr\u00e9sentation aux retouches n\u00e9cessit\u00e9es par le respect des valeurs sur lesquelles il sait que ses lecteurs ne transigent pas. Un coup de foudre? Eh oui les meltynautes, si les deux s\u00e9ries aux crocs ac\u00e9r\u00e9es ont d\u00e9sormais tir\u00e9 leur r\u00e9v\u00e9rence, les acteurs nont pas quitt\u00e9 les coeurs des fans aussi facilement. Bien au contraire! Et linterpr\u00e8te de Klaus fait d\u00e9finitivement partie des chouchous des afficionados du show t\u00e9l\u00e9vis\u00e9. Alors quune ancienne actrice de The Originals&#8230; <img decoding=\"async\" src=\"http:\/\/www.nafeonation.org\/wp-content\/uploads\/2017\/03\/headlines-banner.jpg\" alt=\"rencontre joseph morgan\" align=\"left\">  Joseph Morgan : Je sais que ce nest pas dans notre cha\u00eene mais je suis un grand fan Walking Dead. Je suis un grand fan de cette s\u00e9rie. Je ladore. Je vais participer une convention en f\u00e9vrier, \u00e0 Orlando en Floride et je pense que Lauren Cohan va y \u00eatre aussi. Je suis excit\u00e9 parce que je ne lai jamais rencontr\u00e9. Jai lu toutes les bandes dessin\u00e9es ainsi que les romans graphiques. Jadore \u00e7a. Je vais aller l\u00e0-bas, au cas o\u00f9 ils chercheraient un guest pour jouer dans un \u00e9pisode.<\/p>\n","protected":false},"excerpt":{"rendered":"<p>rencontre joseph morgan<\/p>\n","protected":false},"author":1,"featured_media":0,"comment_status":"closed","ping_status":"closed","sticky":false,"template":"","format":"standard","meta":{"footnotes":""},"categories":[1],"tags":[],"_links":{"self":[{"href":"http:\/\/mymobilebooster.com\/forum\/wp-json\/wp\/v2\/posts\/12255"}],"collection":[{"href":"http:\/\/mymobilebooster.com\/forum\/wp-json\/wp\/v2\/posts"}],"about":[{"href":"http:\/\/mymobilebooster.com\/forum\/wp-json\/wp\/v2\/types\/post"}],"author":[{"embeddable":true,"href":"http:\/\/mymobilebooster.com\/forum\/wp-json\/wp\/v2\/users\/1"}],"replies":[{"embeddable":true,"href":"http:\/\/mymobilebooster.com\/forum\/wp-json\/wp\/v2\/comments?post=12255"}],"version-history":[{"count":1,"href":"http:\/\/mymobilebooster.com\/forum\/wp-json\/wp\/v2\/posts\/12255\/revisions"}],"predecessor-version":[{"id":12256,"href":"http:\/\/mymobilebooster.com\/forum\/wp-json\/wp\/v2\/posts\/12255\/revisions\/12256"}],"wp:attachment":[{"href":"http:\/\/mymobilebooster.com\/forum\/wp-json\/wp\/v2\/media?parent=12255"}],"wp:term":[{"taxonomy":"category","embeddable":true,"href":"http:\/\/mymobilebooster.com\/forum\/wp-json\/wp\/v2\/categories?post=12255"},{"taxonomy":"post_tag","embeddable":true,"href":"http:\/\/mymobilebooster.com\/forum\/wp-json\/wp\/v2\/tags?post=12255"}],"curies":[{"name":"wp","href":"https:\/\/api.w.org\/{rel}","templated":true}]}}