{"id":12627,"date":"2020-10-17T18:45:57","date_gmt":"2020-10-17T18:45:57","guid":{"rendered":"http:\/\/mymobilebooster.com\/forum\/?p=12627"},"modified":"2020-10-05T00:42:08","modified_gmt":"2020-10-05T00:42:08","slug":"43e-rencontres-internationales-de-la-photographie","status":"publish","type":"post","link":"http:\/\/mymobilebooster.com\/forum\/2020\/10\/17\/43e-rencontres-internationales-de-la-photographie\/","title":{"rendered":"43e Rencontres Internationales De La Photographie"},"content":{"rendered":"<p>Le travail de r\u00e9colement des documents darchives, entam\u00e9 en pr\u00e9paration du 50 e anniversaire du festival, a permis didentifier les diff\u00e9rentes pi\u00e8ces darchives du festival. Les archives du festival conservent diff\u00e9rentes typologies et supports documentaires, entre autres aussi des documents qui peuvent \u00eatre consid\u00e9r\u00e9s comme des \u0153uvres dart. Toute la documentation produite ou re\u00e7ue dans le cadre de lorganisation du festival est consid\u00e9r\u00e9e comme archives. <img decoding=\"async\" src=\"http:\/\/www.inthemoodforcinema.com\/media\/01\/00\/1398543838.jpg\" alt=\"43e rencontres internationales de la photographie\" align=\"left\">  <img decoding=\"async\" src=\"http:\/\/www.big.indiasbestdoctors.org\/blog\/images\/T\/T600\/t648-catherinette.jpeg\" alt=\"43e rencontres internationales de la photographie\" align=\"left\"> Lharmonisation des r\u00e8gles en mati\u00e8re dautopsie m\u00e9dico-l\u00e9gale.. By Conseil de lEurope. Comit\u00e9 des ministres-Long-m\u00e9trage prim\u00e9 : Lesprit de la Ruche de Victor ERICE, Espagne. Une passionnante r\u00e9trospective de lhistoire de la photo de mode, r\u00e9alis\u00e9e en partenariat avec le Mus\u00e9e de la Mode \u00e0 Paris. Loccasion de Pour r\u00e9ussir ce d\u00e9fi collectif in\u00e9dit, nous lan\u00e7ons un appel solennel \u00e0 tous les employeurs qui le peuvent \u00e0 continuer le t\u00e9l\u00e9travail et \u00e0 am\u00e9nager les heures dembauche et de sortie les matins et soirs, a-t-elle assur\u00e9. 1968 : 10e Festival Hommages \u00e0 Samuel FULLER Jerry LEWIS, anim\u00e9s par Jean DOUCHET. 1969 : 11e Festival R\u00e9trospective Claude CHABROL, anim\u00e9e par Jean DOUCHET. Prix Photo Folio Review: Combining for Ice and Jade 2011-2017 de Le travail de r\u00e9colement des documents darchives, entam\u00e9 en pr\u00e9paration du 50 e anniversaire du festival, a permis didentifier les diff\u00e9rentes pi\u00e8ces darchives du festival. Les archives du festival conservent diff\u00e9rentes typologies et supports documentaires, entre autres aussi des documents qui peuvent \u00eatre consid\u00e9r\u00e9s comme des \u0153uvres dart. Toute la documentation produite ou re\u00e7ue dans le cadre de lorganisation du festival est consid\u00e9r\u00e9e comme archives. M\u00eame \u00e0 la sortie du confinement, les comportements ne seront pas les m\u00eames, souligne Christian Mourisard \u00e9galement pr\u00e9sident dADN Tourisme, F\u00e9d\u00e9ration nationale des acteurs institutionnels du secteur, qui planche pour pr\u00e9parer lapr\u00e8s. Y aura-t-il des limites pour les rassemblements, des distances de s\u00e9curit\u00e9? Les Italiens, Am\u00e9ricains, Japonais qui aimaient visiter Arles voyageront-ils comme avant? Le nombre de d\u00e9tenus dans les prisons fran\u00e7aises a diminu\u00e9 de 11 500 depuis le 16 mars en raison de la crise du coronavirus, faisant chuter le taux de population carc\u00e9rale en dessous de 100, a d\u00e9clar\u00e9 mercredi la ministre de la Justice Nicole Belloubet dans au Monde.   Les anciens \u00e9tudiants ont bien boug\u00e9 et nous rapporte quelques magnifiques t\u00e9moignages comme on le d\u00e9couvre au Parc des ateliers : traverse lIslande ou la Mongolie en noir et blanc dans sa voiture, est parti pour une r\u00e9sidence exceptionnelle aux \u00eeles Kergelen, Sugnhee Lee sarr\u00eate en Asie devant les panneaux publicitaires vides, photographie les campements des travailleurs des mines au Congo et les affiches chinoises qui les d\u00e9corent, les jumeaux se mettent en sc\u00e8ne dans un Proche-Orient mondialis\u00e9, nous retourne le c\u0153ur avec des portraitst\u00e9moignages de femmes rwandaises victimes de viol Paris-ope\u0301ra, la Pe\u0301pinie\u0300re the\u0301a\u0302tre : Marie Tudor, Victor Hugo, mise en sce\u0300ne Philippe Calvario, avec Cristiana Reali, Jean-Philippe Ricci.. Affiche La photographie am\u00e9ricaine \u00e0 travers les collections fran\u00e7aises,,,,,,, Julien Chapsal,,,,,,,,,,,,,, Meyer,,,, 2007 : 38 e \u00e9dition 3 juillet-16 septembre <img decoding=\"async\" src=\"http:\/\/nouveaucinema.ca\/images\/public\/infolettres\/autres\/2014\/videodrome-tour-3140910122434.jpg\" alt=\"43e rencontres internationales de la photographie\" align=\"left\">-Commande publique par le minist\u00e8re fran\u00e7ais des Arts pour cr\u00e9er des archives photographiques de Le Cyclop, lune des \u0153uvres majeures de Jean Tinguely, 2005 Pr\u00e9sentation des expositions de photographies organis\u00e9es dans divers lieux patrimoniaux dArles.-Long-m\u00e9trage prim\u00e9 : L\u00e2me s\u0153ur de Freddy MURER, Suisse. Avec une programmation compos\u00e9e essentiellement de productions in\u00e9dites, les Rencontres dArles ont acquis une envergure internationale. En 2019, pour sa 50 e \u00e9dition, 145 000 visiteurs se sont rendus au festival pour plus de 1 400 000 visites dexpositions. Ville de Montluc\u0327on Festival de linstrument de musique 1988. Les cuivres Montluc\u0327ons 20-28 Mai.. Affiche Il faut laisser le maire dire aux responsables de l\u00e9ducation nationale comment chaque \u00e9cole pourra \u00eatre rouverte ou non \u00e0 partir du 11 mai, a expliqu\u00e9 \u00c9douard Philippe lors des questions au gouvernement \u00e0 lAssembl\u00e9e nationale \u00c7a nest pas moi qui peux le dire, ce nest pas le ministre de l\u00e9ducation nationale ; cest souvent le directeur de l\u00e9cole, le maire et le repr\u00e9sentant local de l\u00e9ducation nationale, et jai totalement confiance dans ces trois acteurs, a indiqu\u00e9 le premier ministre qui a re\u00e7u les associations d\u00e9lus locaux dans la matin\u00e9e pour voir comment mettre en musique le d\u00e9confinement par r\u00e9gion et par d\u00e9partement. Carte Cadeau R\u00e9glo Finance SAV Accueil Engagement Avis Client Extension de garanties Applications Mobiles E.Leclerc Cette ann\u00e9e est \u00e9galement loccasion pour lEcole Nationale Sup\u00e9rieure de Photographie dArles ENSP, cr\u00e9\u00e9e en 1982, de dresser le bilan de trente ann\u00e9es de formation.<\/p>\n","protected":false},"excerpt":{"rendered":"<p>43e rencontres internationales de la photographie<\/p>\n","protected":false},"author":1,"featured_media":0,"comment_status":"closed","ping_status":"closed","sticky":false,"template":"","format":"standard","meta":{"footnotes":""},"categories":[1],"tags":[],"_links":{"self":[{"href":"http:\/\/mymobilebooster.com\/forum\/wp-json\/wp\/v2\/posts\/12627"}],"collection":[{"href":"http:\/\/mymobilebooster.com\/forum\/wp-json\/wp\/v2\/posts"}],"about":[{"href":"http:\/\/mymobilebooster.com\/forum\/wp-json\/wp\/v2\/types\/post"}],"author":[{"embeddable":true,"href":"http:\/\/mymobilebooster.com\/forum\/wp-json\/wp\/v2\/users\/1"}],"replies":[{"embeddable":true,"href":"http:\/\/mymobilebooster.com\/forum\/wp-json\/wp\/v2\/comments?post=12627"}],"version-history":[{"count":1,"href":"http:\/\/mymobilebooster.com\/forum\/wp-json\/wp\/v2\/posts\/12627\/revisions"}],"predecessor-version":[{"id":12628,"href":"http:\/\/mymobilebooster.com\/forum\/wp-json\/wp\/v2\/posts\/12627\/revisions\/12628"}],"wp:attachment":[{"href":"http:\/\/mymobilebooster.com\/forum\/wp-json\/wp\/v2\/media?parent=12627"}],"wp:term":[{"taxonomy":"category","embeddable":true,"href":"http:\/\/mymobilebooster.com\/forum\/wp-json\/wp\/v2\/categories?post=12627"},{"taxonomy":"post_tag","embeddable":true,"href":"http:\/\/mymobilebooster.com\/forum\/wp-json\/wp\/v2\/tags?post=12627"}],"curies":[{"name":"wp","href":"https:\/\/api.w.org\/{rel}","templated":true}]}}