{"id":12641,"date":"2020-10-17T09:04:25","date_gmt":"2020-10-17T09:04:25","guid":{"rendered":"http:\/\/mymobilebooster.com\/forum\/?p=12641"},"modified":"2020-10-05T01:11:52","modified_gmt":"2020-10-05T01:11:52","slug":"les-rencontres-nationales-nos-quartiers-ont-des-talents","status":"publish","type":"post","link":"http:\/\/mymobilebooster.com\/forum\/2020\/10\/17\/les-rencontres-nationales-nos-quartiers-ont-des-talents\/","title":{"rendered":"Les Rencontres Nationales Nos Quartiers Ont Des Talents"},"content":{"rendered":"<p>TEMOIGNIACS, ce sont 3 questions pos\u00e9es \u00e0 des gniaqeurs, afin de vous permettre de mieux les conna\u00eetre, de tisser des liens, de construire une communaut\u00e9, de capitaliser sur.. <img decoding=\"async\" src=\"http:\/\/www.ville-soissons.fr\/fileadmin\/_processed_\/5\/c\/csm_carrefour-emploi-soissons_56a0eca661.jpg\" alt=\"les rencontres nationales nos quartiers ont des talents\" align=\"left\">-Une affiche A4 en couleurs. Merci de bien vouloir lafficher m\u00eame en noir et blanc Le jury du concours international darchitecture lanc\u00e9 par la Ville pour la r\u00e9alisation du futur Palais des Congr\u00e8s de N\u00eemes a s\u00e9lectionn\u00e9 un projet architectural \u00e0 lidentit\u00e9 marqu\u00e9e, propos\u00e9 par les agences Chabanne et 3XN.. <img decoding=\"async\" src=\"http:\/\/www.globalresearch.ca\/wp-content\/uploads\/2016\/07\/Screen-Shot-2016-07-31-at-10.56.31.png\" alt=\"les rencontres nationales nos quartiers ont des talents\" align=\"right\"> LE2C Estuaire de la Loire a permis \u00e0 4 de ses stagiaires de participer aux rencontres europ\u00e9ennes organis\u00e9es en Allemagne. Ils se sont impliqu\u00e9s dans un projet de groupe, ont pu utiliser une langue \u00e9trang\u00e8re, et d\u00e9couvrir dautres cultures au travers dactivit\u00e9s sportives.  Premi\u00e8re universit\u00e9 de province \u00e0 avoir sign\u00e9 une convention de partenariat avec le dispositif, lUniversit\u00e9 Jean Moulin Lyon 3 sera pr\u00e9sente le 27 novembre prochain pour la 5e \u00e9dition de des dont lobjectif est de renforcer les partenariats et les \u00e9changes dexp\u00e9riences. Le conducteur dune Tesla \u00e9vite de justesse un sanglier gr\u00e2ce \u00e0 la technologie du v\u00e9hicule En cliquant sur Sinscrire, vous acceptez les CGU et la politique de traitement de vos donn\u00e9es personnelles. \u03a6\u03c1\u03b5\u03c3\u03ba\u03bf\u03ba\u03bf\u03bc\u03bc\u03ad\u03bd\u03bf \u03c0\u03c1\u03bf\u03c3\u03bf\u03cd\u03c4\u03bf \u03a0\u03ac\u03c1\u03bc\u03b1\u03c2 \u03ba\u03b1\u03b9 \u03b5\u03bb\u03b1\u03c6\u03c1\u03b9\u03ac \u03ba\u03c1\u03ad\u03bc\u03b1 \u03b3\u03ac\u03bb\u03b1\u03ba\u03c4\u03bf\u03c2 Le 2 juin marque une nouvelle \u00e9tape de sortie de confinement pour les juridictions.  Inscription obligatoire \u00e0 partir du lundi 19 novembre sur le site S M. Tall, Les investissements immobiliers \u00e0 Dakar des \u00e9migr\u00e9s s\u00e9n\u00e9galais. \u00c9mergence dun nouvel acteur et mutations de lespace urbain, Strasbourg, Universit\u00e9 Louis Pasteur, 2000, 553 p. Th\u00e8se A lusine de Rennes, 1.387 personnes sur 1.400 concern\u00e9es par les suppressions de postes ont une solution de reclassement, dont plus de 400 de cong\u00e9s seniors, selon Philippe Dorge. La fermeture dAulnay et les suppressions de postes \u00e0 Rennes et dans le reste du groupe doivent aboutir \u00e0 la suppression de 8.000 postes, comme pr\u00e9vu dans le plan de restructuration lanc\u00e9 en juillet 2012. 24092016 : S\u00e9niors, acteurs du d\u00e9veloppement des territoires pour une soci\u00e9t\u00e9 de tous les \u00e2ges.. La 10e \u00e9dition de la Semaine de lindustrie initialement pr\u00e9vue du 30 mars au 5 avril 2020 est report\u00e9e \u00e0 lautomne. Depuis 2011, elle valorise le secteur de lindustrie et ses acteurs en proposant des \u00e9v\u00e9nements p\u00e9dagogiques et de d\u00e9couverte au grand public. Visites dentreprises, job dating, web-conf\u00e9rences, interventions en classe, forum des m\u00e9tiers, expositions En le pr\u00e9sident est le premier chef d\u00c9tat fran\u00e7ais \u00e0 se rendre en visite officielle en. \u00c0 ce moment-l\u00e0 Dakar compte environ 135 000 habitants. Lessor d\u00e9mographique engendre une p\u00e9nurie de logements, demplois et de mati\u00e8res premi\u00e8res. Le le se rend \u00e0 son tour \u00e0 Dakar o\u00f9 il est accueilli fra\u00eechement par des manifestants r\u00e9clamant lind\u00e9pendance du pays, qui se concr\u00e9tisera deux ans plus tard. Dakar devient dabord la capitale de l\u00e9ph\u00e9m\u00e8re, puis celle de la R\u00e9publique du S\u00e9n\u00e9gal le. <img decoding=\"async\" src=\"http:\/\/edf-webtv-front-resources-pad.brainsonic.com\/ressources\/file\/2833272-62949-50959-photo_url-one-powerline-decouvrez-grafakie-notre-artiste-coup-de-cour.jpg\" alt=\"les rencontres nationales nos quartiers ont des talents\" align=\"right\"> \u00c9tudiants et dipl\u00f4m\u00e9s en recherche de stages, demploi, de r\u00e9seaux, A loccasion des Rencontres Nationales de Nos quartiers ont des talents, Lionel Collet, pr\u00e9sident de la Conf\u00e9rence des pr\u00e9sidents duniversit\u00e9 et Laurence Parisot, pr\u00e9sidente du Medef, ont sign\u00e9 le 23 novembre, la premi\u00e8re convention destin\u00e9e \u00e0 donner un cadre aux partenariats entre les universit\u00e9s et les Medef r\u00e9gionaux et territoriaux, et les f\u00e9d\u00e9rations professionnelles int\u00e9ress\u00e9es. Ce sont plus de 20 stagiaires de lE2C Lorraine qui ont \u00e9t\u00e9 mobilis\u00e9s sur cette action qui consiste \u00e0 implanter une sculpture imagin\u00e9e par Jacques PEIFFER, artiste de renomm\u00e9e internationale, sur le site du vieux ch\u00e2teau de Longwy. Cette sculpture de plus de 6,5 m\u00e8tres de haut a \u00e9t\u00e9 r\u00e9alis\u00e9e en bois trait\u00e9, en acier trait\u00e9 et fix\u00e9e au sol dans les plots de b\u00e9ton. A laide de professionnels, les stagiaires ont travaill\u00e9 sur la phase de conception, plans, mesures, pr\u00e9paration du chantier, se sont int\u00e9ress\u00e9s aux pr\u00e9paratifs des fondations, plots de b\u00e9tons, nettoyage du site et ont particip\u00e9 \u00e0 la phase dassemblage et du transport de la fl\u00e8che vers le site, le levage et larrimage.  Jusqu\u00e0 maintenant, le surf \u00e9tait associ\u00e9 pour le commun des mortels, \u00e0 la mer. Et bien, voici quelques nouveaut\u00e9s qui vont changer votre point de vue. Actuellement, certains passionn\u00e9s le.. Les reclassements se poursuivent chez, mais pas assez vite, notamment sur le site dAulnay-sous-Bois, appel\u00e9 \u00e0 \u00eatre ferm\u00e9 dans les prochains mois. La direction et les repr\u00e9sentants syndicaux du groupe automobile ont d\u00e9cid\u00e9 lors dun comit\u00e9 central dentreprise le 5 d\u00e9cembre de prolonger le plan de d\u00e9parts volontaires pour les salari\u00e9s jusquau 30 avril 2014, en lieu et place du 31 d\u00e9cembre de cette ann\u00e9e.<\/p>\n","protected":false},"excerpt":{"rendered":"<p>les rencontres nationales nos quartiers ont des talents<\/p>\n","protected":false},"author":1,"featured_media":0,"comment_status":"closed","ping_status":"closed","sticky":false,"template":"","format":"standard","meta":{"footnotes":""},"categories":[1],"tags":[],"_links":{"self":[{"href":"http:\/\/mymobilebooster.com\/forum\/wp-json\/wp\/v2\/posts\/12641"}],"collection":[{"href":"http:\/\/mymobilebooster.com\/forum\/wp-json\/wp\/v2\/posts"}],"about":[{"href":"http:\/\/mymobilebooster.com\/forum\/wp-json\/wp\/v2\/types\/post"}],"author":[{"embeddable":true,"href":"http:\/\/mymobilebooster.com\/forum\/wp-json\/wp\/v2\/users\/1"}],"replies":[{"embeddable":true,"href":"http:\/\/mymobilebooster.com\/forum\/wp-json\/wp\/v2\/comments?post=12641"}],"version-history":[{"count":1,"href":"http:\/\/mymobilebooster.com\/forum\/wp-json\/wp\/v2\/posts\/12641\/revisions"}],"predecessor-version":[{"id":12642,"href":"http:\/\/mymobilebooster.com\/forum\/wp-json\/wp\/v2\/posts\/12641\/revisions\/12642"}],"wp:attachment":[{"href":"http:\/\/mymobilebooster.com\/forum\/wp-json\/wp\/v2\/media?parent=12641"}],"wp:term":[{"taxonomy":"category","embeddable":true,"href":"http:\/\/mymobilebooster.com\/forum\/wp-json\/wp\/v2\/categories?post=12641"},{"taxonomy":"post_tag","embeddable":true,"href":"http:\/\/mymobilebooster.com\/forum\/wp-json\/wp\/v2\/tags?post=12641"}],"curies":[{"name":"wp","href":"https:\/\/api.w.org\/{rel}","templated":true}]}}