{"id":12747,"date":"2020-10-17T02:57:32","date_gmt":"2020-10-17T02:57:32","guid":{"rendered":"http:\/\/mymobilebooster.com\/forum\/?p=12747"},"modified":"2020-10-05T03:53:15","modified_gmt":"2020-10-05T03:53:15","slug":"la-rencontre-de-courbet","status":"publish","type":"post","link":"http:\/\/mymobilebooster.com\/forum\/2020\/10\/17\/la-rencontre-de-courbet\/","title":{"rendered":"La Rencontre De Courbet"},"content":{"rendered":"<p>Lhomme ne veut pas quon lorganise, quon le m\u00e9canise. Sa tendance est \u00e0 la d\u00e9sorganisation, partout o\u00f9 il sent le poids dun fatalisme ou dun machinisme. Telle est l\u0153uvre, la fonction de la libert\u00e9 Pour St\u00e9phanie Henette-Vauchez, professeure de droit \u00e0 Nanterre, ce texte conforte des super-autorit\u00e9s administratives de police dot\u00e9es de pouvoirs exorbitants sur la r\u00e9glementation de la circulation des personnes, du fonctionnement des \u00e9tablissements en soins publics et surtout la possible interdiction des rassemblements. Courbet et Hodler, un rendez-vous manqu\u00e9-Le Temps Une for\u00eat humaine se d\u00e9ploie sous forme de sculptures taill\u00e9es directement dans le bois. Linvit\u00e9 du Portique, Stephan Balkenhol, se d\u00e9marque par son style r\u00e9aliste, au point que cela en devienne troublant pour les spectateurs.  Relations de Courbet avec Bruyas, Proudhon, Champfleury et Baudelaire, Hugues Absil En collaboration avec lAlliance Fran\u00e7aise de B\u00e2le et la Soci\u00e9t\u00e9 dEtudes Fran\u00e7aises de B\u00e2le. Courbet a beaucoup admir\u00e9 Proudhon, de m\u00eame que beaucoup de philosophes du XIX comme Bakounine ou Marx. Marx la reni\u00e9 plus tard, sans doute pour ne pas avouer lant\u00e9riorit\u00e9 de certaines th\u00e8ses que lon retrouvera chez lui, comme le fait que le travailleur devait conserver un droit naturel de propri\u00e9t\u00e9 sur les choses quil a produites, m\u00eame apr\u00e8s avoir re\u00e7u un salaire.  \u00c0 PROPOSle mouvement, linfo qui fait aimer la politique et la culture. M\u00e9dia bas\u00e9 en Occitanie : Politique et Culture est nomm\u00e9 pr\u00e9sident de l\u00e9ph\u00e9m\u00e8re F\u00e9d\u00e9ration des Artistes. Toujours est-il que le tableau La Rencontre frappe les esprits, lors de lExposition universelle de 1855, o\u00f9 il gagne son surnom de Bonjour Monsieur Courbet, mais aussi bien apr\u00e8s. Cest ainsi quil est expos\u00e9 \u00e0 de multiples reprises. Il illustre un timbre en 1962. Le mus\u00e9e pr\u00e9sente dans une vitrine des courriers de philat\u00e9listes demandant des renseignements \u00e0 son sujet. Pour lanecdote, le mus\u00e9e dOrnans ville de naissance de Gustave Courbet a m\u00eame acquis la canne du peintre, repr\u00e9sent\u00e9e dans La Rencontre. <img decoding=\"async\" src=\"http:\/\/silartetaitconte.hautetfort.com\/media\/01\/02\/2123784694.2.jpg\" alt=\"la rencontre de courbet\" align=\"left\"> <img decoding=\"async\" src=\"http:\/\/www.confrerie-royal-vin-jaune.fr\/userfiles\/image\/janvier13_015.JPG\" alt=\"la rencontre de courbet\" align=\"right\"> Projet Re-bonjour Monsieur Courbet \u00e0 la Saline Royale dArc et Senans dans le cadre du Printemps des Amateurs 2019 Le sp\u00e9cialiste de Gustave Courbet, Jean-Jacques Fernier sest \u00e9teint le 25 mars 2020 \u00e0 Paris. En Suisse de 1873 \u00e0 1877 avec Gustave Courbet Courbet a vingt ans lorsquil arrive \u00e0 Paris pour sinscrire \u00e0 la facult\u00e9 de droit. Le jeune homme se d\u00e9tourne bien vite de cette voie et pr\u00e9f\u00e8re fr\u00e9quenter les ateliers de Steuben et du p\u00e8re Suisse. Il copie les ma\u00eetres du Louvre comme Rembrandt, Hals, Rubens, Caravage ou Titien. Dans la galerie espagnole de Louis-Philippe, il d\u00e9couvre V\u00e9lasquez ou Zurbaran quaffectionnera \u00e9galement Manet. Parmi ses concitoyens, Courbet admire G\u00e9ricault et Delacroix, deux ma\u00eetres romantiques qui utilis\u00e8rent les grands formats pour peindre des \u00e9pisodes de lhistoire contemporaine. La figure d\u00e9tour\u00e9e et assez plate du personnage au cochon semble maladroitement accol\u00e9e <img decoding=\"async\" src=\"http:\/\/www.lycee-armand-peugeot.ac-besancon.fr\/wp-content\/uploads\/sites\/66\/2012\/05\/P1040309.jpg\" alt=\"la rencontre de courbet\" align=\"right\"> Paysage en commun, les bords du L\u00e9man, un des th\u00e8mes dexil chers \u00e0 Courbet, avec le site de Chillon, \u00e9vocateur de lemprisonnement et ses panoramas alpins rougeoyants.  Un Gavroche qui a d\u00e9j\u00e0 35 ans en 1854. Effectivement, il marche droit, comme le gamin au premier rang de La libert\u00e9 guidant le peuple de Delacroix, fier, confiant, sans peur, accompagn\u00e9 par le peuple quil peint et dont il sattire la sympathie, se moquant des puissants. 1869 Courbet passe les mois dao\u00fbt et de septembre \u00e0 \u00c9tretat o\u00f9 il r\u00e9alise des tableaux de mer et de paysages de c\u00f4te. \u00c0 loccasion de lInternationale Kunstausstellung de Munich, o\u00f9 une salle lui est r\u00e9serv\u00e9e, le roi Louis II de Bavi\u00e8re lui d\u00e9cerne la croix de chevalier de lordre de saint-Michel. \u00c0 la fin septembre, il peint cinq toiles \u00e0 Munich. Saturne et le Sphinx : Proudhon, Courbet et lart justicier By Chak\u00e8 Matossian La violence de la chasse et ses ressorts que sont le d\u00e9sir de possession et le meurtre Apr\u00e8s un appel de d\u00e9tresse, L\u00e9a Soler et Paul Marchal enqu\u00eatent sur un meurtre sans cadavre, avec pour principal suspect un homme au mobile improbable.<\/p>\n","protected":false},"excerpt":{"rendered":"<p>la rencontre de courbet<\/p>\n","protected":false},"author":1,"featured_media":0,"comment_status":"closed","ping_status":"closed","sticky":false,"template":"","format":"standard","meta":{"footnotes":""},"categories":[1],"tags":[],"_links":{"self":[{"href":"http:\/\/mymobilebooster.com\/forum\/wp-json\/wp\/v2\/posts\/12747"}],"collection":[{"href":"http:\/\/mymobilebooster.com\/forum\/wp-json\/wp\/v2\/posts"}],"about":[{"href":"http:\/\/mymobilebooster.com\/forum\/wp-json\/wp\/v2\/types\/post"}],"author":[{"embeddable":true,"href":"http:\/\/mymobilebooster.com\/forum\/wp-json\/wp\/v2\/users\/1"}],"replies":[{"embeddable":true,"href":"http:\/\/mymobilebooster.com\/forum\/wp-json\/wp\/v2\/comments?post=12747"}],"version-history":[{"count":1,"href":"http:\/\/mymobilebooster.com\/forum\/wp-json\/wp\/v2\/posts\/12747\/revisions"}],"predecessor-version":[{"id":12748,"href":"http:\/\/mymobilebooster.com\/forum\/wp-json\/wp\/v2\/posts\/12747\/revisions\/12748"}],"wp:attachment":[{"href":"http:\/\/mymobilebooster.com\/forum\/wp-json\/wp\/v2\/media?parent=12747"}],"wp:term":[{"taxonomy":"category","embeddable":true,"href":"http:\/\/mymobilebooster.com\/forum\/wp-json\/wp\/v2\/categories?post=12747"},{"taxonomy":"post_tag","embeddable":true,"href":"http:\/\/mymobilebooster.com\/forum\/wp-json\/wp\/v2\/tags?post=12747"}],"curies":[{"name":"wp","href":"https:\/\/api.w.org\/{rel}","templated":true}]}}