{"id":12791,"date":"2020-10-17T08:07:51","date_gmt":"2020-10-17T08:07:51","guid":{"rendered":"http:\/\/mymobilebooster.com\/forum\/?p=12791"},"modified":"2020-10-05T04:54:34","modified_gmt":"2020-10-05T04:54:34","slug":"semaine-de-rencontres-islamo-chretiennes","status":"publish","type":"post","link":"http:\/\/mymobilebooster.com\/forum\/2020\/10\/17\/semaine-de-rencontres-islamo-chretiennes\/","title":{"rendered":"Semaine De Rencontres Islamo Chr\u00e9tiennes"},"content":{"rendered":"<p>Communiqu\u00e9 de presse Voir fichier en PDF ci-joint : Rencontre d\u00e9bat La paix est-elle possible entre juifs et musulmans?. L\u0153uvre en Terre Sainte du dominicain Bruno Hussar 1911-1996. A Bruxelles, on trouvera diverses activit\u00e9s sur le site de El Kalima, Centre chr\u00e9tien de relations avec lislam qui c\u00e9l\u00e8bre aussi ses 40 ans dexistence Qui est \u00e0 linitiative de la SERIC? Cest le Groupe damiti\u00e9 islamo-chr\u00e9tienne GAIC, qui c\u00e9l\u00e8bre cette ann\u00e9e ses 25 ans. Voici deux extraits de linterview dH\u00e9l\u00e8ne Millet et de Haydar Demiryurek, co-pr\u00e9sidents du GAIC, sur le site musulman fran\u00e7ais Saphirnews. Sadresse en priorit\u00e9 aux chr\u00e9tiens et musulmans \u00e0 quelque communaut\u00e9 quils appartiennent, mais aussi \u00e0 tous ceux qui sont pr\u00eats \u00e0 sinscrire dans une d\u00e9marche de rencontre et de dialogue <img decoding=\"async\" src=\"http:\/\/plaisir.paroisse.net\/rubriques\/haut\/album_photo\/7eme-rencontre-islamo-chretienne-15-11-2013\/2013-11-15-la-creation_002.jpg\" alt=\"semaine de rencontres islamo chr\u00e9tiennes\" align=\"left\"> , sur Groupe dAmit\u00e9 Islamo-Chr\u00e9tienne GAIC consult\u00e9 le 10 octobre 2019 Un espace dinformation et de discussion \u00e0 disposition de tous les paroissiens et mouvements dEglise de Faches-Thumesnil Initi\u00e9e par le GAIC, la 19\u00e8me \u00e9dition des Semaines de Rencontres Islamo Chr\u00e9tiennes SERIC se d\u00e9roulera tout le long du mois de novembre 2019, en partenariat avec de nombreux acteurs locaux, associations et communaut\u00e9s chr\u00e9tiennes et musulmanes. Le samedi 23 novembre \u00e0 14h30 a lieu une apr\u00e8s-midi autour du th\u00e8me L\u00e2me dans les \u00e9critures avec le P\u00e8re Jean-Michel Maldam\u00e9, th\u00e9ologien dominicain, la pasteure Eva Noquet et Khaled Roumo, \u00e9crivain et po\u00e8te, membre du GAIC. Video footage of those that helped restrain the man who stabbed an orthodox Jewish nan in hackney this morning warning strong language <img decoding=\"async\" src=\"http:\/\/www.pageshalal.fr\/images\/actualite\/amis-0.jpg\" alt=\"semaine de rencontres islamo chr\u00e9tiennes\" align=\"left\"> Cette semaine se d\u00e9cline par lorganisation de temps forts dans les diff\u00e9rents quartiers de la ville. <img decoding=\"async\" src=\"http:\/\/www3.pictures.zimbio.com\/gi\/Kea%2BHo%2B2011%2BMaxim%2BHot%2B100%2BParty%2BNew%2BEra%2BMiller%2ByVZ0l7eYGg1l.jpg\" alt=\"semaine de rencontres islamo chr\u00e9tiennes\" align=\"right\"> Il y a une joie dans la rencontre, il y a une joie dans le respect de la dignit\u00e9 de lautre, il y a une joie profonde dans le fait de se d\u00e9pouiller pour accueillir lautre dans sa diff\u00e9rence, avait conclu Hubert de Cherg\u00e9, acteur de linterreligieux et engag\u00e9 pour la paix et la fraternit\u00e9, lors du colloque de la SERIC 2016. \u00c0 ceux qui ne comprennent pas son engagement dans le dialogue alors quil est le fr\u00e8re de Christian de Cherg\u00e9, prieur des moines de Tibhirine assassin\u00e9 en 1996, il r\u00e9pond : Ce qui nous donne la force de tenir, cest lamiti\u00e9, qui est le socle de cette joie, et la foi. 32Dans le contexte du monde arabe, des chr\u00e9tiens surtout pr\u00eatres et religieuses se sont retrouv\u00e9s r\u00e9guli\u00e8rement \u00e0 Rome dans le cadre des Journ\u00e9es romaines pour \u00e9changer leurs exp\u00e9riences. Ayant quelques fois particip\u00e9 \u00e0 ces rencontres, jai \u00e9t\u00e9 frapp\u00e9 de la grande diff\u00e9rence dattitude entre les participants venant dAfrique du Nord et ceux du Proche-Orient. En Afrique du Nord il y a tr\u00e8s peu de chr\u00e9tiens, et ceux qui y vivent sont souvent des \u00e9trangers. Ils avaient un regard plein de compr\u00e9hension et parfois dadmiration pour lislam. Quant \u00e0 ceux qui venaient du Liban, de Syrie ou d\u00c9gypte, ils n\u00e9taient pas en d\u00e9saccord avec ces positions respectueuses, mais les trouvaient souvent trop ir\u00e9niques. Ils venaient de pays o\u00f9 le christianisme est n\u00e9 et a toujours exist\u00e9. Ce n\u00e9tait pas une religion venue dailleurs. Aussi navaient-ils pas \u00e0 justifier la pr\u00e9sence du christianisme dans le monde arabe, ce qui les rendait plus libres dans leur position envers lislam, et de ce fait plus critiques. Dabord le 14 f\u00e9vrier, une rencontre avec une d\u00e9l\u00e9gation palestinienne r\u00e9clamant lapplication du droit international.   Dun peu partout en France, de Marseille, de Mulhouse, de Bordeaux sont parvenues au GAIC des invitations lanc\u00e9es aux catholiques et aux musulmans : pourquoi ne pas nous rejoindre pour un moment de pri\u00e8re, \u00e0 loccasion de la f\u00eate de lAnnonciation, le.. Brigitte Gabriel, pr\u00e9sidente de Act for America, explique de fa\u00e7on magistrale pourquoi la majorit\u00e9 pacifique et mod\u00e9r\u00e9e des musulmans na aucune importance face \u00e0 la menace que repr\u00e9sentent.. La cohabitation des dieux: Pluralit\u00e9 religieuse et la\u00efcit\u00e9 Nous utilisons des cookies pour vous garantir la meilleure exp\u00e9rience sur notre site web. Si vous continuez \u00e0 utiliser ce site, nous supposerons que vous en \u00eates satisfait. Jean-Paul II, Exhortation apostolique post-synodale Une esp\u00e9rance nouvelle pour le Liban, Cit\u00e9 du Vatican, 1997. Le chapitre IV traite de la communion au sein des \u00c9glises catholiques, entre catholiques et orthodoxes et entre catholiques et communaut\u00e9s eccl\u00e9siales issues de la R\u00e9forme. Le chapitre V est intitul\u00e9 : L\u00c9glise catholique au Liban engag\u00e9e dans le dialogue interreligieux, La Documentation catholique, 1997, pp 501-549. Pour voir le programme des rencontre, rendez-vous sur le site de la seric en cliquant ici Tableau bien incomplet, tant les \u00e9nergies restent mobilis\u00e9es, malgr\u00e9 les caricatures de part et dautre. Non, les musulmans ne sont pas n\u00e9cessairement des terroristes en puissance, pr\u00eats \u00e0 sortir le couteau sous la banni\u00e8re dun faux proph\u00e8te. Non, les chr\u00e9tiens ne sont pas n\u00e9cessairement islamophobes et la Sainte-Trinit\u00e9 nest pas du polyth\u00e9isme. Chacun dentre nous se doit de combattre ces id\u00e9es trop bien re\u00e7ues qui ont cours non seulement au caf\u00e9 du commerce, mais surtout sont utilis\u00e9es par des politiciens qui surfent sur une vague x\u00e9nophobe et raciste. Les adver saires du dialogue : int\u00e9gristes-islamistes-islamophobes Cette f\u00eate suit imm\u00e9diatement Kippour : Pendant sept jours vous r\u00e9siderez dans les cabanes Lv 23, 42. Pour cette association de formation \u00e0 la foi chr\u00e9tienne, mon regard ext\u00e9rieur a aid\u00e9 l\u00e9quipe \u00e0 faire \u00e9voluer son offre et sa communication. Aujourdhui je me forme chez eux avec passion.<\/p>\n","protected":false},"excerpt":{"rendered":"<p>semaine de rencontres islamo chr\u00e9tiennes<\/p>\n","protected":false},"author":1,"featured_media":0,"comment_status":"closed","ping_status":"closed","sticky":false,"template":"","format":"standard","meta":{"footnotes":""},"categories":[1],"tags":[],"_links":{"self":[{"href":"http:\/\/mymobilebooster.com\/forum\/wp-json\/wp\/v2\/posts\/12791"}],"collection":[{"href":"http:\/\/mymobilebooster.com\/forum\/wp-json\/wp\/v2\/posts"}],"about":[{"href":"http:\/\/mymobilebooster.com\/forum\/wp-json\/wp\/v2\/types\/post"}],"author":[{"embeddable":true,"href":"http:\/\/mymobilebooster.com\/forum\/wp-json\/wp\/v2\/users\/1"}],"replies":[{"embeddable":true,"href":"http:\/\/mymobilebooster.com\/forum\/wp-json\/wp\/v2\/comments?post=12791"}],"version-history":[{"count":1,"href":"http:\/\/mymobilebooster.com\/forum\/wp-json\/wp\/v2\/posts\/12791\/revisions"}],"predecessor-version":[{"id":12792,"href":"http:\/\/mymobilebooster.com\/forum\/wp-json\/wp\/v2\/posts\/12791\/revisions\/12792"}],"wp:attachment":[{"href":"http:\/\/mymobilebooster.com\/forum\/wp-json\/wp\/v2\/media?parent=12791"}],"wp:term":[{"taxonomy":"category","embeddable":true,"href":"http:\/\/mymobilebooster.com\/forum\/wp-json\/wp\/v2\/categories?post=12791"},{"taxonomy":"post_tag","embeddable":true,"href":"http:\/\/mymobilebooster.com\/forum\/wp-json\/wp\/v2\/tags?post=12791"}],"curies":[{"name":"wp","href":"https:\/\/api.w.org\/{rel}","templated":true}]}}