{"id":12809,"date":"2020-10-17T04:19:19","date_gmt":"2020-10-17T04:19:19","guid":{"rendered":"http:\/\/mymobilebooster.com\/forum\/?p=12809"},"modified":"2020-10-05T05:22:15","modified_gmt":"2020-10-05T05:22:15","slug":"la-rencontre-asbl-bruxelles","status":"publish","type":"post","link":"http:\/\/mymobilebooster.com\/forum\/2020\/10\/17\/la-rencontre-asbl-bruxelles\/","title":{"rendered":"La Rencontre Asbl Bruxelles"},"content":{"rendered":"<p> Si\u00e8ge social Mich\u00e8le Piron : rue Konkel, 1942 \u00e0 1200 Bruxelles Comment d\u00e9velopper une action interg\u00e9n\u00e9rationnelle?: Guide pratique \u00e0 l.-C\u00e9cile Dupont, Melina Letesson-Google Books  Editions : Saint-Augustin, Saint-Maurice Suisse-Collection Laire de famille mai 2011 La Fondation a \u00e9galement apport\u00e9 un certain nombre d\u00e9l\u00e9ments concrets, souligne Olivier Remels : Notamment en terme s de renfort des savoirs de base, desprit dentreprendre, de formation continue des enseignants.. Lobjectif est aussi de permettre une meilleure employabilit\u00e9 des jeunes. Attention, nous ne faisons pas de l ad\u00e9quationnisme. Nous ne voulons pas former de bons petits soldats pour remplir les usines, au d\u00e9triment de la formation et de la culture g\u00e9n\u00e9rales. Au contraire, nous voulons que chaque jeune puisse s\u00e9panouir durablement. Les comp\u00e9tences transversales sont celles qui permettent de se r\u00e9aliser au travail, avec les coll\u00e8gues, autour dun projet commun. BD po\u00e9sie illustration livre-objet exp\u00e9rimentations graphiques et textuelles en tous genres.. Auteur :, r\u00e9alisation, r\u00e9alisation, r\u00e9alisation. <img decoding=\"async\" src=\"http:\/\/www.eyadasbl.be\/wp-content\/uploads\/2018\/04\/affiche-24.04.jpg\" alt=\"la rencontre asbl bruxelles\" align=\"right\"> Contact : info leveedeparolesasbl.be Tel : 0484.48.50.43 Si\u00e8ge social : 36 rue En-Glain 4000 Li\u00e8ge Rejoignez-nous pour f\u00eater les droits de lenfant ce dimanche 18 novembre de 10h \u00e0 17h \u00e0 Ixelles Flagey Gilda Benjamin journaliste, J\u00e9r\u00f4me le Maire cin\u00e9aste, Luc Jabon cin\u00e9aste, Pascal Chabot philosophe. Une organisation de la C.L.D.B r\u00e9seau du FBPSU avec le soutien de la FEDITO bruxelloise, de Liaison Antiprohibitionniste, du Minist\u00e8re de la R\u00e9gion de Bruxelles Capitale et de la Ville de Bruxelles <img decoding=\"async\" src=\"http:\/\/coj.be\/wp-content\/uploads\/2017\/10\/photo_JSB_RVB-1-295x295.jpg\" alt=\"la rencontre asbl bruxelles\" align=\"left\"> Court-Circuit-P\u00f4le Musiques Actuelles Wallonie Bruxelles Les rencontres peuvent \u00e9galement apaiser, rassurer, remotiver les parents. Au niveau p\u00e9dagogique : soutien \u00e0 lorganisation personnelle, les apprentissages, la formation individuelle, Alphab\u00e9tisation : adapt\u00e9 au niveau personnel en petit groupe de 10 personnes. Pour adulte. En partenariat avec lasbl Lire Ecrire 9 Il est possible dobtenir des informations sur cet outil aupr\u00e8s de la coordination des R.E.S. Belges MFBRERS par voie t\u00e9l\u00e9phonique : 02209 63 91 ou Internet : res.coordination a swing.be. Son appartement \u00e0 ruminer sa douleur. R\u00e9guli\u00e8rement il se rend chez le docteur C, un psychiatre qui laide \u00e0 d\u00e9passer cette mauvaise p\u00e9riode, marqu\u00e9e par la d\u00e9pression et la culpabilit\u00e9. Cest en partant \u00e0 la recherche -des associations ou organisations daide juridique Une premi\u00e8re r\u00e9union tenue en novembre a fait surgir un malaise relatif au vivre ensemble dans nos soci\u00e9t\u00e9s europ\u00e9ennes. Lors de cet \u00e9change sest manifest\u00e9 un r\u00e9el besoin de d\u00e9finir les bases dun monde meilleur, dune gouvernance mondiale centr\u00e9e sur lhumain, son bien-\u00eatre mat\u00e9riel et spirituel sans aucune distinction de races, de religion, de classe sociale Dans le prochain atelier qui s\u00e9talera sur une dur\u00e9e de 45 jours se d\u00e9veloppera un d\u00e9bat qui devra d\u00e9boucher sur une d\u00e9finition du monde r\u00eav\u00e9. Le d\u00e9roulement ainsi que les objectifs souhait\u00e9s de chaque phase ont \u00e9t\u00e9 d\u00e9finis. Il est int\u00e9ressant de noter que les animateurs musulmans de ce projet font appel \u00e0 la pens\u00e9e dEdgard Morin pour soutenir la r\u00e9flexion. Pour conclure meilleure prise en charge du patient, et de son entourage. Les journ\u00e9es de rencontre sont destin\u00e9es aux malades et aux familles afin de leur permettre le temps dune journ\u00e9e de changer dair, des sortir un peu dun quotidien souvent lourd et difficile, de partager avec dautres des moments de convivialit\u00e9 et de cr\u00e9er des liens. 2. Organiser des rencontres th\u00e9matiques avec lensemble des acteurs de la Coh\u00e9sion sociale 20, clos du Bergoje-1160 Bruxelles-T\u00e9l. : 02 673 03 12-GSM : 0476 Les mardis, jeudis et vendredis : accueil \u00e0 la r\u00e9cr\u00e9 de 9h30 \u00e0 12h Ensuite, place \u00e0 la semaine d\u00e9couverte au cours de laquelle les volontaires ont eu un petit condens\u00e9 des diff\u00e9rentes facettes du projet : <img decoding=\"async\" src=\"http:\/\/www.badje.be\/images\/divers\/pocketje_2018_cover_petit.jpg\" alt=\"la rencontre asbl bruxelles\" align=\"left\">.<\/p>\n","protected":false},"excerpt":{"rendered":"<p>la rencontre asbl bruxelles<\/p>\n","protected":false},"author":1,"featured_media":0,"comment_status":"closed","ping_status":"closed","sticky":false,"template":"","format":"standard","meta":{"footnotes":""},"categories":[1],"tags":[],"_links":{"self":[{"href":"http:\/\/mymobilebooster.com\/forum\/wp-json\/wp\/v2\/posts\/12809"}],"collection":[{"href":"http:\/\/mymobilebooster.com\/forum\/wp-json\/wp\/v2\/posts"}],"about":[{"href":"http:\/\/mymobilebooster.com\/forum\/wp-json\/wp\/v2\/types\/post"}],"author":[{"embeddable":true,"href":"http:\/\/mymobilebooster.com\/forum\/wp-json\/wp\/v2\/users\/1"}],"replies":[{"embeddable":true,"href":"http:\/\/mymobilebooster.com\/forum\/wp-json\/wp\/v2\/comments?post=12809"}],"version-history":[{"count":1,"href":"http:\/\/mymobilebooster.com\/forum\/wp-json\/wp\/v2\/posts\/12809\/revisions"}],"predecessor-version":[{"id":12810,"href":"http:\/\/mymobilebooster.com\/forum\/wp-json\/wp\/v2\/posts\/12809\/revisions\/12810"}],"wp:attachment":[{"href":"http:\/\/mymobilebooster.com\/forum\/wp-json\/wp\/v2\/media?parent=12809"}],"wp:term":[{"taxonomy":"category","embeddable":true,"href":"http:\/\/mymobilebooster.com\/forum\/wp-json\/wp\/v2\/categories?post=12809"},{"taxonomy":"post_tag","embeddable":true,"href":"http:\/\/mymobilebooster.com\/forum\/wp-json\/wp\/v2\/tags?post=12809"}],"curies":[{"name":"wp","href":"https:\/\/api.w.org\/{rel}","templated":true}]}}