{"id":12879,"date":"2020-10-17T00:32:42","date_gmt":"2020-10-17T00:32:42","guid":{"rendered":"http:\/\/mymobilebooster.com\/forum\/?p=12879"},"modified":"2020-10-05T07:25:18","modified_gmt":"2020-10-05T07:25:18","slug":"semaine-rencontre-interculturelle","status":"publish","type":"post","link":"http:\/\/mymobilebooster.com\/forum\/2020\/10\/17\/semaine-rencontre-interculturelle\/","title":{"rendered":"Semaine Rencontre Interculturelle"},"content":{"rendered":"<p>\u00catre conseill\u00e9 pour votre installation: finances, logement.. Amireault, V. Trottet, S 2018. Rencontre interculturelle dans le cadre dun projet universitaire pour futurs enseignants de fran\u00e7ais langue \u00e9trang\u00e8re au Mexique. Alterstice, 8 1, 3749 Https:doi.org10.72021052606ar   Soir\u00e9e dinformations: Volontariats et b\u00e9n\u00e9volats avec SJ <img decoding=\"async\" src=\"http:\/\/classomption.qc.ca\/wp-content\/uploads\/2016\/01\/semaine-interculturelle.png\" alt=\"semaine rencontre interculturelle\" align=\"right\">  Semaine qu\u00e9b\u00e9coise des rencontres interculturelles Copyright 2019 sery-granby.org Site web r\u00e9alis\u00e9 par <img decoding=\"async\" src=\"http:\/\/www.ndl.qc.ca\/wp-content\/uploads\/2016\/11\/Rencontres_inter.01.jpg\" alt=\"semaine rencontre interculturelle\" align=\"left\"> De plus, les \u00e9l\u00e8ves pouvaient exprimer \u00e0 laide dun mot, dun dessin ou dune phrase ce quils pensent de louverture interculturelle sur une murale. Chaque cycle a cr\u00e9\u00e9 une murale tr\u00e8s inspirante et color\u00e9e. Ces derni\u00e8res sont maintenant affich\u00e9es dans les corridors du Coll\u00e8ge. \u00c9lan interculturel travaille sur leur repr\u00e9sentation des barbares mena\u00e7ants, toujours en les respectant. Car langoisse de lautre peut se transformer en haine. Votre adresse de messagerie ne sera pas publi\u00e9e. Les champs obligatoires sont indiqu\u00e9s avec Ce qui se traduit par D\u00e9claration pour tous ceux qui viennent au monde en ce qui concerne les droits de lhomme. D\u00e9placement lexical qui souligne la complexit\u00e9 du concept duniversel ne pouvant apparemment pas se traduire tout simplement par un mot emprunt\u00e9 au fran\u00e7ais ou \u00e0 langlais, ce qui aurait donn\u00e9 Hakhraza ouniversalit. Par 20 janvier 2018 0 Commentaire LINSEAD a annonc\u00e9 son partenariat avec Station F en faveur de lentrepreneuriat, le 17 janvier 2018. L\u00e9v\u00e9nement a \u00e9t\u00e9 loccasion de pr\u00e9senter le programme INSEAD Launchpad destin\u00e9 \u00e0 soutenir les startups fond\u00e9es par des anciens de l\u00e9cole et h\u00e9berg\u00e9es \u00e0.. La MRC de LIslet est fi\u00e8re de pr\u00e9senter une programmation sp\u00e9ciale pour loccasion et invite les citoyens \u00e0 participer en grand nombre! Les citoyens qui souhaitent simpliquer et participer, notamment en si\u00e9geant sur un des comit\u00e9s daccueil et dint\u00e9gration, peuvent communiquer avec le Service daccueil des nouveaux arrivants de la MRC de LIslet au 418 598-3076. Publi\u00e9 le 11 juin 2020 \u00e0 10h00 Fr\u00e9d\u00e9ric Potet, Macha S\u00e9ry, Philippe-Jean Catinchi, Roger-Pol Droit, St\u00e9phanie Dupays, Pierre Deshusses, Elena Balzamo, Zo\u00e9 Courtois et Elisa Th\u00e9venet Critique Article r\u00e9serv\u00e9 \u00e0 nos abonn\u00e9s Mus\u00e9es, soir\u00e9es, transports, activit\u00e9s fun Plein dinfos en vid\u00e9o pour organiser et profiter au maximum de votre nuit blanche 2019! Publi\u00e9 le 11 juin 2020 \u00e0 00h06-Mis \u00e0 jour le 11 juin 2020 \u00e0 06h39 Expositions La Fondation Herm\u00e8s lance son appel \u00e0 candidatures pour lAcad\u00e9mie des savoir-faire Expositions Le Prix SAM 2020 lance son appel \u00e0 projets 16e Semaine qu\u00e9b\u00e9coise des rencontres interculturelles-Ville de Repentigny En 2019, on mavait demand\u00e9 pour la premi\u00e8re fois dadapter en visioconf\u00e9rence mes pour les entreprises. Mars 2020: ce confinement me donne loccasion avec des coll\u00e8gues de poursuivre cette d\u00e9marche, en \u00e9largissant ces modules aux th\u00e9matiques du management interculturel ou sur lart de l\u00e9coute. Pour la premi\u00e8re fois de ma carri\u00e8re aussi, je me retrouve \u00e0 jouer la com\u00e9die en direct sur les r\u00e9seaux sociaux: jincarne Louis XVI pour un nouveau spectacle immersif Quils mangent de la brioche. Perrine ma fabriqu\u00e9 une perruque avec du coton et elle ma costum\u00e9 et maquill\u00e9. Cest un peu cucul, mais \u00e7a ma rappel\u00e9 quand on cherchait des v\u00eatements pour notre mariage, il y a deux ans. Et puis, moi aussi je lai film\u00e9e quelques fois dans notre cour dimmeuble pour lun de ses nombreux clips qui ont fait dispara\u00eetre mes humeurs sombres. <img decoding=\"async\" src=\"http:\/\/www.addcaes.org\/wp-content\/uploads\/2015\/10\/011215.png\" alt=\"semaine rencontre interculturelle\" align=\"left\"> Le Laboratoire de Biotechnologie et Chimie Marines LBCM, \u00e0 Quimper, codirig\u00e9 par Yannick Fleury, vient de se lancer dans le programme Paqman, aux c\u00f4t\u00e9s de trois partenaires finist\u00e9riens. Cest dans ce quartier de Montr\u00e9al quartier Saint-Michel que le mod\u00e8le sest fa\u00e7onn\u00e9 et perfectionn\u00e9. Saint-Michel fut lun des premiers quartiers de Montr\u00e9al a mettre les jeunes au c\u0153ur des interventions. La construction dune comp\u00e9tence interculturelle :.<\/p>\n","protected":false},"excerpt":{"rendered":"<p>semaine rencontre interculturelle<\/p>\n","protected":false},"author":1,"featured_media":0,"comment_status":"closed","ping_status":"closed","sticky":false,"template":"","format":"standard","meta":{"footnotes":""},"categories":[1],"tags":[],"_links":{"self":[{"href":"http:\/\/mymobilebooster.com\/forum\/wp-json\/wp\/v2\/posts\/12879"}],"collection":[{"href":"http:\/\/mymobilebooster.com\/forum\/wp-json\/wp\/v2\/posts"}],"about":[{"href":"http:\/\/mymobilebooster.com\/forum\/wp-json\/wp\/v2\/types\/post"}],"author":[{"embeddable":true,"href":"http:\/\/mymobilebooster.com\/forum\/wp-json\/wp\/v2\/users\/1"}],"replies":[{"embeddable":true,"href":"http:\/\/mymobilebooster.com\/forum\/wp-json\/wp\/v2\/comments?post=12879"}],"version-history":[{"count":1,"href":"http:\/\/mymobilebooster.com\/forum\/wp-json\/wp\/v2\/posts\/12879\/revisions"}],"predecessor-version":[{"id":12880,"href":"http:\/\/mymobilebooster.com\/forum\/wp-json\/wp\/v2\/posts\/12879\/revisions\/12880"}],"wp:attachment":[{"href":"http:\/\/mymobilebooster.com\/forum\/wp-json\/wp\/v2\/media?parent=12879"}],"wp:term":[{"taxonomy":"category","embeddable":true,"href":"http:\/\/mymobilebooster.com\/forum\/wp-json\/wp\/v2\/categories?post=12879"},{"taxonomy":"post_tag","embeddable":true,"href":"http:\/\/mymobilebooster.com\/forum\/wp-json\/wp\/v2\/tags?post=12879"}],"curies":[{"name":"wp","href":"https:\/\/api.w.org\/{rel}","templated":true}]}}