{"id":12909,"date":"2020-10-17T10:56:32","date_gmt":"2020-10-17T10:56:32","guid":{"rendered":"http:\/\/mymobilebooster.com\/forum\/?p=12909"},"modified":"2020-10-05T08:16:47","modified_gmt":"2020-10-05T08:16:47","slug":"rencontres-architecture-caen","status":"publish","type":"post","link":"http:\/\/mymobilebooster.com\/forum\/2020\/10\/17\/rencontres-architecture-caen\/","title":{"rendered":"Rencontres Architecture Caen"},"content":{"rendered":"<p><img decoding=\"async\" src=\"http:\/\/mecenescaennormandie.com\/wp-content\/uploads\/2013\/12\/unicaen3.jpg\" alt=\"rencontres architecture caen\" align=\"center\">  Projection-rencontre avec Thierry Paquot, philosophe de lurbain, autour de 3 films du cin\u00e9aste Hendrick Dusollier <img decoding=\"async\" src=\"http:\/\/medias.estac.fr\/sites\/estac.fr\/images\/articles\/images-articles-2018-2019\/juin\/img-2806-entrainement-06.JPG\" alt=\"rencontres architecture caen\" align=\"right\"> FV : Exprime-toi! Logements et cr\u00e8che \u00e0 M\u00e9nilmontant, Paris 20, 2014 C. Lallement Projection de film documentaire sur larchitecture moderne dans les Antilles :Une architecture oubli\u00e9e de JIL SERVANT 2007Puis des \u00e9changes autour de larchitecture et des th\u00e9matiques soulev\u00e9es par le documentaire.Intervenant : Michael Marton architecte DPLG EL Architecture est missionn\u00e9 par Nexity pour la construction de 160 logements \u00e0 Bordeaux. 31Linstallation dans les nouveaux locaux eut lieu \u00e0 la rentr\u00e9e 1954. Un certain nombre dam\u00e9nagements restait toutefois \u00e0 d\u00e9finir. En 1955, le recteur exposa sa conception du dessin du parc : le seul jardin \u00e0 la fran\u00e7aise serait dans la cour dhonneur. Tout le reste serait trait\u00e9 \u00e0 langlaise, avec de la pelouse et des arbres. On \u00e9conomiserait ainsi sur lam\u00e9nagement autant que sur la gestion future fig n17. Il restait aussi \u00e0 trancher la question de la fermeture du campus. En 1948, larchitecte limaginait comme un espace ouvert, cette perm\u00e9abilit\u00e9 devant favoriser les interactions entre la ville et luniversit\u00e9. Mais en 1955, le conseil de lUniversit\u00e9 examina la possibilit\u00e9 de clore le domaine par un mur ou une grille. La longueur du p\u00e9rim\u00e8tre linterdisait, mais on pourrait au moins fermer le plateau de la cit\u00e9 universitaire. Certains membres r\u00e9clamaient une grille monumentale pour fermer lentr\u00e9e dhonneur tandis que le doyen de droit demandait la fermeture du portique de la galerie vitr\u00e9e. Du c\u00f4t\u00e9 nord, une bande de terrains \u00e0 lotir fut soustraite au campus afin de financer la viabilisation des rues, constituant de fait une cl\u00f4ture naturelle de ce c\u00f4t\u00e9. \u00c0 lest, le terrain longeant la route de la D\u00e9livrande avait \u00e9t\u00e9 r\u00e9serv\u00e9 pour les propri\u00e9taires sinistr\u00e9s du quartier. Au final, luniversit\u00e9 \u00e9tait soit enclav\u00e9e dans les pavillons, soit entour\u00e9e de voies secondaires. La seule ouverture importante se situait du c\u00f4t\u00e9 sud, dans laxe de la cour dhonneur, mais butait sur lobstacle du ch\u00e2teau et de sa double rang\u00e9e de foss\u00e9s. Lacc\u00e8s automobile \u00e9tait quant \u00e0 lui limit\u00e9. Les circulations en macadam rouge \u00e9taient r\u00e9serv\u00e9es aux pi\u00e9tons, tandis que les voies bleues \u00e9taient ouvertes \u00e0 la circulation. Des difficult\u00e9s de stationnement se firent sentir d\u00e8s les premi\u00e8res ann\u00e9es, et en 1958 les trottoirs situ\u00e9s devant les futurs prop\u00e9deutiques furent convertis en parking. Les voies dacc\u00e8s situ\u00e9es de part et dautre de laxe dhonneur furent alors autoris\u00e9es \u00e0 la circulation. G\u00e9ographie historique et urbanisme La reconstruction de luniversit\u00e9 de Caen. \u00c0 lorigine du campus fran\u00e7ais <img decoding=\"async\" src=\"http:\/\/www.fgulmer.cf\/images\/area\/amalfi.jpg\" alt=\"rencontres architecture caen\" align=\"right\"> Circuit en centre-ville pour d\u00e9couvrir la p\u00e9riode Art d\u00e9co qui se d\u00e9veloppe \u00e0 Valence \u00e0 partir des ann\u00e9es 20 et qui se traduit par une extraordinaire vitalit\u00e9 architecturale. Ce circuit invite \u00e0 d\u00e9couvrir les r\u00e9alisations des architectes parmi les plus productifs de cette p\u00e9riode, notamment Henri Joulie, Louis Bozon  Depuis plus dun an, nous avons rassembl\u00e9 plus dune centaine de photographies, de paysages, dinstallations parfois insolites, et qui toutes, interpellent. Cest une invitation \u00e0 voir et simpr\u00e9gner des d\u00e9tails qui fabriquent notre relation \u00e0 notre environnement : une passerelle pour traverser une rivi\u00e8re, une gare d\u00e9saffect\u00e9e, une ruine d\u00e9vor\u00e9e par la for\u00eat. Chaque photographie contribue \u00e0 interroger le territoire sur lequel nous vivons et nous r\u00e9apprend \u00e0 valoriser la richesse dun lieu et ce qui lui donne sens.-BET, \u00e9conomistes, paysagistes : prise en charge jusqu\u00e0 4 600 FAFIEC Dans le cadre du chantier de lAmbassade de France au Gabon \u00e0 Libreville, Pascale Poirier, larchitecte chef du projet, a visit\u00e9 en octobre lexploitation Precious Woods \u00e0 Lastourville, dans lEst du Gabon. 12 novembre 2019 401 Rue du Pr\u00e9 de l\u00c2ne, 73000 Chamb\u00e9ry 73000 Chamb\u00e9ry  BB : Un d\u00e9cor futuriste : une \u00e9glise \u0153cum\u00e9nique sur Mars, un lieu despoir dune dimension nouvelle. LOrdre des architectes des Hauts-de-France organise une rencontre entre des \u00e9tudiants de l\u00c9cole nationale sup\u00e9rieure darchitecture et de paysage ENSAP de Lille et les coll\u00e9giens et lyc\u00e9ens int\u00e9ress\u00e9s par les \u00e9tudes et la profession darchitecte.2 \u00e9tudiants de lENSAP Lille seront pr\u00e9sents au sein de la Maison de larchitecture des Hauts-de-France pour renseigner \u00e9l\u00e8ves et parents sur leur cursus et la profession darchitecte.En appui \u00e0 cette rencontre, les visiteurs pourront d\u00e9couvrir lexposition _ REGARDS SUR LEFFRINCKOUCKE : HABITER-TRAVAILLER-TRAVERSER _ pr\u00e9sentant des maquettes r\u00e9alis\u00e9es par des \u00e9tudiants de 3\u00e8me ann\u00e9e de l\u00e9cole. De quoi susciter des vocations! Rendez-vous samedi 19 octobre de 14h \u00e0 18h! 15 rue Marc Sangnier, 80000 Amiens Entr\u00e9e libreContact :ordre.hdf.amiensarchitectes.orgmailto:ordre.hdf.amiensarchitectes.org-03.22.92.06.83 GOUZI: De Versailles \u00e0 Mondaye: les mod\u00e8les du d\u00e9cor de labbaye page,page-id-23108,page-template,page-template-blog-masonry-full-width-archive-filtered,page-template-blog-masonry-full-width-archive-filtered-php,ajax_fade,page_not_loaded,select-child-theme-ver-1.0.0,select-theme-ver-1.7,vertical_menu_enabled,wpb-js-composer js-comp-ver-4.3.4,vc_responsive Nous utilisons des cookies pour vous garantir la meilleure exp\u00e9rience sur notre site. Acceptez-vous lutilisation des cookies? Larchitecture de labbaye aux Hommes, typique des constructions normandes romanes, a inspir\u00e9 celle de nombreuses abbayes en Angleterre. Elle s\u00e9l\u00e8ve en effet sur trois niveaux, et la fa\u00e7ade harmonique de l\u00e9difice affiche deux tours sym\u00e9triques. Lensemble comprend \u00e9galement des b\u00e2timents o\u00f9 vivaient autrefois les moines b\u00e9n\u00e9dictins, le Palais Ducal, dans lequel \u00e9taient accueillis les h\u00f4tes de marque, un cellier, un r\u00e9fectoire, un pressoir \u00e0 pommes, une boulangerie et la Salle des Gardes.<\/p>\n","protected":false},"excerpt":{"rendered":"<p>rencontres architecture caen<\/p>\n","protected":false},"author":1,"featured_media":0,"comment_status":"closed","ping_status":"closed","sticky":false,"template":"","format":"standard","meta":{"footnotes":""},"categories":[1],"tags":[],"_links":{"self":[{"href":"http:\/\/mymobilebooster.com\/forum\/wp-json\/wp\/v2\/posts\/12909"}],"collection":[{"href":"http:\/\/mymobilebooster.com\/forum\/wp-json\/wp\/v2\/posts"}],"about":[{"href":"http:\/\/mymobilebooster.com\/forum\/wp-json\/wp\/v2\/types\/post"}],"author":[{"embeddable":true,"href":"http:\/\/mymobilebooster.com\/forum\/wp-json\/wp\/v2\/users\/1"}],"replies":[{"embeddable":true,"href":"http:\/\/mymobilebooster.com\/forum\/wp-json\/wp\/v2\/comments?post=12909"}],"version-history":[{"count":1,"href":"http:\/\/mymobilebooster.com\/forum\/wp-json\/wp\/v2\/posts\/12909\/revisions"}],"predecessor-version":[{"id":12910,"href":"http:\/\/mymobilebooster.com\/forum\/wp-json\/wp\/v2\/posts\/12909\/revisions\/12910"}],"wp:attachment":[{"href":"http:\/\/mymobilebooster.com\/forum\/wp-json\/wp\/v2\/media?parent=12909"}],"wp:term":[{"taxonomy":"category","embeddable":true,"href":"http:\/\/mymobilebooster.com\/forum\/wp-json\/wp\/v2\/categories?post=12909"},{"taxonomy":"post_tag","embeddable":true,"href":"http:\/\/mymobilebooster.com\/forum\/wp-json\/wp\/v2\/tags?post=12909"}],"curies":[{"name":"wp","href":"https:\/\/api.w.org\/{rel}","templated":true}]}}