{"id":12925,"date":"2020-10-17T14:19:06","date_gmt":"2020-10-17T14:19:06","guid":{"rendered":"http:\/\/mymobilebooster.com\/forum\/?p=12925"},"modified":"2020-10-05T08:40:04","modified_gmt":"2020-10-05T08:40:04","slug":"rencontre-caribeen","status":"publish","type":"post","link":"http:\/\/mymobilebooster.com\/forum\/2020\/10\/17\/rencontre-caribeen\/","title":{"rendered":"Rencontre Carib\u00e9en"},"content":{"rendered":"<p> Contactez notre \u00e9quipe de vol pour obtenir un devis 247  You have reached your viewing limit for this book. Mme Yolaine PARISOT, Professeure de Litt\u00e9ratures francophones et compar\u00e9es, Universit\u00e9 Paris-Est Cr\u00e9teil Rapporteur. Postcolonial carib\u00e9en : cinq traverses, Paris, Champion, 2010. STEEVE BAURAS. Entretien avec Dominique Brebion 20 ARTISTE Autho re d and p resented a paper on Women and Education at an Ex pert Group Meeting on Beijing 5 hosted by th e United N ations Development Fund for Women UNIFEM Caribbean Offi ce and the Caribbean.. Jai \u00e9crit cet album comme un film, une fiction. Jy ai crois\u00e9 la vie de mon grand-p\u00e8re et la mienne, et jai d\u00e9plac\u00e9 le tout dans une \u00e9poque que jadore : les ann\u00e9es 1970-1980. Pour moi cest l\u00e9poque la plus florissante en musique, en street art, cest Hendrix, cest Warhol.. Le cas \u00e9ch\u00e9ant, d\u00e9cline toute responsabilit\u00e9 pour les cons\u00e9quences li\u00e9es au fonctionnement d\u00e9grad\u00e9 du Site et des services \u00e9ventuellement propos\u00e9s par, r\u00e9sultant i du refus de Cookies par lUtilisateur ii de limpossibilit\u00e9 pour denregistrer ou de consulter les Cookies n\u00e9cessaires \u00e0 leur fonctionnement du fait du choix de lUtilisateur. Pour la gestion des Cookies et des choix de lUtilisateur, la configuration de chaque navigateur est diff\u00e9rente. Elle est d\u00e9crite dans le menu daide du navigateur, qui permettra de savoir de quelle mani\u00e8re lUtilisateur peut modifier ses souhaits en mati\u00e8re de Cookies. Les ma\u00eetres du latin jazz se sont donn\u00e9 rendez-vous au North Sea Jazz Festival : Chucho Vald\u00e9s, Chick Corea, Michel Camilo, mais \u00e9galement Dafnis Prieto, Orquesta Akok\u00e1n et le duo Gr\u00e9goire MaretEdmar Casta\u00f1eda. <img decoding=\"async\" src=\"http:\/\/p8.storage.canalblog.com\/87\/57\/148940\/95052912_o.jpg\" alt=\"rencontre carib\u00e9en\" align=\"center\"> David : Mon p\u00e8re est saxophoniste. Il est fou de Stan Getz. Quand il recevait des invit\u00e9s \u00e0 la maison, \u00e0 chaque fois quil y avait un repas, je savais quil allait ressortir le m\u00eame disque et dire : \u00c9coutez ce gars, quand il joue du sax on dirait quil parle. Je me souviens tout jeune davoir essay\u00e9 de relever Desafinado sur le vinyle qui tournait. Jai fait un stage avec Bernard Maury, le seul \u00e9l\u00e8ve de Bill Evans, qui avait mont\u00e9 son \u00e9cole \u00e0 Paris Chaque semaine, la r\u00e9daction vous r\u00e9v\u00e8le les \u00e9v\u00e8nements incontournables et vous livre les bonnes adresses des Parisiennes. Ekonomiz Guadeloupe est un site internet et un semestriel \u00e9dit\u00e9 par Neocom Publi\u00e9e par sur Dimanche 18 ao\u00fbt 2019 Quest-ce que le CARIFESTA? <img decoding=\"async\" src=\"http:\/\/www.guadeloupe.franceantilles.fr\/images\/2017\/05\/29\/431748_fag_14197_52_01_02.jpg\" alt=\"rencontre carib\u00e9en\" align=\"center\"> Luque Agence Fides Le travail nous ennoblit, la lutte nous unit et nous renforce. Telle a \u00e9t\u00e9 la devise de la Rencontre r\u00e9gionale du Mouvement latino-am\u00e9ricain et carib\u00e9en des enfants et adolescents travailleurs MOLACNNATs, r\u00e9cemment tenue \u00e0 la Maison de repos Emma\u00fcs de la ville de Luque. Les participants se sont rencontr\u00e9s pour \u00e9valuer les activit\u00e9s, renforcer la formation et planifier des activit\u00e9s conjointes afin de garantir le droit au travail et \u00e0 une vie digne. Lobjectif de cette activit\u00e9 r\u00e9gionale est de former les participants au travers de diff\u00e9rents forums, conf\u00e9rences et s\u00e9minaires. Font partie du Mouvement, les enfants et adolescents travailleurs, des membres de groupes, dorganisations et de mouvements denfants et adolescents travailleurs de huit pays dAm\u00e9rique latine et des Cara\u00efbes. AP Agence Fides 16112016 Une exposition permanente de 1 700 m2 permettant une visite de 2 \u00e0 3 heures 3 Sous la responsabilit\u00e9 de P. Saffache et O. Dehoorne, respectivement directeur de publication et se Association \u00e0 but non lucratif selon la loi de 1901, reconnue dutilit\u00e9 publique par D\u00e9cret du 2 d\u00e9cembre 1970. Le S\u00e9minaire a \u00e9t\u00e9 ouvert par le Recteur de lUNAPEC, Pr. Franklyn Holguin Hache, suivi dune conf\u00e9rence inaugurale du Pr. La\u00ebnnec Hurbon, Directeur de recherche au CNRS sur le th\u00e8me Luniversit\u00e9 et la recherche scientifique. <img decoding=\"async\" src=\"http:\/\/www.minelli.fr\/media-607\/catalog\/product\/cache\/1\/image\/1224x1350\/9df78eab33525d08d6e5fb8d27136e95\/w\/B\/basket-jacinthe-2_cuir-vachette_poudre_minelli-a57c09bc4cf92b1458be14e2b4c33bb1-c.jpg\" alt=\"rencontre carib\u00e9en\" align=\"left\">  Proverbe swahili, petit \u00e0 petit loiseau fait son nid ; source : URL : Journ\u00e9e dacclimatation : le matin, visite de la communaut\u00e9 en compagnie dune des m\u00e9moires des lieux : maison de la culture, cimeti\u00e8re, mus\u00e9e et maison des p\u00eacheurs. Exercice de confection de filets, d\u00e9jeuner sur la plage face aux Cara\u00efbes. Avec Helena, achat chez les commer\u00e7ants des denr\u00e9es n\u00e9cessaires au d\u00e9jeuner du lendemain, pour la confection de patacones J3 CARTAGENA DE INDIAS Pr\u00e9sence africaine : quand confinement rime avec souffle 2.0-Le Point 2020 SOCIETE SAS-Reproduction interdite-Sources priv\u00e9es, INPI, INSEE, Service priv\u00e9 distinct du RNCS-D\u00e9claration CNIL n 2073544 v 0 La rencontre aura lieu \u00e0 la librairie La Br\u00e8che, samedi 26 Octobre de 17h30 \u00e0 19h30. A \u00e9t\u00e9 officiellement lanc\u00e9e le 19 janvier 2018 \u00e0 Sciences Po Bordeaux. Sa vocation est de cr\u00e9er un espace d\u00e9changes entre les chercheurs travaillant sur la Cara\u00efbe et de promouvoir et structurer la recherche carib\u00e9aniste francophone. Le comit\u00e9 dorganisation des 1\u00e8res Rencontres de lAFDEC a le plaisir de vous inviter \u00e0 participer \u00e0 cet \u00e9v\u00e9nement scientifique, organis\u00e9 cette ann\u00e9e autour du th\u00e8me suivant : Ruptures et continuit\u00e9s : Repenser lespace carib\u00e9en. Programme.<\/p>\n","protected":false},"excerpt":{"rendered":"<p>rencontre carib\u00e9en<\/p>\n","protected":false},"author":1,"featured_media":0,"comment_status":"closed","ping_status":"closed","sticky":false,"template":"","format":"standard","meta":{"footnotes":""},"categories":[1],"tags":[],"_links":{"self":[{"href":"http:\/\/mymobilebooster.com\/forum\/wp-json\/wp\/v2\/posts\/12925"}],"collection":[{"href":"http:\/\/mymobilebooster.com\/forum\/wp-json\/wp\/v2\/posts"}],"about":[{"href":"http:\/\/mymobilebooster.com\/forum\/wp-json\/wp\/v2\/types\/post"}],"author":[{"embeddable":true,"href":"http:\/\/mymobilebooster.com\/forum\/wp-json\/wp\/v2\/users\/1"}],"replies":[{"embeddable":true,"href":"http:\/\/mymobilebooster.com\/forum\/wp-json\/wp\/v2\/comments?post=12925"}],"version-history":[{"count":1,"href":"http:\/\/mymobilebooster.com\/forum\/wp-json\/wp\/v2\/posts\/12925\/revisions"}],"predecessor-version":[{"id":12926,"href":"http:\/\/mymobilebooster.com\/forum\/wp-json\/wp\/v2\/posts\/12925\/revisions\/12926"}],"wp:attachment":[{"href":"http:\/\/mymobilebooster.com\/forum\/wp-json\/wp\/v2\/media?parent=12925"}],"wp:term":[{"taxonomy":"category","embeddable":true,"href":"http:\/\/mymobilebooster.com\/forum\/wp-json\/wp\/v2\/categories?post=12925"},{"taxonomy":"post_tag","embeddable":true,"href":"http:\/\/mymobilebooster.com\/forum\/wp-json\/wp\/v2\/tags?post=12925"}],"curies":[{"name":"wp","href":"https:\/\/api.w.org\/{rel}","templated":true}]}}