{"id":13029,"date":"2020-10-17T03:13:43","date_gmt":"2020-10-17T03:13:43","guid":{"rendered":"http:\/\/mymobilebooster.com\/forum\/?p=13029"},"modified":"2020-10-05T11:51:36","modified_gmt":"2020-10-05T11:51:36","slug":"rencontres-photo-arles-programme","status":"publish","type":"post","link":"http:\/\/mymobilebooster.com\/forum\/2020\/10\/17\/rencontres-photo-arles-programme\/","title":{"rendered":"Rencontres Photo Arles Programme"},"content":{"rendered":"<p>La r\u00e9action film\u00e9e du scientifique \u00e0 la d\u00e9couverte de la pi\u00e8ce ; Mitch Epstein, Rapha\u00ebl Dallaporta, Yann Gross, Mark Ruwedel, David Horvitz, Rut Blees Luxemburg, Indre Serpytyte et Jo Ractliffe.  En cliquant sur Continuer \u00e0 lire ici et en vous assurant que vous \u00eates la seule personne \u00e0 consulter Le Monde avec ce compte. A loccasion des 50 ans des Rencontres dArles, de la photo en veux-tu en voil\u00e0! En 1e partie, lhistoire de centaines de milliers de clich\u00e9s anonymes.. Il y a les manifestations ponctuelles, qui pourraient avoir lieu nimporte o\u00f9 et nimporte quand. Et puis il y a les \u00e9v\u00e9nements identitaires. Plus rares, ceux-si sont li\u00e9s \u00e0 un lieu et \u00e0 un moment. Cest le cin\u00e9ma \u00e0 Cannes en mai. Le th\u00e9\u00e2tre en Avignon en juillet. Et la photo \u00e0 Arles durant l\u00e9t\u00e9, le festival ayant peu a peu inclus ao\u00fbt, puis largement mordu sur septembre. Difficile pour la ville de faire sans eux, ne serait-ce quen terme dimage et \u00e0 cause des retomb\u00e9es \u00e9conomiques. Le report de Cannes 2020 en juin a d\u00e9j\u00e0 d\u00fb en co\u00fbter \u00e0 ses organisateurs autant que celle des Jeux olympiques en 2021, m\u00eame si les sommes en jeux ne sauraient bien s\u00fbr se comparer. Mais pas question de suppression! Photo Brut : Collection Bruno Decharme Compagnie LInstitut pour la photographie privil\u00e9gie une d\u00e9marche collaborative hors-les-murs afin de d\u00e9velopper sur le territoire. Des outils p\u00e9dagogiques innovants et des ateliers associant temps danalyse et dexp\u00e9rimentation pratique adapt\u00e9s aux diff\u00e9rents publics permettront de susciter la cr\u00e9ativit\u00e9, favoriser les \u00e9changes et confronter les regards en prise avec les enjeux contemporains. Un programme de formation et dencadrement sera mis en place pour les acteurs des champs culturel, \u00e9ducatif et social afin dinitier un plus large public \u00e0 la lecture critique de limage photographique. Alice Rougeulle <img decoding=\"async\" src=\"http:\/\/culturebox.francetvinfo.fr\/sites\/default\/files\/assets\/images\/2014\/02\/fondation_luma_2013_sipa.jpg\" alt=\"rencontres photo arles programme\" align=\"center\"> LAppel de la for\u00eat est adapt\u00e9 du c\u00e9l\u00e8bre roman de Jack London. Avant d\u00eatre publi\u00e9 sous la forme dun court roman en 1903, ce r\u00e9cit parut dabord en feuilleton dans les pages du magazine The Saturday Evening Post. Traduite en 47 langues, lhistoire na jamais \u00e9t\u00e9 \u00e9puis\u00e9e depuis, et LAppel de la for\u00eat est d\u00e9sormais consid\u00e9r\u00e9 comme un chef-d\u0153uvre intemporel de la litt\u00e9rature am\u00e9ricaine. Pour le sc\u00e9nariste et producteur ex\u00e9cutif Michael Green, il.. <img decoding=\"async\" src=\"http:\/\/www.efap-etudiants.org\/wp-content\/uploads\/2017\/04\/Rencontres-Arles-Arles.jpg\" alt=\"rencontres photo arles programme\" align=\"right\"> <img decoding=\"async\" src=\"http:\/\/p5.storage.canalblog.com\/50\/07\/119589\/41455625.jpg\" alt=\"rencontres photo arles programme\" align=\"left\"> Following the cancelling of the festival, the decision was made to postpone the DUMMY BOOK AWARD until autumn 2020. The present situation makes it difficult to receive the dummy books, we are suspending extending the application deadline, which will be announced at a later date  Grande Halle, Parc des Ateliers Les outils p\u00e9dagogiques que lon aime  Pr\u00e9venez-moi de tous les nouveaux commentaires par e-mail. Communiqu\u00e9 de presse bilan, Les Rencontres dArles 2016 by Les Rencontres de la photographie, Arles-Issuu Prix D\u00e9couverte : La D\u00e9fense, le regard qui sessaye de Galerie Les filles du calvaire, Paris, France Parce quAffiny veut vous aider \u00e0 mettre toutes les chances de votre c\u00f4t\u00e9, nous sommes \u00e9galement l\u00e0 pour vous accompagner en vous proposant des analyses et des, afin de mettre toutes les chances de votre c\u00f4t\u00e9. Vive les modernit\u00e9s! : exposition, Arles, 30\u00e8me Rencontres Internationales de la Photographie, 1999 Rencontres Internationales de la Photographie Arles, France Arles France : Actes Sud 1999 Aux Rencontres de la photographie dArles, les murs s\u00e9parent, la nature relie.<\/p>\n","protected":false},"excerpt":{"rendered":"<p>rencontres photo arles programme<\/p>\n","protected":false},"author":1,"featured_media":0,"comment_status":"closed","ping_status":"closed","sticky":false,"template":"","format":"standard","meta":{"footnotes":""},"categories":[1],"tags":[],"_links":{"self":[{"href":"http:\/\/mymobilebooster.com\/forum\/wp-json\/wp\/v2\/posts\/13029"}],"collection":[{"href":"http:\/\/mymobilebooster.com\/forum\/wp-json\/wp\/v2\/posts"}],"about":[{"href":"http:\/\/mymobilebooster.com\/forum\/wp-json\/wp\/v2\/types\/post"}],"author":[{"embeddable":true,"href":"http:\/\/mymobilebooster.com\/forum\/wp-json\/wp\/v2\/users\/1"}],"replies":[{"embeddable":true,"href":"http:\/\/mymobilebooster.com\/forum\/wp-json\/wp\/v2\/comments?post=13029"}],"version-history":[{"count":1,"href":"http:\/\/mymobilebooster.com\/forum\/wp-json\/wp\/v2\/posts\/13029\/revisions"}],"predecessor-version":[{"id":13030,"href":"http:\/\/mymobilebooster.com\/forum\/wp-json\/wp\/v2\/posts\/13029\/revisions\/13030"}],"wp:attachment":[{"href":"http:\/\/mymobilebooster.com\/forum\/wp-json\/wp\/v2\/media?parent=13029"}],"wp:term":[{"taxonomy":"category","embeddable":true,"href":"http:\/\/mymobilebooster.com\/forum\/wp-json\/wp\/v2\/categories?post=13029"},{"taxonomy":"post_tag","embeddable":true,"href":"http:\/\/mymobilebooster.com\/forum\/wp-json\/wp\/v2\/tags?post=13029"}],"curies":[{"name":"wp","href":"https:\/\/api.w.org\/{rel}","templated":true}]}}