{"id":13111,"date":"2020-10-17T11:38:14","date_gmt":"2020-10-17T11:38:14","guid":{"rendered":"http:\/\/mymobilebooster.com\/forum\/?p=13111"},"modified":"2020-10-05T13:56:20","modified_gmt":"2020-10-05T13:56:20","slug":"velo-rencontre","status":"publish","type":"post","link":"http:\/\/mymobilebooster.com\/forum\/2020\/10\/17\/velo-rencontre\/","title":{"rendered":"Velo Rencontre"},"content":{"rendered":"<p>Rencontre avec lassociation Trottoirs Libres Besan\u00e7on verte et solidaire avec Claire Arnoux D\u00e9nivel\u00e9 : peu de d\u00e9nivel\u00e9 sinon quelques faux plats dans la r\u00e9gion de Banteay Srei et Koh Ker. <img decoding=\"async\" src=\"http:\/\/usep91.org\/files\/docs\/bonhomme-usep\/arton2.jpg\" alt=\"velo rencontre\" align=\"right\"> Jai actuellement un Tarmac et jenvisage de me prendre un Diverge avec un bonne paire de roue. Samedi 25 Juin 2016 : Course cycliste ACM Ufolep \u00e0 14h00 Depuis plus dune semaine, la photo dun enfant \u00e0 v\u00e9lo dans la boue pique la curiosit\u00e9 des internautes et des m\u00e9dias. O\u00f9 a \u00e9t\u00e9 prise la photo? Qui est cet enfant? Est-il vivant? Certains ont relev\u00e9 le d\u00e9fi de le retrouver. Il sagit de Jean-Michel Longeois, 59 ans. Il habite d\u00e9sormais \u00e0 Avion, pr\u00e8s de Lens.  En matin\u00e9e, apr\u00e8s un rapide rappel de l\u00e9tat davancement du r\u00e9seau V\u00e9loroutes Voies vertes en Bretagne, 2 tables rondes r\u00e9unissaient successivement les h\u00e9bergeurs et les loueurs de v\u00e9lo. Nous vous invitons \u00e0 \u00e9changer autour de ces r\u00e9sultats et \u00e0 imaginer un plan v\u00e9lo \u00e0 l\u00e9chelle de la Communaut\u00e9 de Communes le samedi 29 septembre d\u00e8s 15 h au CITEAU Les Rayons de la Baie vous accueillent toute lann\u00e9e \u00e0 Pontorson. Nous vous proposons la location de v\u00e9los pour toutes vos balades dans la Baie du Mont-Saint-Michel, dans un cadre dexception, naturel et sauvage Caen. Calvados : \u00e0 v\u00e9lo, il rencontre 64 maires pour parler d\u00e9cologie D\u00e9finissez vos r\u00e9p\u00e9titions, vos s\u00e9ries selon les cas luniversit\u00e9 Rennes 2, Thomas Berthet, et Alice Pavillet, de la Maison du v\u00e9lo. Ancienne prof de maths, je me suis reconvertie dans le photo journalisme en 2003 \u00e0 Londres o\u00f9 je vivais. Jai travaill\u00e9 pour diff\u00e9rents magazines dont Time Out London et jai d\u00e9velopp\u00e9 des projets \u00e0 longs termes dont un sujet les pr\u00e9fabriqu\u00e9s dapr\u00e8s-guerre, une v\u00e9ritable obsession qui perdure, les Irish Travellers-nomades Irlandais-dans le monde, les orphelins de Ceausescu-je suis des jeunes qui ont grandi dans les orphelinats du dictateur depuis 25 ans. Je voyage beaucoup et jadore raconter des histoires en photo, avec des mots, en filmant, en enregistrant Des histoires de lieux, de d\u00e9couvertes mais surtout de gens.  Donner son \u00e9nergie au service dun projet. Mon b\u00e9n\u00e9volat ne sest pas forc\u00e9ment inscrit dans une association. Nous travaillons depuis longtemps sur ce projet et cest fin mars que lassociation va voir le jour. Cest gens on besoin de leurs voitures, et cest pas le tram, hors de prix, sale, mal odorant, ins\u00e9curitaire, qui doubletriple les temps de trajet vis a vis dune voiture, le tout dans une ambiance bruyante, ou on partage les conversations t\u00e9l\u00e9phoniques des autres ou leurs musiques a fond, qui proposera un alternative s\u00e9duisante et efficace, la preuve le nombre de gens qui pr\u00e9f\u00e8re circuler a v\u00e9lo plut\u00f4t quen tram pour les raisons que jexpose ci dessus.. La crise sanitaire a retard\u00e9 la mise en place du service initialement pr\u00e9vue en avril 2020. La distribution des v\u00e9los devrait avoir lieu en juin avec une organisation adapt\u00e9e au contexte actuel. D\u00e9confinement : les coups de pouce \u00e0 la pratique du v\u00e9lo <img decoding=\"async\" src=\"http:\/\/www.goffinets.be\/kapsud\/public\/transandine\/Rencontre%20d%27un%20side-car%20et%20d%27un%20velo.JPG\" alt=\"velo rencontre\" align=\"right\"> <img decoding=\"async\" src=\"http:\/\/jeu-des-6-palets.fr\/wp-content\/uploads\/2018\/04\/velo-direction-invers%C3%A9e.jpg\" alt=\"velo rencontre\" align=\"center\"> J.Poteaux : Dans le v\u00e9lo, mon idole est Julian Alaphilippe. Je lai d\u00e9couvert sur le Tour de France et je le suis depuis. Jai son \u00e9quipement et des livres sur lui. Rencontre avec le futur-D\u00e9fense et Promotion de la pratique du v\u00e9lo-Copenhague, Ville exemplaire.  Sur le v\u00e9lo, tout est taill\u00e9 pour r\u00e9sister au poids et au terrains les plus mauvais. A part le syst\u00e8me de freinage, tout est standard et r\u00e9parable partout dans le monde. Cest malheureusement le syst\u00e8me de freinage que jai cass\u00e9 \u00e0 Bangkok : VDM. Tout est en acier. Linconv\u00e9nient est le poids mais au moins une simple soudure suffit \u00e0 faire repartir le v\u00e9lo.<\/p>\n","protected":false},"excerpt":{"rendered":"<p>velo rencontre<\/p>\n","protected":false},"author":1,"featured_media":0,"comment_status":"closed","ping_status":"closed","sticky":false,"template":"","format":"standard","meta":{"footnotes":""},"categories":[1],"tags":[],"_links":{"self":[{"href":"http:\/\/mymobilebooster.com\/forum\/wp-json\/wp\/v2\/posts\/13111"}],"collection":[{"href":"http:\/\/mymobilebooster.com\/forum\/wp-json\/wp\/v2\/posts"}],"about":[{"href":"http:\/\/mymobilebooster.com\/forum\/wp-json\/wp\/v2\/types\/post"}],"author":[{"embeddable":true,"href":"http:\/\/mymobilebooster.com\/forum\/wp-json\/wp\/v2\/users\/1"}],"replies":[{"embeddable":true,"href":"http:\/\/mymobilebooster.com\/forum\/wp-json\/wp\/v2\/comments?post=13111"}],"version-history":[{"count":1,"href":"http:\/\/mymobilebooster.com\/forum\/wp-json\/wp\/v2\/posts\/13111\/revisions"}],"predecessor-version":[{"id":13112,"href":"http:\/\/mymobilebooster.com\/forum\/wp-json\/wp\/v2\/posts\/13111\/revisions\/13112"}],"wp:attachment":[{"href":"http:\/\/mymobilebooster.com\/forum\/wp-json\/wp\/v2\/media?parent=13111"}],"wp:term":[{"taxonomy":"category","embeddable":true,"href":"http:\/\/mymobilebooster.com\/forum\/wp-json\/wp\/v2\/categories?post=13111"},{"taxonomy":"post_tag","embeddable":true,"href":"http:\/\/mymobilebooster.com\/forum\/wp-json\/wp\/v2\/tags?post=13111"}],"curies":[{"name":"wp","href":"https:\/\/api.w.org\/{rel}","templated":true}]}}