{"id":13139,"date":"2020-10-17T05:35:14","date_gmt":"2020-10-17T05:35:14","guid":{"rendered":"http:\/\/mymobilebooster.com\/forum\/?p=13139"},"modified":"2020-10-05T14:42:09","modified_gmt":"2020-10-05T14:42:09","slug":"melenchon-et-todd-la-rencontre","status":"publish","type":"post","link":"http:\/\/mymobilebooster.com\/forum\/2020\/10\/17\/melenchon-et-todd-la-rencontre\/","title":{"rendered":"M\u00e9lenchon Et Todd La Rencontre"},"content":{"rendered":"<p>A la suite, je peux toujours raconter une histoire qui ne se r\u00e9v\u00e8lera quapr\u00e8s le 21122012 En, il \u00e9crit, pour la, une note intitul\u00e9e Aux origines du malaise politique fran\u00e7ais. Cette analyse le fait conna\u00eetre des m\u00e9dias, qui lui attribuent alors par erreur la paternit\u00e9 de lexpression. Mais Todd na jamais utilis\u00e9 cette expression, bien quil ait d\u00e9crit dans son texte un concept assez proche. Cette expression provient en r\u00e9alit\u00e9 dun texte de que Todd avoue navoir jamais lu, et que r\u00e9utilisera lors de sa campagne pr\u00e9sidentielle. Il sest toujours d\u00e9fendu d\u00eatre le p\u00e8re de cette formule,,. On a du mal \u00e0 admettre cette id\u00e9e dune Lorraine exclusivement soumise \u00e0 sa croix gaulliste ou aux angoisses patriotiques propres aux r\u00e9gions frontali\u00e8res. D\u00e8s que lon change la focale par exemple la vall\u00e9e de la Fensch, les r\u00e9alit\u00e9s \u00e9conomiques r\u00e9apparaissent et sans doute aussi le vote communiste! lorsquon ne prend pas une grande r\u00e9gion comme une moyenne. Preuve que l\u00e9conomie politique nest pas si impuissante et peut contrecarrer une tendance lourde de ce que nos auteurs appellent lanthropologie. Sur mon Blog europ\u00e9en : L\u00e9nergie, une marchandise? Arrogance allemande et isolation du Japon : de la crise grecque aux pays musulmans dialogue avec le journaliste trad. Titre original :\u30c9\u30a4\u30c4\u306e\u50b2\u6162 \u65e5\u672c\u306e\u5b64\u7acb \u30ae\u30ea\u30b7\u30e3\u5371\u6a5f\u304b\u3089\u30a4\u30b9\u30e9\u30e0\u56fd\u554f\u984c\u307e\u3067 publi\u00e9 originellement en deux parties dans lhebdomadaire Weekly Bunshun, Tokyo, Bungeishunj\u016b, aout 2015. Son nom est devenu synonyme dune France libre et puissante. De Gaulle, lhomme de lappel du 18 juin sest impos\u00e9 dans lhistoire dabord comme un rebelle, un r\u00e9sistant puis comme un leader politique charismatique, en France comme \u00e0 l\u00e9tranger. Ador\u00e9, ha\u00ef du temps de sa pr\u00e9sidence, il est devenu apr\u00e8s sa mort un mythe, un id\u00e9al dhomme politique qu\u00e0 droite comme \u00e0 gauche on se prend \u00e0 regretter. Rapha\u00eblle Bacqu\u00e9, Emmanuel Todd le proph\u00e8te des politiques,, le 15 d\u00e9cembre 2006 Lors de l\u00e9lection pr\u00e9sidentielle de 2012, Todd soutient, dans le prolongement des conclusions de son ouvrage. Il voit dans la candidature de Hollande un retour aux fondamentaux de la France, avec ses principes d\u00e9galit\u00e9, en opposition \u00e0 Nicolas Sarkozy quil per\u00e7oit comme lantith\u00e8se de ces principes. Face \u00e0 une crise dune intensit\u00e9 aussi violente que celle des, il parie sur une r\u00e9action de gauche de la France. Il pense quHollande peut devenir un fran\u00e7ais, qui pourrait tirer les cons\u00e9quences de limpasse des politiques ant\u00e9rieures. Engag\u00e9e \u00e0 lissue dune politique men\u00e9e dans l\u00e9chec jusqu\u00e0 son terme, cette nouvelle politique serait un \u00e0 lenvers, allusion au revirement n\u00e9o-lib\u00e9ral des socialistes cette ann\u00e9e-l\u00e0. Un tel processus serait proprement r\u00e9volutionnaire, Todd allant jusqu\u00e0 utiliser lexpression hollandisme r\u00e9volutionnaire. Mais un an apr\u00e8s l\u00e9lection de Fran\u00e7ois Hollande, Todd fait un bilan extr\u00eamement critique de laction gouvernementale. En 2016 alors que la fin du mandat de Fran\u00e7ois Hollande approche, il parle de fascisme rose. Je ne parle pas sp\u00e9cialement de Todd en fait. Suivant le point de d\u00e9part que tu donne \u00e0 lhistoire \u00e9conomique tu ne donnera pas le m\u00eame sens au r\u00e9formes n\u00e9cessaires. Beaucoup de gens \u00e0 gauche  dalternatives \u00e9conomique par exemple on te dira quil faut contr\u00f4ler les capitaux, quil faut une harmonisation fiscale europ\u00e9enne voir mondiale pour mettre tout cela en ordre. Pour moi Ce sont les cr\u00e9ateurs de cette monnaie artificiellement impos\u00e9e pour Todd qui dogmatiquement auraient ent\u00e9rin\u00e9 lid\u00e9e que pour quil y ait la paix en Europe, il fallait quon ait une monnaie commune et l\u00e0, comme Martine je pense, jy vois comme une certaine na\u00efvet\u00e9 de sa part car, la libre circulation des biens facilit\u00e9e par une monnaie commune et par toute une batterie de lois \u00e9tait peut-\u00eatre pour certains un gage de paix mais pour dautres, \u00e9tait surtout le moyen de faire plus facilement et plus rapidement de grosses plus-values <img decoding=\"async\" src=\"http:\/\/www.superb.convinceapp.com\/230-home_default\/pltre-1-kg.jpg\" alt=\"m\u00e9lenchon et todd la rencontre\" align=\"right\"> La v\u00e9rification e-mail a \u00e9chou\u00e9, veuillez r\u00e9essayer-\u00c9mission de Patrice Galbeau diffus\u00e9e sur le 27 f\u00e9vrier 1983 en pr\u00e9sence de lauteur, de Pierre Chaunu et de Jean-Marie Gouesse, ma\u00eetre de conf\u00e9rences en histoire moderne \u00e0 lUniversit\u00e9 de Caen. Rediffus\u00e9e le 27 janvier 2013 Mountains, Rivers and the Family: Comments on a Map from the 1975 French Census, The World We Have Gained: Histories of Population and Social Structure Essays Presented to Peter Laslett on His Seventieth Birthday, contribution \u00e0 un ouvrage collectif en hommage \u00e0, r\u00e9alis\u00e9e avec, 1986, Oxford, Basic Blackwell, pp. 379-387. Ce commentaire m\u00e9riterait une r\u00e9ponse de lint\u00e9ress\u00e9 sur le blog.  Aujourdhui, sans g\u00e9n\u00e9rer un rejet du m\u00eame ordre, le hollandisme le laisse \u00e9videmment perplexe. Sil a pens\u00e9 quil pouvait exister un hollandisme r\u00e9volutionnaire, que le pr\u00e9sident socialiste pouvait devenir soit un g\u00e9ant soit un nain, il reconna\u00eet que la seconde voie semble la plus probable avant m\u00eame que londe de choc Cahuzac ne vienne valider lhypoth\u00e8se. Il a pris il y a quelques mois un petit d\u00e9jeuner \u00e0 lElys\u00e9e : C\u00e9tait tr\u00e8s sympa et sans contenu ; Hollande \u00e9tait dans une prise de conscience dune sp\u00e9cificit\u00e9 de lEurope protestante ; cest mon seul souvenir. <img decoding=\"async\" src=\"http:\/\/www.pcfbassin.fr\/images\/2018%20Ars%20RENCONTRE%2010%20MARS%202018_Page_2.jpg\" alt=\"m\u00e9lenchon et todd la rencontre\" align=\"center\"> Je pense quil a mis le doigt sur quelque chose dimportant quand il explique que leuro est une source future de conflits. Si on regarde bien, au niveau g\u00e9opolitique, leuro oblige \u00e0 une proximit\u00e9 des processus de d\u00e9cision in\u00e9gal\u00e9e, et donc \u00e9tablit immanquablement un rapport de force. Cest \u00e0 travers ce rapport de force que lAllemagne \u00e9crase le reste de lEurope. Nous ne sommes plus \u00e9cras\u00e9s par les panzers mais par le bulldozer \u00e9conomique. <img decoding=\"async\" src=\"http:\/\/motsetmauxdemiche.blog50.com\/media\/01\/00\/1793814039.jpg\" alt=\"m\u00e9lenchon et todd la rencontre\" align=\"center\">-Todd voudrait une nationalisation temporaire le temps de r\u00e9soudre le danger dune nouvelle crise financi\u00e8re. C\u00e0d que avec des banques nationalis\u00e9es, lEtat pourrait appliquer la s\u00e9paration des activit\u00e9s financi\u00e8res sp\u00e9culations et dinvestissements cr\u00e9dits, pr\u00eats, services aux particuliers. Puis reprivatiser d\u00e9s que cette s\u00e9paration serait institutionnalis\u00e9e et \u00e9tendue \u00e0 lEurope. Vid\u00e9o de la semaine : Invit\u00e9 de l\u00e9mission Questions dinfo sur LCP Le message dappui : Je suis plus r\u00e9volt\u00e9e que je ne lai jamais \u00e9t\u00e9 Il mappartient, parce que je suis Premier ministre, parce que je suis respectueux de la loi et du texte constitutionnel, de faire pr\u00e9valoir en toutes circonstances lind\u00e9pendance de la justice, a rappel\u00e9 M Philippe. 3 Nous ne serons pas pr\u00eats pour 2017, et alors? \u00e9chapper au FN en 2017, mais que ce soit un Jupp\u00e9, Fillon, Vals, Macron, Hollande et Montebourg, leur politique nous assurera quen 2022 on soit s\u00fbr que le FN passera si on na pas une alternative cr\u00e9dible \u00e0 proposer dici l\u00e0, les luttes ne suffiront pas, il ne suffit plus d\u00eatre sur la d\u00e9fensive et d\u00eatre contre, il faut proposer un autre cadre.  Le protectionnisme a probablement certains effets \u00e9cologiques. Croire que cela suffit et que le march\u00e9 int\u00e9rieur sadaptera et que cela suffira me parait illusoire et m\u00eame laxiste. Comme je te connais un peu, il me semble que tu crois vraiment tout ce que tu dis.<\/p>\n","protected":false},"excerpt":{"rendered":"<p>m\u00e9lenchon et todd la rencontre<\/p>\n","protected":false},"author":1,"featured_media":0,"comment_status":"closed","ping_status":"closed","sticky":false,"template":"","format":"standard","meta":{"footnotes":""},"categories":[1],"tags":[],"_links":{"self":[{"href":"http:\/\/mymobilebooster.com\/forum\/wp-json\/wp\/v2\/posts\/13139"}],"collection":[{"href":"http:\/\/mymobilebooster.com\/forum\/wp-json\/wp\/v2\/posts"}],"about":[{"href":"http:\/\/mymobilebooster.com\/forum\/wp-json\/wp\/v2\/types\/post"}],"author":[{"embeddable":true,"href":"http:\/\/mymobilebooster.com\/forum\/wp-json\/wp\/v2\/users\/1"}],"replies":[{"embeddable":true,"href":"http:\/\/mymobilebooster.com\/forum\/wp-json\/wp\/v2\/comments?post=13139"}],"version-history":[{"count":1,"href":"http:\/\/mymobilebooster.com\/forum\/wp-json\/wp\/v2\/posts\/13139\/revisions"}],"predecessor-version":[{"id":13140,"href":"http:\/\/mymobilebooster.com\/forum\/wp-json\/wp\/v2\/posts\/13139\/revisions\/13140"}],"wp:attachment":[{"href":"http:\/\/mymobilebooster.com\/forum\/wp-json\/wp\/v2\/media?parent=13139"}],"wp:term":[{"taxonomy":"category","embeddable":true,"href":"http:\/\/mymobilebooster.com\/forum\/wp-json\/wp\/v2\/categories?post=13139"},{"taxonomy":"post_tag","embeddable":true,"href":"http:\/\/mymobilebooster.com\/forum\/wp-json\/wp\/v2\/tags?post=13139"}],"curies":[{"name":"wp","href":"https:\/\/api.w.org\/{rel}","templated":true}]}}