{"id":13143,"date":"2020-10-17T00:18:13","date_gmt":"2020-10-17T00:18:13","guid":{"rendered":"http:\/\/mymobilebooster.com\/forum\/?p=13143"},"modified":"2020-10-05T14:51:11","modified_gmt":"2020-10-05T14:51:11","slug":"rencontres-estivales-du-moulin","status":"publish","type":"post","link":"http:\/\/mymobilebooster.com\/forum\/2020\/10\/17\/rencontres-estivales-du-moulin\/","title":{"rendered":"Rencontres Estivales Du Moulin"},"content":{"rendered":"<p>Accueil sans rendez-vous de 9h \u00e0 12h30 et de 13h30 \u00e0 17h sur rendez-vous uniquement sauf tous les jeudis apr\u00e8s-midi service ferm\u00e9. Espace ecoute sant\u00e9 R\u00e9ponse de LindberghTourTravel, Guest Relations Manager de Amsterdam : excursion dune demi-journ\u00e9e aux moulins \u00e0 vent de Zaanse Schans, \u00e0 Marken et Volendam <img decoding=\"async\" src=\"http:\/\/www.atrebes.com\/wp-content\/uploads\/2018\/08\/moulin.jpg\" alt=\"rencontres estivales du moulin\" align=\"right\"> Des boucles allant de 5,5 km \u00e0 19,5 km vous seront propos\u00e9es pour d\u00e9couvrir les moulins qui habillent notre paysage. Le territoire By Claude Boudreau, Serge Courville, Normand S\u00e9guin, Archives nationales du Qu\u00e9bec Et peu \u00e0 peu, de plus en plus de grains passeront dans limmense roue de pierre. Dianann Prenez soin de vous Jean-Pierre Chaulier publie quelques photos prises lors de la remise des r\u00e9compenses suite \u00e0 la manche du Circuit National TAR, organis\u00e9 le week-end des 13 et 14 avril 2019 au stand de tir de Treignat. 6-16 ao\u00fbt. 9 e semaine festive pour enfants, ados, jeunes, familles et grands-parents au ch\u00e2teau de Gr\u00e9sillon 49150 Baug\u00e9-en-Anjou : Jeux, baignade, travaux manuels, sport, danses trad et cours desp\u00e9ranto.. La biennale artistique devrait attirer la foule au Moulin Brice, les 24 et 25 juin-Saint-Junien 87200 Malgr\u00e9 tout Jean Moulin a su garder du temps libre pour pratiquer du sport et multiplier les conqu\u00eates f\u00e9minines dans les boites de Montparnasse. Bonus: votre voyage organis\u00e9 comprend une croisi\u00e8re sur les canaux dAmsterdam class\u00e9s par lUNESCO \u00e0 utiliser \u00e0 votre guise. Latelier est situ\u00e9 au Pont de Boyon \u00e0 Pranles : route Privas 13km-Les Olli\u00e8res 7km. Nous avons pass\u00e9 70 minutes sur un bateau bleu avec un marin tr\u00e8s sympa qui nous explique en plus de laudioguide t Enzo Danilo, carabinier au Rex Club Dom\u00e9ratois a \u00e9t\u00e9 mis \u00e0 lhonneur par le Conseil D\u00e9partemental de lAllier, vendredi 8 mars dernier. N Que r\u00e9servent les Rencontres estivales? Cest la troisi\u00e8me ann\u00e9e que nous les organisons. Le 12 ao\u00fbt \u00e0 18 heures, au Chapitre, sur la place de Ch\u00e2teaumeillant, il y aura une master-class et une r\u00e9p\u00e9tition en public, loccasion d\u00e9changer avec tout le monde, amateurs ou non, ce qui est tr\u00e8s appr\u00e9ci\u00e9. Puis le 16 ao\u00fbt, il sagira dune journ\u00e9e festivali\u00e8re, qui d\u00e9butera \u00e0 18 heures \u00e0 la grande salle des f\u00eates, pr\u00e8s du champ de foire. Une premi\u00e8re partie th\u00e9\u00e2trale sera suivie dun buffet campagnard \u00e0 volont\u00e9. La soir\u00e9e se terminera par une autre pr\u00e9sentation th\u00e9\u00e2trale, jou\u00e9e par les acteurs en formation. <img decoding=\"async\" src=\"http:\/\/pointedumoulin.com\/wp-content\/uploads\/soupe_couleur.png\" alt=\"rencontres estivales du moulin\" align=\"left\"> Entr\u00e9e dun moulin \u00e0 vent historique \u00e0 Zaanse Schans On se sent perch\u00e9 et privil\u00e9gi\u00e9 avec un bel observatoire sur le bief du moulin, la rivi\u00e8re et le parc.  19-23 avril-Italie. Festival international de la Jeunesse \u00e0 Viserbella, pr\u00e8s de Rimini. Organis\u00e9 par la section Jeunesse de la F\u00e9d\u00e9ration italienne desp\u00e9ranto. Ne r\u00e9glez rien et annulezdiff\u00e9rez gratuitement jusqu\u00e0 votre arriv\u00e9e Profitez de tous les articles du site en illimit\u00e9 Visite int\u00e9ressante mais on na pas vu grand chose.. Guide en anglais, espagnol et allemand pour le tour prolong\u00e9 <img decoding=\"async\" src=\"http:\/\/moulindelamousquere.pagesperso-orange.fr\/images\/news\/voeux-2011.jpg\" alt=\"rencontres estivales du moulin\" align=\"center\"> Ils pourront samuser au grand air tout en faisant des activit\u00e9s manuelles, cr\u00e9atives et \u00e9ducatives telles que p\u00e2te \u00e0 sel, herbiers, construction de cabane..  Nous ne pourrons ni r\u00e9pondre au t\u00e9l\u00e9phone, ni traiter le courrier postal et les commandes, mais vous pouvez. Paul Tohlakai est din\u00e8, membre de la nation Navajo. Il vous accompagnera par son savoir-faire authentique et traditionnel pour fabriquer votre tambour. .<\/p>\n","protected":false},"excerpt":{"rendered":"<p>rencontres estivales du moulin<\/p>\n","protected":false},"author":1,"featured_media":0,"comment_status":"closed","ping_status":"closed","sticky":false,"template":"","format":"standard","meta":{"footnotes":""},"categories":[1],"tags":[],"_links":{"self":[{"href":"http:\/\/mymobilebooster.com\/forum\/wp-json\/wp\/v2\/posts\/13143"}],"collection":[{"href":"http:\/\/mymobilebooster.com\/forum\/wp-json\/wp\/v2\/posts"}],"about":[{"href":"http:\/\/mymobilebooster.com\/forum\/wp-json\/wp\/v2\/types\/post"}],"author":[{"embeddable":true,"href":"http:\/\/mymobilebooster.com\/forum\/wp-json\/wp\/v2\/users\/1"}],"replies":[{"embeddable":true,"href":"http:\/\/mymobilebooster.com\/forum\/wp-json\/wp\/v2\/comments?post=13143"}],"version-history":[{"count":1,"href":"http:\/\/mymobilebooster.com\/forum\/wp-json\/wp\/v2\/posts\/13143\/revisions"}],"predecessor-version":[{"id":13144,"href":"http:\/\/mymobilebooster.com\/forum\/wp-json\/wp\/v2\/posts\/13143\/revisions\/13144"}],"wp:attachment":[{"href":"http:\/\/mymobilebooster.com\/forum\/wp-json\/wp\/v2\/media?parent=13143"}],"wp:term":[{"taxonomy":"category","embeddable":true,"href":"http:\/\/mymobilebooster.com\/forum\/wp-json\/wp\/v2\/categories?post=13143"},{"taxonomy":"post_tag","embeddable":true,"href":"http:\/\/mymobilebooster.com\/forum\/wp-json\/wp\/v2\/tags?post=13143"}],"curies":[{"name":"wp","href":"https:\/\/api.w.org\/{rel}","templated":true}]}}