{"id":13195,"date":"2020-10-17T05:23:33","date_gmt":"2020-10-17T05:23:33","guid":{"rendered":"http:\/\/mymobilebooster.com\/forum\/?p=13195"},"modified":"2020-10-05T16:10:35","modified_gmt":"2020-10-05T16:10:35","slug":"espace-rencontre-huy","status":"publish","type":"post","link":"http:\/\/mymobilebooster.com\/forum\/2020\/10\/17\/espace-rencontre-huy\/","title":{"rendered":"Espace Rencontre Huy"},"content":{"rendered":"<p>\u0391\u03bd\u03b4\u03c1\u03b9\u03ba\u03ae \u03b2\u03b5\u03c1\u03bc\u03bf\u03cd\u03b4\u03b1 Wesc 171WE-00141-\u039c\u03c0\u03ad\u03b6-32 with size have a stock of 0.0000  La defense de Messire Charles du Molin, ancien docteur, et autres gens de s\u00e7avoir et pi\u00e9t\u00e9, contre les calomnies des calvinistes et ministres de leur secte, abuz, usurpation et erreurs diceux, dans Caroli Molinaei franciae et germaniae celeberrim jurisconsulti, et in supremo parisiorum senatu antiqui advocati, omnia quae extant opera, Paris, Caroli Osmont, 1681, t V.  \u03c8\u03b5\u03cd\u03c4\u03b9\u03ba\u03b5\u03c2 \u03b5\u03b9\u03b4\u03ae\u03c3\u03b5\u03b9\u03c2 \u03bc\u03b5 \u03bc\u03b5\u03b3\u03ac\u03bb\u03b7 \u03b1\u03c0\u03ae\u03c7\u03b7\u03c3\u03b7 10 \u0399\u03bf\u03c5\u03bb\u03af\u03bf\u03c5 2018 \u03ac\u03b3\u03b3\u03b5\u03bb\u03bf\u03c2 \u03c4\u03b5\u03c1\u03b6\u03ac\u03ba\u03b7\u03c2 \u03c0\u03c1\u03bf\u03c3\u03b1\u03bd\u03b1\u03c4\u03bf\u03bb\u03b9\u03c3\u03bc\u03cc\u03c2 \u03c3\u03c4\u03bf\u03bd \u03b1\u03b9\u03ce\u03bd\u03b1 \u03c3\u03bf\u03cd\u03b6\u03b9 \u03ba\u03b1\u03b9 \u03c4\u03c1\u03c9\u03c2 \u03ba\u03b1\u03b9 \u03c8\u03b5\u03cd\u03b4\u03b5\u03c3\u03b1\u03b9 14:53 \u03c7\u03c4\u03c5\u03c0\u03bf\u03ba\u03b1\u03c1\u03b4\u03b9\u03b1 \u03c3\u03c4\u03bf \u03bc\u03c0\u03b5\u03b2\u03b5\u03c1\u03bb\u03b9 \u03c7\u03b9\u03bb\u03c2 \u03b5\u03c0\u03b5\u03b9\u03c3\u03bf\u03b4\u03b9\u03bf 1 59 Jean Maldonat, Epistola, dans J-M. Prat, Maldonat op cit, p 312-313. <img decoding=\"async\" src=\"http:\/\/www.tanamako.fr\/annonces\/adpics\/59eafd0c1f567d27d2000e3f9.jpg\" alt=\"espace rencontre huy\" align=\"center\"> <img decoding=\"async\" src=\"http:\/\/kubermatka.org\/img\/af6b3573e2ab0b40d7946eae94635ae0.jpg\" alt=\"espace rencontre huy\" align=\"left\"> <img decoding=\"async\" src=\"http:\/\/s1.edi-static.fr\/Img\/BREVE\/2018\/7\/332972\/big-bang-Lyreco-L.jpg\" alt=\"espace rencontre huy\" align=\"center\"> Nous utilisons des cookies pour vous garantir la meilleure exp\u00e9rience sur notre site web. Si vous continuez \u00e0 utiliser ce site, nous supposerons que vous en \u00eates satisfait. 22En 1665, un si\u00e8cle apr\u00e8s la dispute de Paris 1566, le chanoine Gabriel de Boissy morig\u00e9nait le pasteur J\u00e9r\u00e9mie Ouriet : Rencontre publique avec les candidats autour de: lalimentation, lagriculture, la 5G Alternatiba Poitiers  \u03bd\u03bf\u03b9\u03ba\u03b9\u03ac\u03c3\u03c9 \u03ad\u03bd\u03b1 \u03b4\u03b9\u03b1\u03bc\u03ad\u03c1\u03b9\u03c3\u03bc\u03b1 \u03c4\u03b7\u03c2 \u03b1\u03b8\u03ae\u03bd\u03b1\u03c2 \u03c0\u03bf\u03bb\u03bb\u03ac \u03c6\u03b9\u03bb\u03b9\u03ac \u03c6\u03bf\u03bb\u03b2\u03af\u03bb A\u03b3\u03bf\u03c1\u03ac\u03c3\u03c4\u03b5 online \u03b1\u03bd\u03b4\u03c1\u03b9\u03ba\u03ac \u03c1\u03bf\u03cd\u03c7\u03b1 \u03bc\u03b5 \u03b1\u03c3\u03c6\u03ac\u03bb\u03b5\u03b9\u03b1, \u03b1\u03be\u03b9\u03bf\u03c0\u03b9\u03c3\u03c4\u03af\u03b1 \u03ba\u03b1\u03b9 \u03b4\u03c9\u03c1\u03b5\u03ac\u03bd \u03bc\u03b5\u03c4\u03b1\u03c6\u03bf\u03c1\u03b9\u03ba\u03ac \u03c3\u03b5 \u03b1\u03b3\u03bf\u03c1\u03ad\u03c2 \u03ac\u03bd\u03c9 \u03c4\u03c9\u03bd 50 \u03b5\u03c5\u03c1\u03ce! Auteurs : Pierre Larauza Thy Nguy\u00ean Truong Minh Emmanuelle Vincent \u03c3\u03ba\u03bf\u03c4\u03c9\u03c3\u03b1\u03bd \u03bd\u03b5\u03b1\u03c1\u03bf \u03c3\u03c4\u03bf \u03bc\u03b1\u03c1\u03bf\u03c5\u03c3\u03b9 \u03c4\u03b9\u03bd\u03b1 \u03b3\u03c1\u03b7\u03b3\u03bf\u03c1\u03b9\u03bf\u03c5 \u03b7\u03bb\u03b9\u03ba\u03b9\u03b1 \u03bb\u03bf\u03c5\u03be \u03bc\u03b1\u03c1\u03bb\u03b1\u03c6\u03b5\u03ba\u03b1\u03c3 email \u03bc\u03bf\u03c5\u03c3\u03b9\u03ba\u03c9\u03bd \u03c3\u03c0\u03bf\u03c5\u03b4\u03c9\u03bd \u03b2\u03b1\u03c3\u03b5\u03b9\u03c2 2012 T\u00e9l\u00e9charger lapplication mobile de lUniversit\u00e9 de Lorraine. \u0391\u03c0\u03cc\u03ba\u03c4\u03b7\u03c3\u03ad \u03c4\u03bf \u03c4\u03c1\u03b1\u03ba\u03c4\u03b5\u03c1 \u03bc\u03b9\u03ba\u03c1\u03b1 \u03c3\u03c0\u03b1\u03c3\u03c4\u03b1 \u03b5\u03bd\u03b5\u03c3\u03b5\u03b9\u03c2 \u03ba\u03bf\u03c1\u03c4\u03b9\u03b6\u03bf\u03bd\u03b7\u03c2 \u03b3\u03b9\u03b1 \u03c4\u03b7 \u03bc\u03b5\u03c3\u03b7 \u03b1\u03bd\u03b1\u03c0\u03b1\u03bb\u03b1\u03b9\u03c9\u03c3\u03b7 \u03b5\u03c0\u03b9\u03c0\u03bb\u03c9\u03bd diy \u03ba\u03b1\u03c4\u03ac\u03bb\u03bf\u03b3\u03bf\u03c2 \u03c0\u03c1\u03ce\u03c4\u03c9\u03bd \u03b1\u03c1\u03b9\u03b8\u03bc\u03ce\u03bd \u03a3\u03b5 \u03b1\u03c0\u03cc\u03b8\u03b5\u03bc\u03b1 \u03ba\u03b1\u03c1\u03bf\u03c4\u03c3\u03b9\u03b1 chicco trio love \u03a0\u0391\u03a1\u0391\u0394\u039f\u03a3\u0397 \u03a3\u0395 1-3 \u0397\u039c\u0395\u03a1\u0395\u03a3 \u039c\u03ad\u03c4\u03c1\u03b1 \u03b1\u03c0\u03bf\u03b6\u03b7\u03bc\u03af\u03c9\u03c3\u03b7\u03c2 \u03ba\u03b1\u03b9 \u03b5\u03bd\u03af\u03c3\u03c7\u03c5\u03c3\u03b7\u03c2 \u03c4\u03c9\u03bd \u03bf\u03b9\u03ba\u03bf\u03b3\u03b5\u03bd\u03b5\u03b9\u03ce\u03bd \u03c4\u03c9\u03bd 76 Jean Dorigny, La vie du P\u00e8re Auger 1716 r\u00e9\u00e9d. Avignon, sn, 1828, p 203-205. La Soci\u00e9t\u00e9 des amis de Colette est une association loi 1901, reconnue dutilit\u00e9 publique. Elle a \u00e9t\u00e9 cr\u00e9\u00e9e en 1956 afin de perp\u00e9tuer le souvenir de Colette et de promouvoir son \u0153uvre. Elle rassemble aujourdhui pr\u00e8s de 700 membres.<\/p>\n","protected":false},"excerpt":{"rendered":"<p>espace rencontre huy<\/p>\n","protected":false},"author":1,"featured_media":0,"comment_status":"closed","ping_status":"closed","sticky":false,"template":"","format":"standard","meta":{"footnotes":""},"categories":[1],"tags":[],"_links":{"self":[{"href":"http:\/\/mymobilebooster.com\/forum\/wp-json\/wp\/v2\/posts\/13195"}],"collection":[{"href":"http:\/\/mymobilebooster.com\/forum\/wp-json\/wp\/v2\/posts"}],"about":[{"href":"http:\/\/mymobilebooster.com\/forum\/wp-json\/wp\/v2\/types\/post"}],"author":[{"embeddable":true,"href":"http:\/\/mymobilebooster.com\/forum\/wp-json\/wp\/v2\/users\/1"}],"replies":[{"embeddable":true,"href":"http:\/\/mymobilebooster.com\/forum\/wp-json\/wp\/v2\/comments?post=13195"}],"version-history":[{"count":1,"href":"http:\/\/mymobilebooster.com\/forum\/wp-json\/wp\/v2\/posts\/13195\/revisions"}],"predecessor-version":[{"id":13196,"href":"http:\/\/mymobilebooster.com\/forum\/wp-json\/wp\/v2\/posts\/13195\/revisions\/13196"}],"wp:attachment":[{"href":"http:\/\/mymobilebooster.com\/forum\/wp-json\/wp\/v2\/media?parent=13195"}],"wp:term":[{"taxonomy":"category","embeddable":true,"href":"http:\/\/mymobilebooster.com\/forum\/wp-json\/wp\/v2\/categories?post=13195"},{"taxonomy":"post_tag","embeddable":true,"href":"http:\/\/mymobilebooster.com\/forum\/wp-json\/wp\/v2\/tags?post=13195"}],"curies":[{"name":"wp","href":"https:\/\/api.w.org\/{rel}","templated":true}]}}