{"id":13271,"date":"2020-10-17T02:33:59","date_gmt":"2020-10-17T02:33:59","guid":{"rendered":"http:\/\/mymobilebooster.com\/forum\/?p=13271"},"modified":"2020-10-05T18:47:42","modified_gmt":"2020-10-05T18:47:42","slug":"les-pacs-rencontre","status":"publish","type":"post","link":"http:\/\/mymobilebooster.com\/forum\/2020\/10\/17\/les-pacs-rencontre\/","title":{"rendered":"Les Pacs Rencontre"},"content":{"rendered":"<p><img decoding=\"async\" src=\"http:\/\/www.umwayndlung.ga\/wp-content\/uploads\/2018\/04\/recette-Glenn-Viel-1.jpg\" alt=\"les pacs rencontre\" align=\"right\"> Chaque partenaire doit \u00eatre majeur. Si lun des partenaire est \u00e9tranger, il doit avoir l\u00e2ge de la majorit\u00e9 fix\u00e9e par son pays. COUPLE-700 pour une bague de fian\u00e7ailles, 11.000 pour lorganisation du mariage.. On fait le point sur les statistiques 2019.  Limage dOb\u00e9lix se trouve en background pour mieux g\u00e9rer sa disparition sur mobile. Vous serez alert\u00e9e par courriel \u00e0 chaque mise \u00e0 jour significative de la page Pacte civil de solidarit\u00e9 Pacs. Tous les couples ont d\u00e9sormais le choix entre le mariage et le Pacs. R\u00e9gime fiscal, s\u00e9paration ou d\u00e9c\u00e8s, le point sur les similarit\u00e9s et les diff\u00e9rences de ces deux contrats dunion. A loccasion de crises ou de ruptures familiales graves, les espaces de renco.. <img decoding=\"async\" src=\"http:\/\/photos.gammvert.fr\/v5\/products\/fiche_300\/39464-serre-tunnel-5-m2-habrita-4.jpg\" alt=\"les pacs rencontre\" align=\"center\"> Remplacer mon vieux radiateur \u00e9lectrique fixe par un radiateur \u00e9lectrique tr\u00e8s performant : les offres pour une prime jusqu\u00e0 100 selon ressources Avec Antoine, nous avons pr\u00e9vu de faire quelque chose de symbolique pour notre PACS. Jai achet\u00e9 un coffret en bois qui sera ferm\u00e9 par un cadenas sp\u00e9cialement grav\u00e9 avec nos pr\u00e9noms et la date anniversaire de notre couple 15 novembre 2015. Dans ce coffret, on va y mettre chacun une lettre. Ma lettre sadressera \u00e0 Antoine et vice-versa pour la sienne. Mais pas \u00e0 Antoine daujourdhui, elle sadressera \u00e0 Antoine qui sera jeune mari\u00e9, idem pour sa lettre pour moi. Lid\u00e9e, cest de laisser ce coffret ferm\u00e9 \u00e0 partir du 13 juillet jusqu\u00e0 la date de notre mariage dans plusieurs ann\u00e9es o\u00f9 on les ouvrira. On mettra \u00e9galement des petits souvenirs dans le coffret. Les tenues-non-respect de lobligation g\u00e9n\u00e9rale dinformation pr\u00e9contractuelle ; Le b\u00e9n\u00e9ficiaire ne peut pr\u00e9tendre pour une m\u00eame op\u00e9ration qu\u00e0 une seule prime vers\u00e9e dans le cadre du dispositif des certificats d\u00e9conomies d\u00e9nergie. O\u00f9 se renseigner pour avoir des conseils? <img decoding=\"async\" src=\"http:\/\/images.bit-tech.net\/blog\/2010\/10\/free-games-i-like-dice-wars\/dice2.jpg\" alt=\"les pacs rencontre\" align=\"center\"> Huit dentre eux, h\u00e9t\u00e9ros ou homos, ont accept\u00e9 de nous raconter leur pacs, une alternative au mariage civil ou une simple \u00e9tape dans la construction de leur relation conjugale.  au moyen du r\u00e9c\u00e9piss\u00e9 denregistrement, remis par lagent consulaire, Les Fran\u00e7ais et le PACS, BVA 965 personnes \u00e2g\u00e9es de 18 ans et plus, interrog\u00e9es les 17-18 avril 1998. Il est n\u00e9cessaire de r\u00e9diger un si lon veut laisser des biens \u00e0 son partenaire. Fiscalement, le partenaire pacs\u00e9 b\u00e9n\u00e9ficie du m\u00eame r\u00e9gime de faveur que le conjoint survivant : il est exon\u00e9r\u00e9 de droits de succession. Lutilisation de la contraception et le recours \u00e0 lavortement Tous les mercredis, retrouvez les derniers cours des march\u00e9s de R\u00e9almont et de Puylaurens-non-respect des garanties l\u00e9gales ou commerciales ; diff\u00e9rence entre les r\u00e9gimes du pacs, vous pourrez faire votre choix en toute connaissance de cause.  Dans le cadre de lacquisition du prochain avion de combat PAC, le prix dachat doit \u00eatre compens\u00e9 \u00e0 100 par des affaires compensatoires aupr\u00e8s de lindustrie suisse. Afin dactiver la coop\u00e9ration entre les cinq candidats s\u00e9lectionn\u00e9s pour le PAC et lindustrie suisse, le Bureau des affaires compensatoires \u00e0 Berne, Swissmem SWISS ASD et le GRPM organisent en octobre 2018, pour chaque candidat, une manifestation destin\u00e9e \u00e0 nouer des contacts \u00e0 Berne et \u00e0 Lausanne.<\/p>\n","protected":false},"excerpt":{"rendered":"<p>les pacs rencontre<\/p>\n","protected":false},"author":1,"featured_media":0,"comment_status":"closed","ping_status":"closed","sticky":false,"template":"","format":"standard","meta":{"footnotes":""},"categories":[1],"tags":[],"_links":{"self":[{"href":"http:\/\/mymobilebooster.com\/forum\/wp-json\/wp\/v2\/posts\/13271"}],"collection":[{"href":"http:\/\/mymobilebooster.com\/forum\/wp-json\/wp\/v2\/posts"}],"about":[{"href":"http:\/\/mymobilebooster.com\/forum\/wp-json\/wp\/v2\/types\/post"}],"author":[{"embeddable":true,"href":"http:\/\/mymobilebooster.com\/forum\/wp-json\/wp\/v2\/users\/1"}],"replies":[{"embeddable":true,"href":"http:\/\/mymobilebooster.com\/forum\/wp-json\/wp\/v2\/comments?post=13271"}],"version-history":[{"count":1,"href":"http:\/\/mymobilebooster.com\/forum\/wp-json\/wp\/v2\/posts\/13271\/revisions"}],"predecessor-version":[{"id":13272,"href":"http:\/\/mymobilebooster.com\/forum\/wp-json\/wp\/v2\/posts\/13271\/revisions\/13272"}],"wp:attachment":[{"href":"http:\/\/mymobilebooster.com\/forum\/wp-json\/wp\/v2\/media?parent=13271"}],"wp:term":[{"taxonomy":"category","embeddable":true,"href":"http:\/\/mymobilebooster.com\/forum\/wp-json\/wp\/v2\/categories?post=13271"},{"taxonomy":"post_tag","embeddable":true,"href":"http:\/\/mymobilebooster.com\/forum\/wp-json\/wp\/v2\/tags?post=13271"}],"curies":[{"name":"wp","href":"https:\/\/api.w.org\/{rel}","templated":true}]}}