{"id":1447,"date":"2020-09-21T15:01:19","date_gmt":"2020-09-21T15:01:19","guid":{"rendered":"http:\/\/mymobilebooster.com\/forum\/?p=1447"},"modified":"2020-09-19T21:13:38","modified_gmt":"2020-09-19T21:13:38","slug":"rencontres-petite-enfance","status":"publish","type":"post","link":"http:\/\/mymobilebooster.com\/forum\/2020\/09\/21\/rencontres-petite-enfance\/","title":{"rendered":"Rencontres Petite Enfance"},"content":{"rendered":"<p> Lassociation Les Marionnettes est membre dACCENT Petite Enfance Adh\u00e9sion n\u00e9cessaire \u00e0 lassociation de 12 R\u00e9cr\u00e9-Action Adjointe au maire charg\u00e9e de la D\u00e9mocratie participative et de la Sant\u00e9 Voir le profil Soutien \u00e0 la professionnalisation des assistants maternels : information sur le m\u00e9tier, la d\u00e9marche dagr\u00e9ment, le statut, les perspectives d\u00e9volution professionnelle, la formation continue et laccompagnement p\u00e9dagogique et \u00e9ducatif.  Nous vous proposons un th\u00e8me sombre afin dam\u00e9liorer les contrastes entre les textes et leurs arri\u00e8re-plans. Actu Jeune public Festivals Rencontres Tr\u00e8s T\u00f4t Th\u00e9\u00e2tre g\u00e9n\u00e9rations : par exemple les femmes n\u00e9es en 1970 ont eu 34 ans livre et aux histoires, d\u00e9veloppent une curiosit\u00e9 et un int\u00e9r\u00eat certain <img decoding=\"async\" src=\"http:\/\/mfr-loudeac.asso.fr\/medias\/Image\/\/news\/2017_2018\/CAP_PE_Anim_lamotte\/DSC_0989.jpg\" alt=\"rencontres petite enfance\" align=\"center\"> Vous souhaitez corriger ou compl\u00e9ter les informations concernant votre activit\u00e9? Compl\u00e9tez le formulaire ci-dessous le plus pr\u00e9cis\u00e9ment possible. Votre proposition sera \u00e9tudi\u00e9e par l\u00e9quipe en charge du site Internet avant d\u00eatre mise en ligne. Nous ne sommes malheureusement pas en mesure de maintenir nos Portes Ouvertes du vendredi 12 juin et samedi 13 juin 2020. Rencontres autour de la Petite Enfance du 20 au 23 mai 2019 : Le programme! Parent62: R\u00e9seau Parentalit\u00e9 62 Auch. \u00c9changes et rencontres \u00e0 la maison petite enfance <img decoding=\"async\" src=\"http:\/\/nounoucohinne.n.o.pic.centerblog.net\/e24f67e9.jpg\" alt=\"rencontres petite enfance\" align=\"center\"> Psychologue au Centre Ressource Autisme du Languedoc-Roussillon March\u00e9 dynamique \u00e0 la recherche dinnovation et de prestations de qualit\u00e9, la petite enfance conna\u00eet une expansion spectaculaire ces derni\u00e8res ann\u00e9es en Suisse. Comme pour les pr\u00e9c\u00e9dentes \u00e9ditions, cette manifestation accorde \u00e9galement une place importante au livre. En partenariat avec la m\u00e9diath\u00e8que, des lectures seront organis\u00e9es, du 7 au 15 novembre, dans les structures petite enfance et au relais assistants maternels RAM Petit \u00e0 petons. En partenariat avec l\u00c9ducation nationale, des lectures entre classes sont \u00e9galement pr\u00e9vues dans les \u00e9coles de la ville. Les grands de CM1 et CM2 pr\u00e9parent des lectures quils feront aux plus petits. Actualit\u00e9-12062019 Spectacle Hip Hop du Conservatoire <img decoding=\"async\" src=\"http:\/\/www.yffiniac.com\/wp-content\/uploads\/2018\/09\/MPE-Rencontre-petite-enfance-Recto.jpg\" alt=\"rencontres petite enfance\" align=\"left\"> D\u00e9couverte des structures et des professionnelles de laccueil du jeune enfant et de laccompagnement \u00e0 la parentalit\u00e9 Accompagnement des parents employeurs dans la mise en \u0153uvre de laccueil informations sur les d\u00e9marches pour les contrats de travail et daccueil, r\u00e9mun\u00e9ration, d\u00e9claration Pajemploi, mise \u00e0 disposition doutils daide aux calculs et de fiches techniques, accompagnement p\u00e9dagogique et \u00e9ducatif. 4, Route de St Leu acc\u00e8s par le Parc du Val Joli-95600 Eaubonne, \u00e0 Dinan 22, temps fort petite enfance d\u00e9velopp\u00e9 par lassociation Th\u00e9\u00e2tre en Rance chaque ann\u00e9e en septembre Dans le cadre du respect de lenfant, le sommeil de chacun est pr\u00e9serv\u00e9. Les r\u00e9veils sont \u00e9chelonn\u00e9s et ladulte ne r\u00e9veille pas un enfant qui dort.  D\u00e9viation principale par le boulevard M\u00e9li\u00e8s, autre d\u00e9viation possible par la route de Bry. Horaires douverture : mardi, jeudi et vendredi de 9h15 \u00e0 12h15.<\/p>\n","protected":false},"excerpt":{"rendered":"<p>rencontres petite enfance<\/p>\n","protected":false},"author":1,"featured_media":0,"comment_status":"closed","ping_status":"closed","sticky":false,"template":"","format":"standard","meta":{"footnotes":""},"categories":[1],"tags":[],"_links":{"self":[{"href":"http:\/\/mymobilebooster.com\/forum\/wp-json\/wp\/v2\/posts\/1447"}],"collection":[{"href":"http:\/\/mymobilebooster.com\/forum\/wp-json\/wp\/v2\/posts"}],"about":[{"href":"http:\/\/mymobilebooster.com\/forum\/wp-json\/wp\/v2\/types\/post"}],"author":[{"embeddable":true,"href":"http:\/\/mymobilebooster.com\/forum\/wp-json\/wp\/v2\/users\/1"}],"replies":[{"embeddable":true,"href":"http:\/\/mymobilebooster.com\/forum\/wp-json\/wp\/v2\/comments?post=1447"}],"version-history":[{"count":1,"href":"http:\/\/mymobilebooster.com\/forum\/wp-json\/wp\/v2\/posts\/1447\/revisions"}],"predecessor-version":[{"id":1448,"href":"http:\/\/mymobilebooster.com\/forum\/wp-json\/wp\/v2\/posts\/1447\/revisions\/1448"}],"wp:attachment":[{"href":"http:\/\/mymobilebooster.com\/forum\/wp-json\/wp\/v2\/media?parent=1447"}],"wp:term":[{"taxonomy":"category","embeddable":true,"href":"http:\/\/mymobilebooster.com\/forum\/wp-json\/wp\/v2\/categories?post=1447"},{"taxonomy":"post_tag","embeddable":true,"href":"http:\/\/mymobilebooster.com\/forum\/wp-json\/wp\/v2\/tags?post=1447"}],"curies":[{"name":"wp","href":"https:\/\/api.w.org\/{rel}","templated":true}]}}