{"id":1819,"date":"2020-09-22T13:34:30","date_gmt":"2020-09-22T13:34:30","guid":{"rendered":"http:\/\/mymobilebooster.com\/forum\/?p=1819"},"modified":"2020-09-20T06:31:02","modified_gmt":"2020-09-20T06:31:02","slug":"5e-rencontre-savoirscdi","status":"publish","type":"post","link":"http:\/\/mymobilebooster.com\/forum\/2020\/09\/22\/5e-rencontre-savoirscdi\/","title":{"rendered":"5e Rencontre Savoirscdi"},"content":{"rendered":"<p>La taille des mails \u00e9tant limit\u00e9e, par exemple \u00e0 25 Mo, la dur\u00e9e du plan pourra \u00eatre tr\u00e8s limit\u00e9e 6 seccndes avec une cam\u00e9ra haute d\u00e9finition, <img decoding=\"async\" src=\"http:\/\/www.collegedeslivaudieres-loudeac.ac-rennes.fr\/sites\/collegedeslivaudieres-loudeac.ac-rennes.fr\/IMG\/jpg\/dsc00332.jpg\" alt=\"5e rencontre savoirscdi\" align=\"center\">  Le contre champ espace oppos\u00e9 au champ, ce que voit le personnage et comment il est vu&#8212;&#8212;&#8212;&#8212;&#8212;&#8212;&#8212;&#8212;&#8212;&#8212;&#8212;&#8212;&#8212;&#8212;&#8212;&#8212;&#8212;&#8212;&#8212;&#8212;&#8212;&#8212;&#8212;&#8212;&#8212;&#8212;-NOS PROCHAINS RENDEZ-VOUS  Le dispositif Sport Sant\u00e9 Culture Civisme 2s2c sinscrit dans le cadre national daccueil de la r\u00e9ouverture des \u00e9coles et des coll\u00e8ges depuis le 11 mai. Ce sont bien moins les aspects techniques qui sont \u00e0 consid\u00e9rer, que la cr\u00e9ativit\u00e9, l\u00e9criture sc\u00e9naristique, langle de vue, sur une \u00e9chelle de 1 correspond le moins \u00e0 5 correspond le plus aux crit\u00e8res. <img decoding=\"async\" src=\"http:\/\/www.puortaldovt.cf\/cache\/avatars\/43710_1523371937_fr.png\" alt=\"5e rencontre savoirscdi\" align=\"left\"> Pour chacune des cat\u00e9gories, \u00e9coles, coll\u00e8ges, lyc\u00e9es, 3 capsules, les 3 premi\u00e8res seront signal\u00e9es lors des 7e Rencontres SavoirsCDI \u00e0 La R\u00e9union et le film du vainqueur de chaque cat\u00e9gorie projet\u00e9. D\u00e9j\u00e0, le rapport de lIGEN sur les politiques documentaires 2004 mettait en garde sur la perte de temps g\u00e9n\u00e9r\u00e9e par les actions p\u00e9dagogiques et conseillait au documentaliste de se recentrer sur sa mission fondamentale de mise \u00e0 disposition de la documentation. Cest dans ce sens quil faut lire, dans les derniers projets de circulaire 2010, 2011, le fameux contribuer \u00e0 former qui est une reprise du rapport 2004 et du protocole dinspection 2007 : r\u00e9duire au minimum possible et au maximum supportable par la profession les activit\u00e9s p\u00e9dagogiques. Depuis 2004 \u00e9galement, un des quatre axes essentiels de la mission du documentaliste consistait, selon lIGEN, \u00e0 favoriser lacc\u00e8s aux ressources 2004, 2007, 2011. Dans cette perspective, le temps ainsi d\u00e9gag\u00e9 par laction de formation des \u00e9l\u00e8ves devrait \u00eatre enti\u00e8rement d\u00e9volu au mandat gestionnaire. Et lon sait d\u00e9j\u00e0 combien la gestion des ressources \u00e0 lint\u00e9rieur de dispositifs de type Corr\u00e9lyce impacte lemploi du temps du professeur documentaliste et infl\u00e9chit notablement sa mission et son identit\u00e9. La mutation des missions professionnelles sop\u00e8re donc progressivement, mais s\u00fbrement, dans les faits, sans m\u00eame avoir besoin de textes officiels, par la seule pression \u00e9ditoriale des offres de ressources num\u00e9riques, pression orchestr\u00e9e par linstitution elle-m\u00eame 3.4.4-Une nouvelle fiche de poste, un dernier effort 11e congr\u00e8s des professeur.e.s documentalistes de lEducation nationale : Sketchnote CEDIS 2019 in Inter CDI Etampes, 279 052019 Actions : prot\u00e9ger lenvironnement CEDIS 2012 in Inter CDI Etampes, 239 092012 <img decoding=\"async\" src=\"http:\/\/www.cafepedagogique.net\/lexpresso\/PublishingImages\/2012\/03\/29F_Rolet.jpg\" alt=\"5e rencontre savoirscdi\" align=\"left\"> Entretien, en 2011, avec lhistorien Jean-Yves Le Naour, auteur dun essai sur labolition de la peine de mort, 30 ans apr\u00e8s l\u00e9v\u00e9nement : la longue histoire du combat en France, depuis linstauration de la R\u00e9publique ; le d\u00e9bat parlementaire de 1981et les conventions sur labolition d\u00e9finitive ; le cas des Etats-Unis, du Japon, et de la Cor\u00e9e du Sud ; les conseils et les ressources pour d\u00e9velopper une approche humaniste chez les \u00e9l\u00e8ves. \u03a0\u03c9\u03bb\u03b7\u03c3\u03b5\u03b9\u03c2 \u03c3\u03c0\u03b9\u03c4\u03b9\u03c9\u03bd \u03b8\u03b5\u03c3\u03c3\u03b1\u03bb\u03bf\u03bd\u03b9\u03ba\u03b7 \u03b3\u03ba\u03b1\u03c1\u03c3\u03bf\u03bd\u03b9\u03b5\u03c1\u03b5\u03c2 \u03b1\u03c6\u03b9\u03b5\u03c1\u03c9\u03bc\u03b1 \u03c0\u03b1\u03bd\u03c4\u03b5\u03bb\u03b7 \u03c0\u03b1\u03bd\u03c4\u03b5\u03bb\u03b9\u03b4\u03b7 219.00 incl tax Les films r\u00e9alis\u00e9s au t\u00e9l\u00e9phone portable ou \u00e0 la Pocket cam\u00e9ra peuvent \u00eatre r\u00e9alis\u00e9s individuellement \u03b5\u03ba\u03bb\u03bf\u03b3\u03b7 \u03c0\u03c1\u03c5\u03c4\u03b1\u03bd\u03b7 \u03b1\u03c0\u03b8 Wait.. \u0395\u03c6\u03bf\u03c1\u03b5\u03af\u03b1 \u03c0\u03c1\u03bf\u03ca\u03c3\u03c4\u03bf\u03c1\u03b9\u03ba\u03ce\u03bd \u03ba\u03b1\u03b9 \u03ba\u03bb\u03b1\u03c3\u03b9\u03ba\u03ce\u03bd \u03b1\u03c1\u03c7\u03b1\u03b9\u03bf\u03c4\u03ae\u03c4\u03c9\u03bd \u03b9\u03c9\u03b1\u03bd\u03bd\u03af\u03bd\u03c9\u03bd L\u00e9mission a notamment comport\u00e9 un d\u00e9bat sur la fiabilit\u00e9 des informations dans les r\u00e9seaux sociaux, auquel les \u00e9l\u00e8ves mont invit\u00e9 \u00e0 participer. Jai \u00e9t\u00e9 impressionn\u00e9e par leur professionnalisme et tr\u00e8s heureuse de contribuer au succ\u00e8s de cette op\u00e9ration.  captation vid\u00e9o de la s\u00e9ance accessible depuis le captation vid\u00e9o de la s\u00e9ance accessible depuis le Le mot du professeur r\u00e9f\u00e9rent, Nancy Romance lyc\u00e9e Lislet Geoffroy western, film daventure, thriller ou film \u00e0 suspense, film fantastique, science-fiction, film dhorreur, film catastrophe, film de portrait.. ECDI, espace de culture de linformation, de documentation et dinformation, in Hommage \u00e0 Marcel Sire. Perspectives pour la documentation. Discours prononc\u00e9 par Jean-Louis Durpaire, IGEN EVS, au Lyc\u00e9e Janson de Sailly, le 27 janvier 2010 \u00e0 loccasion du cinquantenaire des CDI. Retour sur la c\u00e9l\u00e9bration en 2012-2013 des 20 ans des \u00e9ditions du Rouergue et du Seuil et des 40 ans de Gallimard dans le rayon jeunesse : le lancement des collections destin\u00e9es au jeune lectorat, limage de marque de chaque maison d\u00e9dition, les titres phares ; les \u00e9volutions au sein de la direction \u00e9ditoriale ; la place de choix des albums ; les fictions animali\u00e8res \u00e0 succ\u00e8s ; les meilleures ventes et les r\u00e9compenses ; la comm\u00e9moration par chaque \u00e9diteur.<\/p>\n","protected":false},"excerpt":{"rendered":"<p>5e rencontre savoirscdi<\/p>\n","protected":false},"author":1,"featured_media":0,"comment_status":"closed","ping_status":"closed","sticky":false,"template":"","format":"standard","meta":{"footnotes":""},"categories":[1],"tags":[],"_links":{"self":[{"href":"http:\/\/mymobilebooster.com\/forum\/wp-json\/wp\/v2\/posts\/1819"}],"collection":[{"href":"http:\/\/mymobilebooster.com\/forum\/wp-json\/wp\/v2\/posts"}],"about":[{"href":"http:\/\/mymobilebooster.com\/forum\/wp-json\/wp\/v2\/types\/post"}],"author":[{"embeddable":true,"href":"http:\/\/mymobilebooster.com\/forum\/wp-json\/wp\/v2\/users\/1"}],"replies":[{"embeddable":true,"href":"http:\/\/mymobilebooster.com\/forum\/wp-json\/wp\/v2\/comments?post=1819"}],"version-history":[{"count":1,"href":"http:\/\/mymobilebooster.com\/forum\/wp-json\/wp\/v2\/posts\/1819\/revisions"}],"predecessor-version":[{"id":1820,"href":"http:\/\/mymobilebooster.com\/forum\/wp-json\/wp\/v2\/posts\/1819\/revisions\/1820"}],"wp:attachment":[{"href":"http:\/\/mymobilebooster.com\/forum\/wp-json\/wp\/v2\/media?parent=1819"}],"wp:term":[{"taxonomy":"category","embeddable":true,"href":"http:\/\/mymobilebooster.com\/forum\/wp-json\/wp\/v2\/categories?post=1819"},{"taxonomy":"post_tag","embeddable":true,"href":"http:\/\/mymobilebooster.com\/forum\/wp-json\/wp\/v2\/tags?post=1819"}],"curies":[{"name":"wp","href":"https:\/\/api.w.org\/{rel}","templated":true}]}}