{"id":2018,"date":"2020-09-23T03:01:07","date_gmt":"2020-09-23T03:01:07","guid":{"rendered":"http:\/\/mymobilebooster.com\/forum\/?p=2018"},"modified":"2020-09-20T12:04:30","modified_gmt":"2020-09-20T12:04:30","slug":"rencontre-africaine-photographie-bamako","status":"publish","type":"post","link":"http:\/\/mymobilebooster.com\/forum\/2020\/09\/23\/rencontre-africaine-photographie-bamako\/","title":{"rendered":"Rencontre Africaine Photographie Bamako"},"content":{"rendered":"<p>Le r\u00e9seau RCF compte 300 salari\u00e9s et 3.000 b\u00e9n\u00e9voles. The space betwen us Ifa galerie Berlin, Stuttgart Allemagne DE CETTE PREMI\u00c8RE QUINZAINE DE CONFINEMENT, on se souviendra quil faisait beau. Presque trop beau m\u00eame. Un soleil insolent plant\u00e9 de bon matin dans un ciel bleu immacul\u00e9. Et quand des nuages auront tent\u00e9 dassombrir le tableau, le vent par bourrasques se sera charg\u00e9 de les \u00e9loigner. \u00c0 ceux qui vivent dans un environnement verdoyant, en banlieue ou \u00e0 la campagne, et m\u00eame \u00e0 proximit\u00e9 des cimeti\u00e8res, ce temps printanier aura offert le spectacle des fleurs nouvelles tout juste \u00e9closes, f\u00e9erie blanche des arbres fruitiers, magnolias aux calices roses, branches jaune vif des forsythias. Sur les chemins, les promeneurs auront rencontr\u00e9 non loin de chez eux les premi\u00e8res jonquilles, le mauve des lilas, le fanal rouge des coquelicots \u00e9mergeant parmi les touffes dherbe dun vert tendre digne des Renoir les plus bucoliques. P\u00e2querettes et pissenlits, parfum dans lair des orangers du Mexique et des buis, taches color\u00e9es des tulipes et des iris. Un jardin d\u00c9den \u00e0 la taille dun pays ou presque. Except\u00e9 pour les reclus nombreux des cit\u00e9s, des prisons, les loin de la lumi\u00e8re.  Titre : Critique dart Actualit\u00e9 francophone et internationale de la litt\u00e9rature critique sur lart contemporain, la critique et la th\u00e9orie de lart En bref : Dans cette exposition, malgr\u00e9 un accrochage qui r\u00e9duit parfois un travail fouill\u00e9 \u00e0 lanecdote, les artistes communiquent facilement leur engagement. Mamadou Konat\u00e9, prim\u00e9 lors des pr\u00e9c\u00e9dentes Rencontres estime que sans les Rencontres, on ne serait pas l\u00e0. Gr\u00e2ce \u00e0 ces expositions, on regarde autre chose, on change notre fa\u00e7on de voir et de rendre compte. GIZ-BUREAU DE LA COOPERATION ALLEMANDE AU DEVELOPPEMENT AU MALI Prix du Jury-Berry Bickle Zimbabwe et Abdoulaye Barry Tchad Rencontres de Bamako Biennale africaine de la photographie Lense Etats g\u00e9n\u00e9raux, Assembl\u00e9e constituante et s\u00e9paration des pouvoirs <img decoding=\"async\" src=\"http:\/\/cielvariable.ca\/wordpress\/wp-content\/uploads\/2012\/04\/91-83-Kiripi-Katembo-248x300.jpg\" alt=\"rencontre africaine photographie bamako\" align=\"right\"> Wright qui sillonnait le Ghana \u00e0 laube des ind\u00e9pendances expos\u00e9es par le SI L\u00c9PID\u00c9MIE CEST LA GUERRE, alors elle a ses h\u00e9ros et ses profiteurs, ses g\u00e9n\u00e9reux et ses Th\u00e9nardier, si on a bien lu les Mis\u00e9rables du p\u00e8re Hugo. La d\u00e9lation a, h\u00e9las, si bien retrouv\u00e9 ses vieux r\u00e9flexes dans les tr\u00e9fonds de nos inconscients que cette chronique ne viendra pas ajouter \u00e0 la vindicte. En revanche, nous pouvons ici, la conscience tranquille, dire le nom de nombreux \u00eatres vivants qui auront fait leurs choux gras de l\u00e9pid\u00e9mie. Il sagit, qui plus est, de prol\u00e9taires de tous les pays, unies oui, au f\u00e9minin pour une grande cause : la fabrication de miel par une infinit\u00e9 douvri\u00e8res non syndiqu\u00e9es \u00e0 notre connaissance, besogneuses et travailleuses, aussi m\u00e9ritantes dans leur genre que nos personnels soignants.  <img decoding=\"async\" src=\"http:\/\/docpix.fr\/photos\/actufocus\/ActuFocus_170410220721_2.jpg\" alt=\"rencontre africaine photographie bamako\" align=\"left\">  Les masques fournis par le ministre de lAdministration territoriale au nom du chef de lEtat ont \u00e9t\u00e9 attribu\u00e9s au Minesup, Minesec, Minefop et Minedub Dans son r\u00e9cent rapport trimestriel sur la situation au Mali couvrant la p\u00e9riode de mars, avril et mai, le Secr\u00e9taire g\u00e9n\u00e9ral de lONU, Antonio Guterres a, une fois de plus, d\u00e9plor\u00e9 la d\u00e9t\u00e9rioration de la situation s\u00e9curitaire avec son corollaire de tueries macabres surtout au centre du pays, les violations des droits humains auxquelles se sont livr\u00e9s, les groupes terroristes, les milices communautaires et les forces arm\u00e9es. Pour cette biennale, laccent est mis sur le monde africain. LAfrique en tant que concept plan\u00e9taire associ\u00e9 \u00e0 des personnes dorigine africaine, r\u00e9pandue dans le monde entier en Asie, en Oc\u00e9anie, en Europe, en Am\u00e9rique, sur le continent africain. La photographie peut-elle r\u00e9v\u00e9ler les courants de conscience qui d\u00e9coulent des rives du continent africain et au-del\u00e0? Le gouverneur de la r\u00e9gion de Maradi, M. Zakari Oumarou, pr\u00e9sident du comit\u00e9 r\u00e9gional de lutte contre le COVID 19, accompagn\u00e9 des membres du comit\u00e9, sest rendu sur le site <img decoding=\"async\" src=\"http:\/\/www.photography-in.berlin\/wp-content\/uploads\/2016\/10\/Studio-Bamako-Installationsansicht-Exhibition-view-02-Kehrer-Galerie-2016.jpg\" alt=\"rencontre africaine photographie bamako\" align=\"right\"> Our daily newsletter contains a round-up of the stories published on our website, previews of exhibitions that are opening and more. On Fridays, we send our Editors picks of the top stories posted through the week. As a subscriber, you will also get live reports from leading art fairs and events, such as the Venice Biennale, plus special offers from The Art Newspaper 5. Cinq images haute r\u00e9solution 300 dpi pour 30 50 cm d\u0153uvres datant de 2017 propri\u00e9t\u00e9 de lartiste incl. Nom du photographe et date de cr\u00e9ation ; Commentaire: 26646. LIVRE NEUF, ENVOI RAPIDE ET SOIGN\u00c9 DEPUIS LA FRANCE ET PARTOUT DANS LE MONDE.<\/p>\n","protected":false},"excerpt":{"rendered":"<p>rencontre africaine photographie bamako<\/p>\n","protected":false},"author":1,"featured_media":0,"comment_status":"closed","ping_status":"closed","sticky":false,"template":"","format":"standard","meta":{"footnotes":""},"categories":[1],"tags":[],"_links":{"self":[{"href":"http:\/\/mymobilebooster.com\/forum\/wp-json\/wp\/v2\/posts\/2018"}],"collection":[{"href":"http:\/\/mymobilebooster.com\/forum\/wp-json\/wp\/v2\/posts"}],"about":[{"href":"http:\/\/mymobilebooster.com\/forum\/wp-json\/wp\/v2\/types\/post"}],"author":[{"embeddable":true,"href":"http:\/\/mymobilebooster.com\/forum\/wp-json\/wp\/v2\/users\/1"}],"replies":[{"embeddable":true,"href":"http:\/\/mymobilebooster.com\/forum\/wp-json\/wp\/v2\/comments?post=2018"}],"version-history":[{"count":1,"href":"http:\/\/mymobilebooster.com\/forum\/wp-json\/wp\/v2\/posts\/2018\/revisions"}],"predecessor-version":[{"id":2019,"href":"http:\/\/mymobilebooster.com\/forum\/wp-json\/wp\/v2\/posts\/2018\/revisions\/2019"}],"wp:attachment":[{"href":"http:\/\/mymobilebooster.com\/forum\/wp-json\/wp\/v2\/media?parent=2018"}],"wp:term":[{"taxonomy":"category","embeddable":true,"href":"http:\/\/mymobilebooster.com\/forum\/wp-json\/wp\/v2\/categories?post=2018"},{"taxonomy":"post_tag","embeddable":true,"href":"http:\/\/mymobilebooster.com\/forum\/wp-json\/wp\/v2\/tags?post=2018"}],"curies":[{"name":"wp","href":"https:\/\/api.w.org\/{rel}","templated":true}]}}