{"id":2030,"date":"2020-09-23T14:37:37","date_gmt":"2020-09-23T14:37:37","guid":{"rendered":"http:\/\/mymobilebooster.com\/forum\/?p=2030"},"modified":"2020-09-20T12:22:36","modified_gmt":"2020-09-20T12:22:36","slug":"rencontrer-cedric-villani","status":"publish","type":"post","link":"http:\/\/mymobilebooster.com\/forum\/2020\/09\/23\/rencontrer-cedric-villani\/","title":{"rendered":"Rencontrer Cedric Villani"},"content":{"rendered":"<p>Je souhaite : Rejoindre la campagne et recevoir la newsletter Simplement recevoir la newsletter publi\u00e9 le 28082019 \u00e0 06:14 mis \u00e0 jour le 28082019 \u00e0 16:11  Blondet EliotABACA Blondet EliotABACA pour LE Si te ha gustado este art\u00edculo, he aqu\u00ed algunas sugerencias autom\u00e1ticas que pueden interesarle: Restez connect\u00e9 avec la transition \u00e9nerg\u00e9tique et \u00e9cologique En fin de soir\u00e9e, il a donn\u00e9 une conf\u00e9rence sur ce th\u00e8me \u00e0 latheneum, le centre culturel de luniversit\u00e9. Si vous navez pas pu y assister, d\u00e9couvrez-la d\u00e8s \u00e0 pr\u00e9sent en ligne. Le chercheur et lintellectuel sont tr\u00e8s respect\u00e9s, en France certainement plus quailleurs. Mais \u00eatre sur un pi\u00e9destal nest pas une condition suffisante pour attirer les \u00e9tudiants. Ils sont rares \u00e0 penser que la recherche peut \u00eatre une carri\u00e8re pour eux. Il y a clairement un probl\u00e8me deffectif dans les sciences dures. Tous les pays d\u00e9velopp\u00e9s se lancent dans des programmes incitatifs, pour relancer la motivation ; cest le mot-cl\u00e9 aujourdhui pour pr\u00e9parer lavenir. \u00c0 lInstitut Henri-Poincar\u00e9, nous y sommes tr\u00e8s sensibles, avec des actions tourn\u00e9es vers le grand public et les jeunes : ouvrages de vulgarisation, conf\u00e9rences publiques, beau livre mettant en sc\u00e8ne le monde de la recherche dans sa dimension humaine, projet de mus\u00e9e math\u00e9matique pour tous, en liaison avec la culture, la recherche et lindustrie  Article r\u00e9serv\u00e9 aux abonn\u00e9s C\u00e9dric Villani apr\u00e8s lannonce de sa candidature \u00e0 la mairie de Paris, dans une brasserie parisienne, le 4 septembre. CHRISTOPHE ARCHAMBAULT AFP Biblioth\u00e8que Louis Aragon Passage des Po\u00e8tes-Forum de la Madeleine 28000 CHARTRES-02 37 88 45 20 la diffusion, alors quelle sait cette information inexacte, est puni dune peine dun an demprisonnement et de 15 000 euros damende. Je suis tr\u00e8s attentif au cin\u00e9ma ind\u00e9pendant et aux salles dart et dessai. Un des derniers films que jai vus? le long-m\u00e9trage dAlbert Dupontel sorti le 25 octobre 2017, ndlr. Jessaye de garder du temps le week-end, alors jai pu le voir en famille. Avant, jai beaucoup fr\u00e9quent\u00e9 le Grand Action Ve, ma salle favorite. Jy ai vu bon nombre de films pendant les ann\u00e9es ou j\u00e9tais \u00e9tudiant et jai co-organis\u00e9 avec eux un Cin\u00e9-Club. Je me souviens de mon \u00e9blouissement la premi\u00e8re fois que jai vu un film de Tarkovski. C\u00e9tait. Un monument en termes dampleur, de dur\u00e9e. Javais \u00e9t\u00e9 embarqu\u00e9 par une litt\u00e9raire: Il faut absolument que tu viennes voir \u00e7a! mavait-elle dit. <img decoding=\"async\" src=\"http:\/\/www.up-magazine.info\/images\/0218\/maths-nul-enfant.jpg\" alt=\"rencontrer cedric villani\" align=\"right\"> Inauguration du nouveau supercalculateur ROMEO-1er Octobre 2018 <img decoding=\"async\" src=\"http:\/\/www.enstib.univ-lorraine.fr\/fr\/files\/2015\/11\/villani3.jpg\" alt=\"rencontrer cedric villani\" align=\"right\"> Cette enieme mascarade de doustour sur mesure bessif que la junte militaire des gininars va encore imposer au pas de charge, par la force des armes et la repression a pour seuls objectifs : Jean-Luc M\u00e9lenchon lors dune conf\u00e9rence de presse \u00e0 Paris le 12 septembre. Photo AFP <img decoding=\"async\" src=\"http:\/\/www.leosphere.com\/wp-content\/uploads\/2018\/06\/Windcube-1-e1529332741631-257x300.png\" alt=\"rencontrer cedric villani\" align=\"right\">  Pour ce qui concerne la fronti\u00e8re franco-italienne, la situation a \u00e9t\u00e9 document\u00e9e et d\u00e9nonc\u00e9e par un Commission Nationale Consultative des Droits de lHomme r\u00e9sum\u00e9 par La Croix, par le r\u00e9cent, et, pour ce qui concerne les Alpes Maritimes, par du CGLPL Contr\u00f4leur G\u00e9n\u00e9ral des Lieux de Privation de Libert\u00e9. De fa\u00e7on plus simple, une tr\u00e8s courte vid\u00e9o du collectif, et surtout japer\u00e7ois tout derni\u00e8rement le documentaire de Nuno Escudeiro, disponible sur le site d Arte jusquau 12062019 enfin un m\u00e9dia en parle clairement: regardez ces 52 minutes. On y voit la police proc\u00e9der \u00e0 des refoulements ill\u00e9gaux de demandeurs dasile \u00e0 la fronti\u00e8re, mentir, emp\u00eacher syst\u00e9matiquement des \u00e9trangers de d\u00e9poser des demandes dasile, refouler des mineurs ce qui est toujours, commettre probablement des faux en \u00e9critures publiques \u00e0 cette fin cest et avait d\u00e9j\u00e0 \u00e9t\u00e9 document\u00e9 par le rapport du CGLPL, refuser ill\u00e9galement \u00e0 un adolescent lacc\u00e8s \u00e0 son avocate etc. Ladministration est \u00e9videmment consciente de son entrave \u00e0 la loi, ainsi une d\u00e9put\u00e9e europ\u00e9enne en visite inopin\u00e9e dans un local de police \u00e0 Menton y : Si presse sur place, pas dembarquement de mineurs dans les trains pour Vintimille. Nuno Escudeiro mentionne 417 condamnations de l\u00c9tat pour violation des droits des \u00e9trangers pendant les deux ans de son tournage. Et de 2015 \u00e0 2019, dix-neuf personnes ont \u00e9t\u00e9 condamn\u00e9es pour aide b\u00e9n\u00e9vole. Les arrestations, malgr\u00e9 le changement de loi, continuent. Parce quune autre personne ou vous est en train de lire Le Monde avec ce compte sur un autre appareil. En poursuivant votre navigation sans modifier vos param\u00e8tres, vous acceptez lutilisation des cookies ou technologies similaires pour vous permettre dacc\u00e9der \u00e0 vos espaces r\u00e9serv\u00e9s et personnels, pour disposer de services de partages sociaux, et pour \u00e9tablir des statistiques et volumes de fr\u00e9quentation et dutilisation des divers \u00e9l\u00e9ments composant le site.<\/p>\n","protected":false},"excerpt":{"rendered":"<p>rencontrer cedric villani<\/p>\n","protected":false},"author":1,"featured_media":0,"comment_status":"closed","ping_status":"closed","sticky":false,"template":"","format":"standard","meta":{"footnotes":""},"categories":[1],"tags":[],"_links":{"self":[{"href":"http:\/\/mymobilebooster.com\/forum\/wp-json\/wp\/v2\/posts\/2030"}],"collection":[{"href":"http:\/\/mymobilebooster.com\/forum\/wp-json\/wp\/v2\/posts"}],"about":[{"href":"http:\/\/mymobilebooster.com\/forum\/wp-json\/wp\/v2\/types\/post"}],"author":[{"embeddable":true,"href":"http:\/\/mymobilebooster.com\/forum\/wp-json\/wp\/v2\/users\/1"}],"replies":[{"embeddable":true,"href":"http:\/\/mymobilebooster.com\/forum\/wp-json\/wp\/v2\/comments?post=2030"}],"version-history":[{"count":1,"href":"http:\/\/mymobilebooster.com\/forum\/wp-json\/wp\/v2\/posts\/2030\/revisions"}],"predecessor-version":[{"id":2031,"href":"http:\/\/mymobilebooster.com\/forum\/wp-json\/wp\/v2\/posts\/2030\/revisions\/2031"}],"wp:attachment":[{"href":"http:\/\/mymobilebooster.com\/forum\/wp-json\/wp\/v2\/media?parent=2030"}],"wp:term":[{"taxonomy":"category","embeddable":true,"href":"http:\/\/mymobilebooster.com\/forum\/wp-json\/wp\/v2\/categories?post=2030"},{"taxonomy":"post_tag","embeddable":true,"href":"http:\/\/mymobilebooster.com\/forum\/wp-json\/wp\/v2\/tags?post=2030"}],"curies":[{"name":"wp","href":"https:\/\/api.w.org\/{rel}","templated":true}]}}