{"id":2202,"date":"2020-09-23T06:43:05","date_gmt":"2020-09-23T06:43:05","guid":{"rendered":"http:\/\/mymobilebooster.com\/forum\/?p=2202"},"modified":"2020-09-20T16:11:29","modified_gmt":"2020-09-20T16:11:29","slug":"rencontre-des-religions","status":"publish","type":"post","link":"http:\/\/mymobilebooster.com\/forum\/2020\/09\/23\/rencontre-des-religions\/","title":{"rendered":"Rencontre Des Religions"},"content":{"rendered":"<p>Le club cairote du Zamalek chercherait \u00e0 se s\u00e9parer de son attaquant marocain, Mohamed Ounajem. Selon les derni\u00e8res rumeurs, Ounajem, qui naurait pas convaincu ses dirigeants, serait en partance vers le championnat Saoudien, le club dAl Wahda serait vivement int\u00e9ress\u00e9 par son profil. Lautre rumeur renvoie Ounajem au Maroc. Son ancien club le Wydad voudrait  Depuis son arriv\u00e9e, le pape Fran\u00e7ois multiplie les messages de tol\u00e9rance et douverture \u00e0 l\u00e9gard des autres grandes religions. D\u00e9concertant une partie des catholiques, il a ainsi sur l\u00eele grecque de Lesbos: Je nai pas fait de choix entre chr\u00e9tiens et musulmans.. Tous sont fils de Dieu, avait-il alors expliqu\u00e9. Cette question sert \u00e0 v\u00e9rifier si vous \u00eates un visiteur humain afin d\u00e9viter les soumissions automatis\u00e9es spam. Du 18 au 20 juin 2020 \u0152uvrant secr\u00e8tement \u00e0 limprobable.. Grenoble  Centenaire de la cons\u00e9cration de la Basilique de Montmartre, LIned est dot\u00e9 de plusieurs instances : le conseil scientifique, le conseil dadministration, la commission d\u00e9valuation et dun comit\u00e9 d\u00e9thique. Des informations sur le pape Fran\u00e7ois et lEglise chaque jour par courriel Le vice-grand imam dAl-Azhar, Abbas Choumane, a expliqu\u00e9 dimanche \u00e0 lAFP que lorganisation de cette rencontre avait \u00e9t\u00e9 favoris\u00e9e par ces gestes douverture du pape Fran\u00e7ois envers les musulmans. Les rencontres ult\u00e9rieures entra\u00eeneront des condamnations dune tonalit\u00e9 analogue de la part de la, qui appuie fr\u00e9quemment ses critiques sur lencyclique par laquelle le pape avait condamn\u00e9 les tendances au panchristianisme dans le moderne. Mais des revues de r\u00e9flexion catholiques r\u00e9futent cet argument, mentionnant que Pie XI a lui-m\u00eame appel\u00e9 tous les hommes \u00e0 prier pour la paix en 1932, dans son encyclique, au nom de la universelle des hommes qui sont tous enfants de Dieu. Il renouvelle un appel analogue en 1937 dans lencyclique : Contre le violent effort de la puissance des t\u00e9n\u00e8bres pour arracher des c\u0153urs des hommes lid\u00e9e m\u00eame de Dieu, Nous esp\u00e9rons beaucoup quaux chr\u00e9tiens viendront se joindre tous ceux et ils forment la plus grande partie de lhumanit\u00e9 qui croient que Dieu existe et qui ladorent  Contact. 02.38.69.15.22 ou contactcentre-\u0153cum\u00e9nique-orl\u00e9ans.org. <img decoding=\"async\" src=\"http:\/\/www.jovenelhaiti.com\/spa\/_files\/spa_album\/pic_187.jpg\" alt=\"rencontre des religions\" align=\"center\"> Cycle 11 7. Vaincre le tumulte de ce monde : ermites et asc\u00e8tes dans diff\u00e9rentes traditions religieuses-Er\u00e9mitisme et vie sociale en islam m\u00e9di\u00e9val Mais le pape Fran\u00e7ois met d\u00e9sormais en \u0153uvre une nouvelle dimension de linspiration conciliaire initiale. Le 4 f\u00e9vrier 2019, \u00e0 Abou Dhabi, il a cosign\u00e9 avec le grand imam de luniversit\u00e9 Al-Azhar un Document sur la fraternit\u00e9 humaine pour la paix mondiale et la coexistence commune. Le texte fut justement d\u00e9nonc\u00e9 comme une impi\u00e9t\u00e9, puisquil affirme que le pluralisme et la diversit\u00e9 des religions sont une sage volont\u00e9 divine. Alors quelle serait la vertu d\u00eatre priv\u00e9s de ces occasions pr\u00e9cieuses. Peut-\u00eatre, en \u00e9tant optimiste, un \u00e9lectrochoc pour que nous noublions pas linversion temporaire des valeurs que nous venons de vivre : les invisibles sont devenus essentiels. Lessentiel na plus \u00e9t\u00e9 enfoui sous un quotidien surcharg\u00e9 de faux probl\u00e8mes. Bref, stopper pour stopper, saurons-nous arr\u00eater le train qui nous conduit dans le mur?, metteuse en sc\u00e8ne et directrice du TnBA Authentifiez votre compte dadministration et profitez de fonctionnalit\u00e9s suppl\u00e9mentaires Transmis le Nov 15, 2014-12:49 AM 5604 octets de plus Propos recueillis par Raphael Buisson-Rozensztrauch-Dioc\u00e8se de Gap-Vid\u00e9o des pr\u00eatres et religieuses du dioc\u00e8se pour la journ\u00e9e mondiale des vocations Cette d\u00e9couverte de Sant Egidio \u00e0 loccasion dun voyage \u00e0 Rome a largement contribu\u00e9 \u00e0 lessaimage de la communaut\u00e9 \u00e0 travers le monde. Celui-ci na pas \u00e9t\u00e9 calcul\u00e9, pr\u00e9vu, et il ny a pas eu de fondations comme cest la des congr\u00e9gations religieuses. Le plus souvent, les communaut\u00e9s ont d\u00e9marr\u00e9 sur linitiative dindividus ou de petits groupes qui s\u00e9taient impr\u00e9gn\u00e9s de lesprit de SantEgidio lors de s\u00e9jours romains, par exemple dans les universit\u00e9s pontificales. Ce fut le cas en Italie et en Europe, puis, plus tard, en Am\u00e9rique centrale et en Afrique. Le succ\u00e8s au Mozambique, des difficult\u00e9s en Alg\u00e9rie Explorer les ambig\u00fcit\u00e9s de la figure de Judas invite \u00e0 pr\u00e9ciser les sources scripturaires, les traditions apocryphes et la litt\u00e9rature patristique, ainsi que la fortune de son iconographie, notamment \u00e0 l\u00e9poque m\u00e9di\u00e9vale. Lors de la rencontre de 1986, dans son discours daccueil, Jean-Paul II, d\u00e9limite soigneusement les objectifs de celle-ci. Il sagit pour les diff\u00e9rentes religions du monde de viser \u00e0 satisfaire les aspirations des hommes \u00e0 la paix, mais en \u00e9vitant toute id\u00e9e de : Inscrivez-vous \u00e0 la r\u00e9union dinformation de votre choix. Quelques heures avant le d\u00e9but de la r\u00e9union, vous recevrez par mail les consignes pour vous connecter \u00e0 la visioconf\u00e9rence. Pour vous inscrire, D\u00e9couvrez le Infos Masters en ligne <img decoding=\"async\" src=\"http:\/\/www.lemondedesreligions.fr\/images\/2014\/08\/27\/4203_abbe-grosjean_440x260.jpg\" alt=\"rencontre des religions\" align=\"left\">  <img decoding=\"async\" src=\"http:\/\/www.habous.gov.ma\/fr\/images\/Ahabousfr\/Conference-de-Marrakech-400-216-Fr.jpg\" alt=\"rencontre des religions\" align=\"left\"> Dans un message envoy\u00e9 \u00e0 loccasion de la rencontre interreligieuse pour la paix organis\u00e9e \u00e0 Tirana, en Albanie, par la communaut\u00e9 de SantEgidio, le Pape Fran\u00e7ois a \u00e9voqu\u00e9 lesprit de la rencontre dAssise de 1986. Alors que les peuples sont appel\u00e9s \u00e0 se confronter \u00e0 des transformations profondes et parfois dramatiques, simpose toujours plus la n\u00e9cessit\u00e9 que les fid\u00e8les des diff\u00e9rentes religions se rencontrent, dialoguent, cheminent ensemble et collaborent pour la paix. Rencontre avec les repr\u00e9sentants des grandes religions monoth\u00e9istes Alta\u00efr Think Tank Dominique Santelli est cheffe dun \u00e9tablissement catholique \u00e0 Marseille. Elle est historienne. Christian Salenson est pr\u00eatre et th\u00e9ologien. Tous deux sont responsables du d\u00e9partement d\u00e9tudes et de recherches sur les religions \u00e0 l\u00e9cole au sein de lInstitut de sciences et de th\u00e9ologie des religions de Marseille ISTR. Ce d\u00e9partement dispense des formations pour chefs d\u00e9tablissement, enseignants, APS. Il est missionn\u00e9 de lenseignement catholique.<\/p>\n","protected":false},"excerpt":{"rendered":"<p>rencontre des religions<\/p>\n","protected":false},"author":1,"featured_media":0,"comment_status":"closed","ping_status":"closed","sticky":false,"template":"","format":"standard","meta":{"footnotes":""},"categories":[1],"tags":[],"_links":{"self":[{"href":"http:\/\/mymobilebooster.com\/forum\/wp-json\/wp\/v2\/posts\/2202"}],"collection":[{"href":"http:\/\/mymobilebooster.com\/forum\/wp-json\/wp\/v2\/posts"}],"about":[{"href":"http:\/\/mymobilebooster.com\/forum\/wp-json\/wp\/v2\/types\/post"}],"author":[{"embeddable":true,"href":"http:\/\/mymobilebooster.com\/forum\/wp-json\/wp\/v2\/users\/1"}],"replies":[{"embeddable":true,"href":"http:\/\/mymobilebooster.com\/forum\/wp-json\/wp\/v2\/comments?post=2202"}],"version-history":[{"count":1,"href":"http:\/\/mymobilebooster.com\/forum\/wp-json\/wp\/v2\/posts\/2202\/revisions"}],"predecessor-version":[{"id":2203,"href":"http:\/\/mymobilebooster.com\/forum\/wp-json\/wp\/v2\/posts\/2202\/revisions\/2203"}],"wp:attachment":[{"href":"http:\/\/mymobilebooster.com\/forum\/wp-json\/wp\/v2\/media?parent=2202"}],"wp:term":[{"taxonomy":"category","embeddable":true,"href":"http:\/\/mymobilebooster.com\/forum\/wp-json\/wp\/v2\/categories?post=2202"},{"taxonomy":"post_tag","embeddable":true,"href":"http:\/\/mymobilebooster.com\/forum\/wp-json\/wp\/v2\/tags?post=2202"}],"curies":[{"name":"wp","href":"https:\/\/api.w.org\/{rel}","templated":true}]}}