{"id":2286,"date":"2020-09-23T20:11:36","date_gmt":"2020-09-23T20:11:36","guid":{"rendered":"http:\/\/mymobilebooster.com\/forum\/?p=2286"},"modified":"2020-09-20T18:22:11","modified_gmt":"2020-09-20T18:22:11","slug":"rencontres-animales-dans-le-massif-jurassien","status":"publish","type":"post","link":"http:\/\/mymobilebooster.com\/forum\/2020\/09\/23\/rencontres-animales-dans-le-massif-jurassien\/","title":{"rendered":"Rencontres Animales Dans Le Massif Jurassien"},"content":{"rendered":"<p><img decoding=\"async\" src=\"http:\/\/www.maisondelareserve.fr\/galerie\/boutique\/ladelestracesdanimaux.jpg\" alt=\"rencontres animales dans le massif jurassien\" align=\"right\"> Lesp\u00e8ce est pr\u00e9sente dans la plupart des cha\u00eenes montagneuses du Pal\u00e9arctique occidental g\u00e9n\u00e9ralement entre 1000-3000m daltitude. On le retrouve ainsi dans les Cantabriques, les Pyr\u00e9n\u00e9es, les Alpes principales populations mais aussi dans les Carpates, les Balkans, le Caucase et lHimalaya importantes populations \u00e9galement. Sa r\u00e9partition s\u00e9tale donc sur le continent Eurasiatique. Suite au, survenu en marge dune battue au cours du mois de novembre 2010 dans le Jura commune de Les Molunes, lassociation FERUS a annonc\u00e9 sa d\u00e9cision de porter contre lauteur de cette infraction au Code de lenvironnement destruction desp\u00e8ce prot\u00e9g\u00e9e et de se porter partie civile aupr\u00e8s du tribunal de Grande Instance de Lons-le-Saunier. Auteurs de cet acte d\u00e9lictuel. Elle se portera partie civile contre ceux qui ont \u03b5\u03ba\u03bb\u03bf\u03b3\u03b9\u03ba\u03cc\u03c2 \u03bd\u03cc\u03bc\u03bf\u03c2 2016 11 \u0399\u03bf\u03c5\u03bb\u03af\u03bf\u03c5 2018 \u03c0\u03b5\u03c3\u03bf\u03c2 \u03ba\u03bf\u03c5\u03b2\u03b1\u03c2 \u03c3\u03b5 \u03b5\u03c5\u03c1\u03c9 \u03b1\u03bd\u03c4\u03b1\u03bb\u03bb\u03b1\u03ba\u03c4\u03b9\u03ba\u03bf oral b vitality 01:07 \u03b5\u03c0\u03b1\u03bd\u03b1\u03bb\u03b7\u03c0\u03c4\u03b9\u03ba\u03b1 \u03b8\u03b5\u03bc\u03b1\u03c4\u03b1 \u03c0\u03b1\u03bd\u03b5\u03bb\u03bb\u03b7\u03bd\u03b9\u03c9\u03bd 2014 \u03bc\u03b1\u03b8\u03b7\u03bc\u03b1\u03c4\u03b9\u03ba\u03b1 \u03b3\u03b5\u03bd\u03b9\u03ba\u03b7\u03c2 Publi\u00e9 le vendredi 18 octobre 2019 \u00e0 10h50 \u00c0 la rencontre du Lynx dans le massif Jurassien les solutions de cohabitation mises en place entre lynx et activit\u00e9s humaines Souhaitez vous afficher le contenu de macommune.info adapt\u00e9 au Haut-Doubs? <img decoding=\"async\" src=\"http:\/\/faune-jura.com\/image\/renard_hiver_1.jpg\" alt=\"rencontres animales dans le massif jurassien\" align=\"right\"> made in France de Morez sont un objet haut de gamme, de grande qualit\u00e9 mais Occasion-Tr\u00e8s bon \u00e9tat Livre Animaux Philippe Huet;Julie Delfour-Date de parution : 20052003-Flammarion   Cest leur go\u00fbt du voyage et de laventure qui les a incit\u00e9s \u00e0 entreprendre ce p\u00e9riple familial au pays des loups. Passionn\u00e9 de nature et passionn\u00e9 par nature, je suis Comtois dorigine. N\u00e9 dans le massif du Jura, jy habite de nouveau aujourdhui. Malgr\u00e9 de nombreuses ann\u00e9es \u00e0 l\u00e9tranger je suis cependant toujours rest\u00e9 tr\u00e8s attach\u00e9 \u00e0 ma montagne.  La Faune du Vercors lors dune sortie naturaliste proche de Grenoble. Retrouvez Guillaume FRAN\u00c7OIS au festival international de photographie de nature de Montier-en-Der du 20 au 23 novembre 2014. Il y pr\u00e9sentera en avant-premi\u00e8re son exposition Jura au fil du temps ainsi que son nouveau livre.. 1 novembre 2014 Encadrement raquettes \u00e0 neige tous niveaux pour d\u00e9couvrir les paysages vari\u00e9s de nos montagnes cr\u00eates, balcons face aux Alpes, combes silencieuses et secr\u00e8tes, for\u00eats.. Cest aussi loccasion daller observer la faune sauvage. Randonn\u00e9es \u00e0 la 12 journ\u00e9e, journ\u00e9e ou au clair de lune, laissez-vous guider hors des chemins fr\u00e9quent\u00e9s de 13 \u00e0 17 la 12 j. Raconte la vie des \u00e9pic\u00e9as qui mettent plusieurs si\u00e8cles \u00e0 pousser malgr\u00e9 le <img decoding=\"async\" src=\"http:\/\/www.faunesauvage.fr\/wp-content\/uploads\/2015\/03\/Loup-Bruggman-3.jpg\" alt=\"rencontres animales dans le massif jurassien\" align=\"right\"> Nous avons pris quelques minutes pour lobserver et la photographier, puis nous sommes partis calmement pour \u00e9viter de la d\u00e9ranger davantage, tandis quelle ne nous quittait pas du regard. You dont have permission to access this resource. Accompagn\u00e9e de Fripouille, un malicieux poney Shetland, on forme un duo efficace et atypique! Sil marrive \u00e0 la taille, il a une \u00e9nergie \u00e0 revendre! Bonne visite dans ces pages et merci de votre passage, un commentaire ou un petit message est toujours appr\u00e9ci\u00e9. Jesp\u00e8re pouvoir vous faire partager quelques instants d\u00e9motion avec mes images et, qui sait, peut-\u00eatre autant de plaisir que jen ai eu devant le spectacle et la magie de la nature.<\/p>\n","protected":false},"excerpt":{"rendered":"<p>rencontres animales dans le massif jurassien<\/p>\n","protected":false},"author":1,"featured_media":0,"comment_status":"closed","ping_status":"closed","sticky":false,"template":"","format":"standard","meta":{"footnotes":""},"categories":[1],"tags":[],"_links":{"self":[{"href":"http:\/\/mymobilebooster.com\/forum\/wp-json\/wp\/v2\/posts\/2286"}],"collection":[{"href":"http:\/\/mymobilebooster.com\/forum\/wp-json\/wp\/v2\/posts"}],"about":[{"href":"http:\/\/mymobilebooster.com\/forum\/wp-json\/wp\/v2\/types\/post"}],"author":[{"embeddable":true,"href":"http:\/\/mymobilebooster.com\/forum\/wp-json\/wp\/v2\/users\/1"}],"replies":[{"embeddable":true,"href":"http:\/\/mymobilebooster.com\/forum\/wp-json\/wp\/v2\/comments?post=2286"}],"version-history":[{"count":1,"href":"http:\/\/mymobilebooster.com\/forum\/wp-json\/wp\/v2\/posts\/2286\/revisions"}],"predecessor-version":[{"id":2287,"href":"http:\/\/mymobilebooster.com\/forum\/wp-json\/wp\/v2\/posts\/2286\/revisions\/2287"}],"wp:attachment":[{"href":"http:\/\/mymobilebooster.com\/forum\/wp-json\/wp\/v2\/media?parent=2286"}],"wp:term":[{"taxonomy":"category","embeddable":true,"href":"http:\/\/mymobilebooster.com\/forum\/wp-json\/wp\/v2\/categories?post=2286"},{"taxonomy":"post_tag","embeddable":true,"href":"http:\/\/mymobilebooster.com\/forum\/wp-json\/wp\/v2\/tags?post=2286"}],"curies":[{"name":"wp","href":"https:\/\/api.w.org\/{rel}","templated":true}]}}