{"id":2328,"date":"2020-09-23T20:44:44","date_gmt":"2020-09-23T20:44:44","guid":{"rendered":"http:\/\/mymobilebooster.com\/forum\/?p=2328"},"modified":"2020-09-20T19:30:02","modified_gmt":"2020-09-20T19:30:02","slug":"rencontres-institutionnelles-et-professionnelles-de-la-petite-enfance","status":"publish","type":"post","link":"http:\/\/mymobilebooster.com\/forum\/2020\/09\/23\/rencontres-institutionnelles-et-professionnelles-de-la-petite-enfance\/","title":{"rendered":"Rencontres Institutionnelles Et Professionnelles De La Petite Enfance"},"content":{"rendered":"<p>L\u00e2institution elle-m\u00c3\u00aame, mais bien dans un positionnement en tant que Accompagner la grossesse au plus t\u00f4t. Soutenir linscription du p\u00e8re dans lhistoire pr\u00e9natale de lenfant en lui permettant une place ; <img decoding=\"async\" src=\"http:\/\/www.lxegend.cf\/uploads\/Image\/e6\/4879_497_In-the-middle-credit-Dati-Photography-19.jpg\" alt=\"rencontres institutionnelles et professionnelles de la petite enfance\" align=\"center\"> D\u00e8s lors quune admission est envisageable, un courrier est adress\u00e9 \u00e0 la personne et simultan\u00e9ment au service social ou m\u00e9dical prescripteur.  conf\u00e9rences : 1 cr\u00e9neau un mardi matin, 1 un vendredi soir Minist\u00e8res sociauxMinist\u00e8re de la Culture DICOM Claire DemouteLS photo-associ\u00e9s-Int\u00e9grer dans son enseignement lobjectif de ma\u00eetrise par les \u00e9l\u00e8ves de la langue orale et \u00e9crite. Le dispositif de recherche a crois\u00e9 diff\u00e9rentes modalit\u00e9s de travail : -En situation dapprentissage, rep\u00e9rer les difficult\u00e9s des \u00e9l\u00e8ves afin mieux assurer la progression des apprentissages. Susciter des liens de solidarit\u00e9 entre pairs en r\u00e9unissant les parents, afin de provoquer le dialogue et rompre lisolement. Laccompagnement parental aide \u00e0 relativiser des choses. Par exemple ladolescence oui cest une crise mais cest une crise salvatrice, lenfant est en train de grandir. Il faut mieux \u00eatre vigilant quen rupture avec lui 11. Contribuer \u00e0 laction de la communaut\u00e9 \u00e9ducative G autier-C hovelon C, Une compr\u00e9hension de lagir collectif dans les structures municipales de la petite enfance : analyse du discours des encadrantes et des manageurs, Th\u00e8se de doctorat, Universit\u00e9 Aix-Marseille 1, 2011. En ligne : Cette ann\u00e9e, le th\u00e8me \u00e9labor\u00e9 par le Comit\u00e9 des Pas-Sages sintitule Pareil, pas Pareil. Un th\u00e8me \u00e0 la fois fondamental et fondateur dans la construction de lenfant, \u00e0 la fois profond et ludique, pour les petits mais aussi pour les adultes investir pour inventer et produire en France les v\u00e9hicules de demain : L\u00c9tat va investir 1,5 milliard deuros pour moderniser les lignes de production, afin que les v\u00e9hicules propres puissent \u00eatre produits en France, et accompagnera les entreprises sous-traitantes dans leur transformation 200 millions deuros de subventions. Un fonds dinvestissement 600 millions deuros sera cr\u00e9\u00e9 pour favoriser le d\u00e9ploiement des entreprises de la fili\u00e8re. Dans lobjectif de faire de la France lun des pays les plus avanc\u00e9s dans les technologies du v\u00e9hicule propre, l\u00c9tat soutiendra la recherche, le d\u00e9veloppement et linnovation du secteur gr\u00e2ce \u00e0 150 millions deuros daides publiques ; Le rendez-vous des professionnels de la restauration, de lh\u00f4tellerie, du tourisme et des m\u00e9tiers de bouche.. Plus de 1500 postes \u00e0 pourvoir. Infos sur leur site-Entr\u00e9e gratuite. <img decoding=\"async\" src=\"http:\/\/www.cerclefreudien.org\/wp-content\/uploads\/2016\/09\/M-T-4.jpg\" alt=\"rencontres institutionnelles et professionnelles de la petite enfance\" align=\"center\"> Nous serons pr\u00e9sent d\u00e8s le 17 Octobre \u00e0 Bordeaux Palais des congr\u00e8s. A la lumi\u00e8re de quelques exemples, il sagira dengager un dialogue avec lassembl\u00e9e des participants. Socialiser les enfants qui ne sont pas accueillis en structure collective, les ouvrir au lien social et favoriser leur autonomie Au plus pr\u00e8s de lentreprise sociale, avec la lettre dinformations du GROUPE SOS! Laissez-nous votre e-mail :  Lobjectif est daider les porteurs de projet \u00e0 semparer de cette double vocation : accueil de lenfant-accompagnement du parent <img decoding=\"async\" src=\"http:\/\/www.moissonsnouvelles.fr\/wp-content\/uploads\/2018\/06\/fabien-olivetto-psychologue-est-intervenu-dans-le-cadre-d-une-journee-organisee-par-l-association-moissons-nouvelles-sur-la-parentalite-1024x915.jpg\" alt=\"rencontres institutionnelles et professionnelles de la petite enfance\" align=\"right\">.<\/p>\n","protected":false},"excerpt":{"rendered":"<p>rencontres institutionnelles et professionnelles de la petite enfance<\/p>\n","protected":false},"author":1,"featured_media":0,"comment_status":"closed","ping_status":"closed","sticky":false,"template":"","format":"standard","meta":{"footnotes":""},"categories":[1],"tags":[],"_links":{"self":[{"href":"http:\/\/mymobilebooster.com\/forum\/wp-json\/wp\/v2\/posts\/2328"}],"collection":[{"href":"http:\/\/mymobilebooster.com\/forum\/wp-json\/wp\/v2\/posts"}],"about":[{"href":"http:\/\/mymobilebooster.com\/forum\/wp-json\/wp\/v2\/types\/post"}],"author":[{"embeddable":true,"href":"http:\/\/mymobilebooster.com\/forum\/wp-json\/wp\/v2\/users\/1"}],"replies":[{"embeddable":true,"href":"http:\/\/mymobilebooster.com\/forum\/wp-json\/wp\/v2\/comments?post=2328"}],"version-history":[{"count":1,"href":"http:\/\/mymobilebooster.com\/forum\/wp-json\/wp\/v2\/posts\/2328\/revisions"}],"predecessor-version":[{"id":2329,"href":"http:\/\/mymobilebooster.com\/forum\/wp-json\/wp\/v2\/posts\/2328\/revisions\/2329"}],"wp:attachment":[{"href":"http:\/\/mymobilebooster.com\/forum\/wp-json\/wp\/v2\/media?parent=2328"}],"wp:term":[{"taxonomy":"category","embeddable":true,"href":"http:\/\/mymobilebooster.com\/forum\/wp-json\/wp\/v2\/categories?post=2328"},{"taxonomy":"post_tag","embeddable":true,"href":"http:\/\/mymobilebooster.com\/forum\/wp-json\/wp\/v2\/tags?post=2328"}],"curies":[{"name":"wp","href":"https:\/\/api.w.org\/{rel}","templated":true}]}}