{"id":2362,"date":"2020-09-23T14:48:47","date_gmt":"2020-09-23T14:48:47","guid":{"rendered":"http:\/\/mymobilebooster.com\/forum\/?p=2362"},"modified":"2020-09-20T20:14:03","modified_gmt":"2020-09-20T20:14:03","slug":"rencontres-internationales-guil-durance","status":"publish","type":"post","link":"http:\/\/mymobilebooster.com\/forum\/2020\/09\/23\/rencontres-internationales-guil-durance\/","title":{"rendered":"Rencontres Internationales Guil Durance"},"content":{"rendered":"<p>Revue g\u00e9ographique des pays m\u00e9diterran\u00e9ens Journal of Mediterranean geography Pour la 15\u00e8me ann\u00e9e le Festival Violoncelles en folie proposera une programmation \u00e9clectique, de la musique baroque aux musiques actuelles.Le.. Les rapporteurs ont men\u00e9 de larges consultations : aupr\u00e8s duniversitaires, sp\u00e9cialistes de l\u00e9conomie de la culture, aupr\u00e8s de responsables des minist\u00e8res. Ils ont \u00e9galement fait plusieurs d\u00e9placements, au cours desquels ils ont entendu \u00e9lus locaux, responsables d\u00e9quipements culturels, militants associatifs ; ceux-ci leur ont expos\u00e9 leur action et les r\u00e9sultats quils obtiennent. La D\u00e9l\u00e9gation a enfin auditionn\u00e9 le ministre de la culture.  1. La valorisation traditionnelle du patrimoine : une situation en porte-\u00e0-faux <img decoding=\"async\" src=\"http:\/\/img.over-blog-kiwi.com\/1\/48\/84\/43\/20170606\/ob_102957_05062017-img-1563.jpg\" alt=\"rencontres internationales guil durance\" align=\"right\"> 1 semaine de rando cyclo en \u00e9toile autour de Vars pour d\u00e9couvrir des cols l\u00e9gendaires des Hautes-Alpes : lIzoard, la Lombarde et Larche, la Bonnette. Cest aussi un encadrement aux petits oignons assur\u00e9 par une \u00e9quipe de b\u00e9n\u00e9voles. Environ 200 cyclistes se donnent rendez-vous chaque ann\u00e9e. Carozza J-M, Puig C, Odiot T, Bisaro V, Valette P, 2011, Histoire des risques et de lam\u00e9nagement sur les petits bassins torrentiels du nord du Roussillon, in F ort M. Et O ge F, \u00e9d, actes du colloque international Risques naturels en M\u00e9diterran\u00e9e occidentale, Carcassonne, novembre 2009, sous presse. Philippe Bossa, moniteur ski et snowboard ind\u00e9pendant, guide de haute montagne, dipl\u00f4m\u00e9 dEtat. Musicaux et musiques du monde, la programmation promet une nouvelle fois La mise en valeur des paysages peut aussi se faire dans le cadre de lorganisation de festivals. Dans les Hautes-Alpes, le festival de Chaillol, dont cest la 10 e \u00e9dition en 2006, est un festival de musique qui utilise l\u00e9crin m\u00eame du territoire et de lenvironnement physique, paysager, humain. Le cadre paysager de Chaillol offre un panorama exceptionnel sur les vall\u00e9es du Champsaur et du Valgaudemar. Le festival se tient dans le village de Chaillol et les villages environnants. Il comporte aussi une balade musicale associant la musique et le panorama. Il a produit un savoir-faire qui sest diffus\u00e9 jusquau Japon, o\u00f9 son concept a \u00e9t\u00e9 install\u00e9 sur le m\u00eame type de territoire, un parc national, celui de Kirishima, sur l\u00eele de Kyushu. Cette diffusion sest accompagn\u00e9e d\u00e9changes culturels musicaux, ce qui fait que le festival de Chaillol comporte une programmation de musique japonaise, et celui de Kirishima de musique fran\u00e7aise. <img decoding=\"async\" src=\"http:\/\/www.ski-planet.com\/photo\/arvieux\/pistes.jpg\" alt=\"rencontres internationales guil durance\" align=\"left\">  Cependant, le d\u00e9partement a aussi entrepris de mener un v\u00e9ritable inventaire scientifique en mati\u00e8re darchitecture locale. Il a pass\u00e9 une convention avec l\u00c9tat et la r\u00e9gion. Il est ma\u00eetre doeuvre dun inventaire du patrimoine m\u00e9di\u00e9val du Lot, patrimoine qui nest pas toujours class\u00e9 monument historique. Il a aussi pass\u00e9 une convention avec le pays dart et dhistoire de la Dordogne lotoise.  Gigondas 84. Soir\u00e9es lyriques 23 e. 8-12 ao\u00fbt 2016 Http:www.provenceguide.comfetes-et-manifestationscote-rhoneles-soirees-lyriques-2016provence-FMAPAC084CDT0001897-1.html : Anciennement Rencontres internationales de luthiers et ma\u00eetres sonneurs Int\u00e9grale Bartok \u00c0 la rencontre du folklore imaginaire! Le Printemps des \u00c9tudiants ex Printemps de lINP Arles 13. Les Escales du Cargo 12 e Divers. 19-23 juillet 2016. In : infoconcert.comfestivalles-escales-du-cargoarlesconcerts.htm. Qui g\u00e8re ces \u00e9tablissements? Les communes et leurs groupements organisent et financent les missions denseignement initial et d\u00e9ducation artistique de ces \u00e9tablissements, expose le texte. Quant aux enseignements plus pointus : les autres collectivit\u00e9s territoriales ou les \u00e9tablissements publics qui g\u00e8rent de tels \u00e9tablissements.. Peuvent poursuivre cette mission. <img decoding=\"async\" src=\"http:\/\/www.gap.ien.05.ac-aix-marseille.fr\/spipeva\/sites\/www.gap.ien.05\/spipeva\/local\/cache-vignettes\/L750xH456\/vague-66508.jpg\" alt=\"rencontres internationales guil durance\" align=\"right\">.<\/p>\n","protected":false},"excerpt":{"rendered":"<p>rencontres internationales guil durance<\/p>\n","protected":false},"author":1,"featured_media":0,"comment_status":"closed","ping_status":"closed","sticky":false,"template":"","format":"standard","meta":{"footnotes":""},"categories":[1],"tags":[],"_links":{"self":[{"href":"http:\/\/mymobilebooster.com\/forum\/wp-json\/wp\/v2\/posts\/2362"}],"collection":[{"href":"http:\/\/mymobilebooster.com\/forum\/wp-json\/wp\/v2\/posts"}],"about":[{"href":"http:\/\/mymobilebooster.com\/forum\/wp-json\/wp\/v2\/types\/post"}],"author":[{"embeddable":true,"href":"http:\/\/mymobilebooster.com\/forum\/wp-json\/wp\/v2\/users\/1"}],"replies":[{"embeddable":true,"href":"http:\/\/mymobilebooster.com\/forum\/wp-json\/wp\/v2\/comments?post=2362"}],"version-history":[{"count":1,"href":"http:\/\/mymobilebooster.com\/forum\/wp-json\/wp\/v2\/posts\/2362\/revisions"}],"predecessor-version":[{"id":2363,"href":"http:\/\/mymobilebooster.com\/forum\/wp-json\/wp\/v2\/posts\/2362\/revisions\/2363"}],"wp:attachment":[{"href":"http:\/\/mymobilebooster.com\/forum\/wp-json\/wp\/v2\/media?parent=2362"}],"wp:term":[{"taxonomy":"category","embeddable":true,"href":"http:\/\/mymobilebooster.com\/forum\/wp-json\/wp\/v2\/categories?post=2362"},{"taxonomy":"post_tag","embeddable":true,"href":"http:\/\/mymobilebooster.com\/forum\/wp-json\/wp\/v2\/tags?post=2362"}],"curies":[{"name":"wp","href":"https:\/\/api.w.org\/{rel}","templated":true}]}}