{"id":2414,"date":"2020-09-24T14:34:47","date_gmt":"2020-09-24T14:34:47","guid":{"rendered":"http:\/\/mymobilebooster.com\/forum\/?p=2414"},"modified":"2020-09-20T21:28:49","modified_gmt":"2020-09-20T21:28:49","slug":"rencontre-architecture-caen","status":"publish","type":"post","link":"http:\/\/mymobilebooster.com\/forum\/2020\/09\/24\/rencontre-architecture-caen\/","title":{"rendered":"Rencontre Architecture Caen"},"content":{"rendered":"<p> amorce d\u00e9laboration dun nous contemporain extr\u00eame disparate.  intendances et des subd\u00e9l\u00e9gations, et les derniers soul\u00e8vements <img decoding=\"async\" src=\"http:\/\/festival-interstice.net\/2011\/edition2011\/pelang01.jpg\" alt=\"rencontre architecture caen\" align=\"right\"> Le 11 juin 2015 : Rencontre de la MEFAC sur les m\u00e9tiers de lindustrie dans les EMR Energies Marines Renouvelables Le samedi 16 mars 2019, de 11h \u00e0 18h, Karine et Ga\u00eblle viendront \u00e0 la rencontre du public au Salon de lHabitat. Apr\u00e8s la visite du salon, elles seront disponibles pour des s\u00e9ances de d\u00e9dicaces et du coaching d\u00e9co. Fermer la modale de s\u00e9lection. Confirmez votre action autour de son oeuvre publi\u00e9e en fran\u00e7ais aux \u00c9ditions Gallmeister. <img decoding=\"async\" src=\"http:\/\/jactiv.ouest-france.fr\/sites\/default\/files\/images\/2016\/06\/16\/cano_4297800_3.jpg94.jpg\" alt=\"rencontre architecture caen\" align=\"right\"> Espaces Atypiques Deauville-Caen : loft terrasse maison darchitecte vente achat agence immobiliere Places limit\u00e9es. Inscriptions obligatoires sur http:www.caue-martinique.com du 1er au 14 octobre octobre 2019. MEFAC-B\u00e2timent CIDEME-14200 H\u00c9ROUVILLE SAINT-CLAIR-Tel: 02 31 39 39 00-Fax: 02 31 86 75 90 Perdus parmi ces milliers d\u00e9v\u00e9nements? La r\u00e9daction de tema.archi a s\u00e9lectionn\u00e9 120 rendez-vous class\u00e9s par r\u00e9gion quelle estime inmanquables, ainsi que ses coups de c\u0153ur signal\u00e9s par un badge. Au sommaire Quatorze designers ont \u00e9t\u00e9 mis au d\u00e9fi de proposer une pi\u00e8ce de vie habitable \u00e0 partir dun espace surr\u00e9aliste, digne du peintre Giorgio De Chirico, compos\u00e9 de cuves en inox circulaires. Chaque pi\u00e8ce est reli\u00e9e \u00e0 lautre par des parois perc\u00e9es dans les cuves, comme dans un Cluedo grandeur nature. Illustration des Journ\u00e9es Nationales de lArchitecture-DR Partager la publication 3 BIENNALE DARCHITECTURE ET DURBANISME DE CAEN page,page-id-23108,page-template,page-template-blog-masonry-full-width-archive-filtered,page-template-blog-masonry-full-width-archive-filtered-php,ajax_fade,page_not_loaded,select-child-theme-ver-1.0.0,select-theme-ver-1.7,vertical_menu_enabled,wpb-js-composer js-comp-ver-4.3.4,vc_responsive maisons de plaisance sur la C\u00f4te dIngouville. \u00c0 la suite des <img decoding=\"async\" src=\"http:\/\/realdeialicxeforum.cf\/media\/catalog\/product\/cache\/1\/small_image\/190x\/5e06319eda06f020e43594a9c230972d\/y\/a\/yamaha-ydp-143-blanc-pack-premium\/yamaha-ydp-143-blanc-pack-premium-20.jpg\" alt=\"rencontre architecture caen\" align=\"right\"> Visite de la Halle 6 Ouest-Universit\u00e9 de Nantes-Quartier de la Cr\u00e9ation Larchitecture, au c\u0153ur de toute civilisation, est indubitablement constitu\u00e9e de faits historiques et sa chronique permet donc den \u00e9voquer l\u00e9poque. Les archives du site en t\u00e9moignent abondamment. Dannie na pas poursuivi d\u00e9tudes, mais il.elle se met tr\u00e8s t\u00f4t \u00e0 pratiquer cette langue universelle quest la musique. .<\/p>\n","protected":false},"excerpt":{"rendered":"<p>rencontre architecture caen<\/p>\n","protected":false},"author":1,"featured_media":0,"comment_status":"closed","ping_status":"closed","sticky":false,"template":"","format":"standard","meta":{"footnotes":""},"categories":[1],"tags":[],"_links":{"self":[{"href":"http:\/\/mymobilebooster.com\/forum\/wp-json\/wp\/v2\/posts\/2414"}],"collection":[{"href":"http:\/\/mymobilebooster.com\/forum\/wp-json\/wp\/v2\/posts"}],"about":[{"href":"http:\/\/mymobilebooster.com\/forum\/wp-json\/wp\/v2\/types\/post"}],"author":[{"embeddable":true,"href":"http:\/\/mymobilebooster.com\/forum\/wp-json\/wp\/v2\/users\/1"}],"replies":[{"embeddable":true,"href":"http:\/\/mymobilebooster.com\/forum\/wp-json\/wp\/v2\/comments?post=2414"}],"version-history":[{"count":1,"href":"http:\/\/mymobilebooster.com\/forum\/wp-json\/wp\/v2\/posts\/2414\/revisions"}],"predecessor-version":[{"id":2415,"href":"http:\/\/mymobilebooster.com\/forum\/wp-json\/wp\/v2\/posts\/2414\/revisions\/2415"}],"wp:attachment":[{"href":"http:\/\/mymobilebooster.com\/forum\/wp-json\/wp\/v2\/media?parent=2414"}],"wp:term":[{"taxonomy":"category","embeddable":true,"href":"http:\/\/mymobilebooster.com\/forum\/wp-json\/wp\/v2\/categories?post=2414"},{"taxonomy":"post_tag","embeddable":true,"href":"http:\/\/mymobilebooster.com\/forum\/wp-json\/wp\/v2\/tags?post=2414"}],"curies":[{"name":"wp","href":"https:\/\/api.w.org\/{rel}","templated":true}]}}