{"id":2420,"date":"2020-09-24T14:16:21","date_gmt":"2020-09-24T14:16:21","guid":{"rendered":"http:\/\/mymobilebooster.com\/forum\/?p=2420"},"modified":"2020-09-20T21:35:57","modified_gmt":"2020-09-20T21:35:57","slug":"rencontre-emmanuel-quebec","status":"publish","type":"post","link":"http:\/\/mymobilebooster.com\/forum\/2020\/09\/24\/rencontre-emmanuel-quebec\/","title":{"rendered":"Rencontre Emmanuel Qu\u00e9bec"},"content":{"rendered":"<p>Mireille Hadas Lebel, historienne, agr\u00e9g\u00e9e de grammaire, ancienne \u00e9l\u00e8ve de lENS, professeur dhistoire des religions \u00e0 lUniversit\u00e9 de Paris IV Sorbonne. Vendredi 21 f\u00e9vrier 2020 Une dizaine de chercheurs qu\u00e9b\u00e9cois de centres de recherche et dentreprises sp\u00e9cialis\u00e9es dans les mat\u00e9riaux composites sera en mission en France du 3 au 5 mars.  demploi au sein de cette entreprise. Un repr\u00e9sentant de SOS Global tente de convaincre un groupe dHa\u00eftiens \u00e0 inscrire leurs proches dans leur programme dimmigration. \u00c9coutez les propos qui sont servis \u00e0 ces gens qui semblent y croire dailleurs Merci Emmanuel non seulement je me sens bien mais je me sens grandi. Cest le c\u0153ur rempli de gratitude que je souligne 25 ans dabstinence qui aurait cru au d\u00e9part je capotais quand je voyais des gens souligner 2 ans. Javais terriblement peur je pensais que ces gens soulignaient 2 ans de malheur. Cette nouvelle rencontre illustre la convergence de vues entre le patron am\u00e9ricain, qui d\u00e9sormais, et la France, qui veut mettre en place de nouvelles l\u00e9gislations au niveau fran\u00e7ais et europ\u00e9en M. Franck Tankoua France, Cofondateur de Vijump Cette formation de 7 mois, r\u00e9alis\u00e9e en 4 phases, sarticule autour denseignements th\u00e9oriques, th\u00e9orico-cliniques et pratiques. Ces enseignements, r\u00e9partis en diff\u00e9rents modules, seront dispens\u00e9s par des Formateurs en France mais \u00e9galement au Canada dans le cadre de visio-conf\u00e9rences. Je veux encore une fois vous remercier pour votre implication lors du One Planet Summit, o\u00f9 vous avez eu justement des d\u00e9clarations et pr\u00e9sent\u00e9 des mesures ambitieuses, en mati\u00e8re de r\u00e9duction des \u00e9missions de gaz \u00e0 effet de serre. Et je souhaite que notre proximit\u00e9 sur ce dossier nous permette l\u00e0 aussi de multiplier des \u00e9changes dexp\u00e9riences, notamment sur le march\u00e9 carbone que vous avez mis en place avec la Californie et lOntario. Pour associer votre compte PassMedia avec votre compte Paris Match en toute s\u00e9curit\u00e9, validez votre email : Messieurs Marcotte et Blais voient-ils dans lavenir la tenue dun troisi\u00e8me r\u00e9f\u00e9rendum? Fictions, critiques et th\u00e9ories litt\u00e9raires dans La Vie en rose 1980-1987 : entre \u00e9criture f\u00e9minine et conscience f\u00e9ministe Avant la tr\u00e8s attendue allocution du pr\u00e9sident de la R\u00e9publique ce dimanche, le monde du spectacle vivant demande \u00e0 \u00eatre totalement d\u00e9confin\u00e9 Un moment inspir\u00e9 de la Renaissance, de lalchimie et de sa po\u00e9sie. De lor, de la pierre philosophale. De la qu\u00eate. De la sublimation des choses. J\u00e9r\u00f4me Stefanello, directeur des services mobilit\u00e9 de Flowbird Environ un an et demi apr\u00e8s ce stage, elle est devenue membre de la Mission de lEsprit-Saint, quelle a quitt\u00e9 dix ans plus tard. Pendant les ann\u00e9es quelle a pass\u00e9es au sein du mouvement, elle a continu\u00e9 \u00e0 recevoir des soins dacupuncture dEmmanuel Francoeur \u00e0 sa clinique de Saint-Paul-de-Joliette. <img decoding=\"async\" src=\"http:\/\/tekcniset.ga\/media\/_img\/photos_evt\/rc\/paris_avril_2018\/HD-Retail%20Chain-86-Avril%202018.jpg\" alt=\"rencontre emmanuel qu\u00e9bec\" align=\"left\"> et par Dominique Brunin de la Chambre de Commerce Franco Arabe <img decoding=\"async\" src=\"http:\/\/static1.purepeople.com\/articles\/3\/24\/29\/23\/@\/3401440-le-president-francais-emmanuel-macron-et-950x0-2.jpg\" alt=\"rencontre emmanuel qu\u00e9bec\" align=\"right\">   Elle voit tr\u00e8s bien aussi le r\u00f4le quelle pourrait jouer au sein de la francophonie, quand les Acad\u00e9mies des lettres des diff\u00e9rents pays qui la composent d\u00e9cideront d\u0153uvrer de concert sous la grande tente du rayonnement de la langue fran\u00e7aise, comme il en est de plus en plus question dans les milieux inform\u00e9s. R\u00e9cemment, devant lAcad\u00e9mie fran\u00e7aise, le pr\u00e9sident de la R\u00e9publique, Emmanuel Macron, a appel\u00e9 \u00e0 une f\u00e9d\u00e9ration des acad\u00e9mies de langue fran\u00e7aise, \u00e0 lav\u00e8nement, en somme, dune Acad\u00e9mie des Acad\u00e9mies. Comment le Qu\u00e9bec, si prompt \u00e0 affirmer son r\u00f4le au sein de la francophonie, pourrait-il alors se passer de lAcad\u00e9mie des lettres du Qu\u00e9bec? Agn\u00e8s Lopez Cruz, Managing Director chez French Business Council Dubai Northern Emirates You can email the site owner to let them know you were blocked. Please include what you were doing when this page came up and the Cloudflare Ray ID found at the bottom of this page. Le chien positionn\u00e9 sur table haute devant Madame R debout, les premiers ateliers ont consist\u00e9 \u00e0 une mobilisation de ses membres sup\u00e9rieurs sur lensemble du chien pour provoquer par la suite des gestes spontan\u00e9s envers ce dernier. Au cours des s\u00e9ances, Madame R a montr\u00e9 un int\u00e9r\u00eat grandissant envers lanimal qui sillustrait par un visage de plus en plus ouvert et expressif, des caresses faites au chien de plus en plus longues, adapt\u00e9es et cibl\u00e9es. Les s\u00e9ances sanimaient alors par ses sourires et rires, puis par quelques mots et phrases courtes adress\u00e9s au chien ou \u00e0 moi-m\u00eame : bouge pas mon petit, il est beau <img decoding=\"async\" src=\"http:\/\/www.mrif.gouv.qc.ca\/images\/actualites\/CU54MS8UYAAk3O5.jpg\" alt=\"rencontre emmanuel qu\u00e9bec\" align=\"left\"> Lundi 18 novembre 2019-Visites de terrain et parcours th\u00e9matiques Visite \u00e0 l\u00e9tranger: Fran\u00e7ois Legault \u00e0 Paris pour rencontrer Emmanuel Macron Metro Media-2008-2020-All rights reserved. Site by.<\/p>\n","protected":false},"excerpt":{"rendered":"<p>rencontre emmanuel qu\u00e9bec<\/p>\n","protected":false},"author":1,"featured_media":0,"comment_status":"closed","ping_status":"closed","sticky":false,"template":"","format":"standard","meta":{"footnotes":""},"categories":[1],"tags":[],"_links":{"self":[{"href":"http:\/\/mymobilebooster.com\/forum\/wp-json\/wp\/v2\/posts\/2420"}],"collection":[{"href":"http:\/\/mymobilebooster.com\/forum\/wp-json\/wp\/v2\/posts"}],"about":[{"href":"http:\/\/mymobilebooster.com\/forum\/wp-json\/wp\/v2\/types\/post"}],"author":[{"embeddable":true,"href":"http:\/\/mymobilebooster.com\/forum\/wp-json\/wp\/v2\/users\/1"}],"replies":[{"embeddable":true,"href":"http:\/\/mymobilebooster.com\/forum\/wp-json\/wp\/v2\/comments?post=2420"}],"version-history":[{"count":1,"href":"http:\/\/mymobilebooster.com\/forum\/wp-json\/wp\/v2\/posts\/2420\/revisions"}],"predecessor-version":[{"id":2421,"href":"http:\/\/mymobilebooster.com\/forum\/wp-json\/wp\/v2\/posts\/2420\/revisions\/2421"}],"wp:attachment":[{"href":"http:\/\/mymobilebooster.com\/forum\/wp-json\/wp\/v2\/media?parent=2420"}],"wp:term":[{"taxonomy":"category","embeddable":true,"href":"http:\/\/mymobilebooster.com\/forum\/wp-json\/wp\/v2\/categories?post=2420"},{"taxonomy":"post_tag","embeddable":true,"href":"http:\/\/mymobilebooster.com\/forum\/wp-json\/wp\/v2\/tags?post=2420"}],"curies":[{"name":"wp","href":"https:\/\/api.w.org\/{rel}","templated":true}]}}