{"id":2454,"date":"2020-09-24T02:15:50","date_gmt":"2020-09-24T02:15:50","guid":{"rendered":"http:\/\/mymobilebooster.com\/forum\/?p=2454"},"modified":"2020-09-20T22:39:24","modified_gmt":"2020-09-20T22:39:24","slug":"rencontre-dans-le-rer-d","status":"publish","type":"post","link":"http:\/\/mymobilebooster.com\/forum\/2020\/09\/24\/rencontre-dans-le-rer-d\/","title":{"rendered":"Rencontre Dans Le Rer D"},"content":{"rendered":"<p><img decoding=\"async\" src=\"http:\/\/s1.dmcdn.net\/pDzbd\/x240-SSN.jpg\" alt=\"rencontre dans le rer d\" align=\"left\"> La cr\u00e9ation du p\u00f4le intermodal de Rosa-Parks sinscrit dans un vaste programme de cr\u00e9ation ou de r\u00e9novation de p\u00f4les d\u00e9changes avec pour objectif de favoriser les d\u00e9placements en transport en commun de banlieue \u00e0 banlieue et de faciliter lacc\u00e8s aux diff\u00e9rents modes de transports. En effet, il constitue un v\u00e9ritable point de maillage entre le RER E, le et, \u00e0 terme, le. Cette op\u00e9ration sinscrit dans le projet urbain Paris Nord-Est, afin de constituer un vrai quartier autour du futur p\u00f4le en continuit\u00e9 avec les quartiers existants. Les habitants pourront se rendre dans les parcs et jardins \u00e0 partir du 11 mai. Le retour en classe sera organis\u00e9 selon le plan pr\u00e9sent\u00e9 devant lAssembl\u00e9e Nationale le 28 mai, \u00e0 savoir la rentr\u00e9e des classes de 6 e et de 5 e d\u00e8s le 18 mai. Si les d\u00e9partements en verts maintiennent leur \u00e9tat, le gouvernement pourrait envisager la r\u00e9ouverture des caf\u00e9s et restaurants en plus des lyc\u00e9es. Dans les d\u00e9partements en rouge <img decoding=\"async\" src=\"http:\/\/www.rer-eole.fr\/app\/uploads\/2016\/05\/Rencontre_avec_Sophie_Dumas_DGA_de_la_communaute_urbaine_du_Grand_Paris_Seine_Oise.png\" alt=\"rencontre dans le rer d\" align=\"center\">  Parmi ces Fran\u00e7ais, 10 millions serait \u00e0 risque en raison de leur \u00e2ge, au-dessus de 65 ou de 70 ans a pr\u00e9cis\u00e9 lintervenant. Les autres personnes concern\u00e9es sont celles ayant des affections de longue dur\u00e9e, et les sujets jeunes ayant une pathologie, mais aussi ob\u00e8ses. Blocage d\u00e9p\u00f4t Ivry, \u00e7a tient toujours!! lucie cabiac LCabiac  intelligent, a-t-il \u00e9galement d\u00e9clar\u00e9, donnant m\u00eame limpression dune fois sur le probl\u00e8me de la valeur du point, source de nombreuses Gennevilliers Ermont-Eaubonne,, d\u00e9tourn\u00e9e de Paris-Nord vers Invalides ; Venez en discuter jeudi 21 novembre 2019 \u00e0 19h45 salle Dumont, en pr\u00e9sence de \u00c0 Creil comme sur la fronti\u00e8re, une question identitaire omnipr\u00e9sente L\u0153uvre que je propose a pour objectif de cr\u00e9er un espace ouvert, un lieu o\u00f9 des \u00e9v\u00e9nements seront concr\u00e8tement v\u00e9cus, redoubl\u00e9s par une fiction qui se mettra en place gr\u00e2ce aux rencontres. Elle offre ainsi un terrain de jeu o\u00f9 r\u00e9alit\u00e9 et fiction viennent se confondre pour cr\u00e9er une mise en sc\u00e8ne subtile de la vie. RT : Merci pour linvitation \u00e0 \u00e9changer avec Thierry Laro LA SITUATION EST GRAVE, ayez le courage de le dire, de l\u00e9crire, et pourquoi pas de le tchater, de le touiter, de le face.booker puisquil faut \u00eatre dans le mouv <img decoding=\"async\" src=\"http:\/\/www.olivierfaure.fr\/wp-content\/uploads\/2016\/11\/OlivierFaureN16201.jpg\" alt=\"rencontre dans le rer d\" align=\"center\"> Monsieur va faire un raccord make-up dans la salle de bains qui sait, je me d\u00e9shabille enti\u00e8rement, il revient, on se jette lun sur lautre. Quand tu as march\u00e9 mille bornes pour voir quelquun, il va se dire que ton int\u00e9r\u00eat pour lui est v\u00e9ritable Du c\u00f4t\u00e9 de M. Delevoye, la Haute autorit\u00e9 pour la transparence de la vie publique HATVP a annonc\u00e9 quelle saisissait la justice, apr\u00e8s quil a oubli\u00e9 dinscrire plusieurs mandats dans le document remis \u00e0 la HATVP mi-novembre dernier. Le parquet a indiqu\u00e9 quil ferait conna\u00eetre jeudi les suites quil entend r\u00e9server. Situ\u00e9 au niveau-1 de la gare, \u00e0 proximit\u00e9 de lacc\u00e8s \u00e0 la ligne 4 du m\u00e9tro et des toilettes Floriane Louison: \u00c0 part dans lintroduction pour expliquer ma d\u00e9marche, je ne voulais pas mettre de je du tout. Lid\u00e9e \u00e9tait vraiment de laisser la parole aux Creilloises et Creillois et de me mettre en retrait. Favoriser lappropriation du CEVA et contribuer au rayonnement culturel du Grand Gen\u00e8ve. Cest en ces termes que les autorit\u00e9s pr\u00e9sentent le festival ce mercredi en conf\u00e9rence de presse. Au programme, deux jours de spectacles dans les diff\u00e9rentes gares du L\u00e9man Express mais \u00e9galement \u00e0 bord de certains trains.  La journ\u00e9e sest super bien pass\u00e9e, on la m\u00eame f\u00e9licit\u00e9 pour son travail! Le lendemain matin, il est all\u00e9 conduire son joli RER B, c\u00e9tait lheure de la pause quand soudain il vit arriver le jeune homme de la veille! Il avait sa carte dans sa main droite et deux caf\u00e9s dans lautre, il entra, donna \u00e0 Maurice la carte et lui sourit. Les places restant disponibles sont tr\u00e8s limit\u00e9es.-COMPLET.<\/p>\n","protected":false},"excerpt":{"rendered":"<p>rencontre dans le rer d<\/p>\n","protected":false},"author":1,"featured_media":0,"comment_status":"closed","ping_status":"closed","sticky":false,"template":"","format":"standard","meta":{"footnotes":""},"categories":[1],"tags":[],"_links":{"self":[{"href":"http:\/\/mymobilebooster.com\/forum\/wp-json\/wp\/v2\/posts\/2454"}],"collection":[{"href":"http:\/\/mymobilebooster.com\/forum\/wp-json\/wp\/v2\/posts"}],"about":[{"href":"http:\/\/mymobilebooster.com\/forum\/wp-json\/wp\/v2\/types\/post"}],"author":[{"embeddable":true,"href":"http:\/\/mymobilebooster.com\/forum\/wp-json\/wp\/v2\/users\/1"}],"replies":[{"embeddable":true,"href":"http:\/\/mymobilebooster.com\/forum\/wp-json\/wp\/v2\/comments?post=2454"}],"version-history":[{"count":1,"href":"http:\/\/mymobilebooster.com\/forum\/wp-json\/wp\/v2\/posts\/2454\/revisions"}],"predecessor-version":[{"id":2455,"href":"http:\/\/mymobilebooster.com\/forum\/wp-json\/wp\/v2\/posts\/2454\/revisions\/2455"}],"wp:attachment":[{"href":"http:\/\/mymobilebooster.com\/forum\/wp-json\/wp\/v2\/media?parent=2454"}],"wp:term":[{"taxonomy":"category","embeddable":true,"href":"http:\/\/mymobilebooster.com\/forum\/wp-json\/wp\/v2\/categories?post=2454"},{"taxonomy":"post_tag","embeddable":true,"href":"http:\/\/mymobilebooster.com\/forum\/wp-json\/wp\/v2\/tags?post=2454"}],"curies":[{"name":"wp","href":"https:\/\/api.w.org\/{rel}","templated":true}]}}