{"id":2572,"date":"2020-09-24T16:32:11","date_gmt":"2020-09-24T16:32:11","guid":{"rendered":"http:\/\/mymobilebooster.com\/forum\/?p=2572"},"modified":"2020-09-21T00:58:10","modified_gmt":"2020-09-21T00:58:10","slug":"rencontre-philosophique-uriage-2011","status":"publish","type":"post","link":"http:\/\/mymobilebooster.com\/forum\/2020\/09\/24\/rencontre-philosophique-uriage-2011\/","title":{"rendered":"Rencontre Philosophique Uriage 2011"},"content":{"rendered":"<p>Lama Denys ou lama Lhundroup : La vision bouddiste de l\u00e9conomie, 15 minutes Family as an actor between public healths aims and individual choices part II, Colloque international Setting an ethical agenda for health promotion, Universit\u00e9 de Gand, 18-20 septembre 2007  <img decoding=\"async\" src=\"http:\/\/static.hitek.fr\/img\/actualite\/2018\/01\/23\/w_get-out.jpg\" alt=\"rencontre philosophique uriage 2011\" align=\"center\"> Vous pouvez en savoir plus sur les cookies que nous utilisons ou les d\u00e9sactiver dans les r\u00e9glages. Normes de Justice? A quoi sert la justice du point de vue du magistrat, du juriste et des philosophes? Que veut dire prendre soin de lenvironnement? Une analyse philosophique du lien entre \u00e9cologie et m\u00e9decine, Atelier du RTP Care et environnement, INSHSCNRS, 23-25 janvier 2013. MENISSIER, T 2013. Inach\u00e8vement du projet humain, n\u00e9ot\u00e9nie et perfectibilit\u00e9 rousseauiste Dans: Jean-Jacques Rousseau, lHomme comme projet inachev\u00e9. 1st ed. Chamb\u00e9ry: Publications de lUniversit\u00e9 de Savoie. Laccompagnement en fin de vie, Cycle \u00e9thique et sciencephilosophie, Espace Andr\u00e9e Ch\u00e9did, en partenariat avec le CNRS et lEspace Seniors, Issy Les Moulineaux, 15 avril 2016 Historien, professeur au Lyc\u00e9e \u00c9douard-Branly Nogent-sur-Marne Histoire et philosophie de la logique Frege, Russell, Wittgenstein, Carnap, Quine, etc. Empirisme logique Cercle de Vienne. Th\u00e9orie de la connaissance. Membre du comit\u00e9 \u00e9ditorial de la revue. Antiquit\u00e9 tardive, Moyen Age, n\u00e9oplatonisme, Augustin, Ecole de Chartres et aussi les rapports entre la philosophie et la Science fiction MENISSIER, T. Ed 2006. Lid\u00e9e dempire dans la pens\u00e9e politique, historique, juridique et philosophique. Paris: LHarmattan. La m\u00e9diation de la consommation : un an dexercice 2019-11-22T07:27:2501:00 4, recension de H. Frankfurt, On Inequality Princeton, Princeton University Press, 2015, dans La Vie des Id\u00e9es, 14 septembre 2016. Pr\u00e9sentation du s\u00e9minaire C. Bodolec, C. Jami et F. Obringer 2002-2005 : correctrice de l\u00e9preuve \u00e9crite commune de philosophie au concours dentr\u00e9e de lENS Lettres et Sciences humaines de Lyon 1995-1998 : Allocataire Moniteur Normalien \u00e0 lUniversit\u00e9 Paris X-Nanterre Parcours universitaire Cette semaine, faites plus ample connaissance avec Olivier Beauvallet.. Dans le monde en voie de globalisation? Quelle reconnaissance pour les hommes en demande de justice? De tous les candidats \u00e0 l\u00e9lection pr\u00e9sidentielle de 2007, Sarkozy est celui qui a le plus abord\u00e9 les terres africaines. Il en a flatt\u00e9 l\u00e9lectorat, s\u00e9duit les affairistes, rassur\u00e9 les investisseurs. Ann\u00e9e apr\u00e8s ann\u00e9e, il a pr\u00e9par\u00e9 en catimini son adoubement aupr\u00e8s des chefs dEtats les plus influents de lancien pr\u00e9-carr\u00e9 colonial. Ex-agents des services secrets, \u00e9missaires occultes, businessmen, patrons dentreprises lont tour \u00e0 tour inspir\u00e9, conseill\u00e9, orient\u00e9  <img decoding=\"async\" src=\"http:\/\/img.over-blog-kiwi.com\/0\/55\/26\/48\/20151013\/ob_a5817e_michael-foessel.jpg\" alt=\"rencontre philosophique uriage 2011\" align=\"center\"> Cercle de la F\u00e9d\u00e9ration Fran\u00e7aise des Spiritueux, 21 mai 2008 : Christiane Chauvir\u00e9 : Compr\u00e9hension et jouissance esth\u00e9tique chez Wittgenstein. La question du savoir comme enjeu pour la justice environnementale, in : dir S. Becerra, M. Lalanne et J. Weisbein, Faire face aux risques dans les soci\u00e9t\u00e9s contemporaines, Toulouse, Octar\u00e8s \u00e9ditions, 2016, p. 29-40-1999-2001 : professeur de philosophie en Seine-Saint-Denis Titulaire sur Zone de Remplacement <img decoding=\"async\" src=\"http:\/\/rencontres-philosophiques-uriage.e-monsite.com\/medias\/images\/11-images3.jpg\" alt=\"rencontre philosophique uriage 2011\" align=\"left\">  Copyright 2016. Tous droits r\u00e9serv\u00e9s. Editeur : La Soci\u00e9t\u00e9 de la M\u00e9diation Professionnelle.<\/p>\n","protected":false},"excerpt":{"rendered":"<p>rencontre philosophique uriage 2011<\/p>\n","protected":false},"author":1,"featured_media":0,"comment_status":"closed","ping_status":"closed","sticky":false,"template":"","format":"standard","meta":{"footnotes":""},"categories":[1],"tags":[],"_links":{"self":[{"href":"http:\/\/mymobilebooster.com\/forum\/wp-json\/wp\/v2\/posts\/2572"}],"collection":[{"href":"http:\/\/mymobilebooster.com\/forum\/wp-json\/wp\/v2\/posts"}],"about":[{"href":"http:\/\/mymobilebooster.com\/forum\/wp-json\/wp\/v2\/types\/post"}],"author":[{"embeddable":true,"href":"http:\/\/mymobilebooster.com\/forum\/wp-json\/wp\/v2\/users\/1"}],"replies":[{"embeddable":true,"href":"http:\/\/mymobilebooster.com\/forum\/wp-json\/wp\/v2\/comments?post=2572"}],"version-history":[{"count":1,"href":"http:\/\/mymobilebooster.com\/forum\/wp-json\/wp\/v2\/posts\/2572\/revisions"}],"predecessor-version":[{"id":2573,"href":"http:\/\/mymobilebooster.com\/forum\/wp-json\/wp\/v2\/posts\/2572\/revisions\/2573"}],"wp:attachment":[{"href":"http:\/\/mymobilebooster.com\/forum\/wp-json\/wp\/v2\/media?parent=2572"}],"wp:term":[{"taxonomy":"category","embeddable":true,"href":"http:\/\/mymobilebooster.com\/forum\/wp-json\/wp\/v2\/categories?post=2572"},{"taxonomy":"post_tag","embeddable":true,"href":"http:\/\/mymobilebooster.com\/forum\/wp-json\/wp\/v2\/tags?post=2572"}],"curies":[{"name":"wp","href":"https:\/\/api.w.org\/{rel}","templated":true}]}}