{"id":2628,"date":"2020-09-24T11:32:07","date_gmt":"2020-09-24T11:32:07","guid":{"rendered":"http:\/\/mymobilebooster.com\/forum\/?p=2628"},"modified":"2020-09-21T02:36:25","modified_gmt":"2020-09-21T02:36:25","slug":"rencontres-villette-2009","status":"publish","type":"post","link":"http:\/\/mymobilebooster.com\/forum\/2020\/09\/24\/rencontres-villette-2009\/","title":{"rendered":"Rencontres Villette 2009"},"content":{"rendered":"<p>Depuis le confinement, Froggys Delight vous propose un concert par semaine, chaque jeudi en fin dapr\u00e8s midi. Le prochain sera celui de Yvonne La Nuit, le 11 juin \u00e0 19h sur. Soyez nombreux, cest gratuit mais une cagnotte existe pour lartiste. On compte sur vous. Pour le reste voici le sommaire. 16Le propos de lartiste nest pas de mettre un nom sur ces portraits, mais plut\u00f4t de donner un visage \u00e0 un \u00e9tat ou un ph\u00e9nom\u00e8ne dordre psychologique. Comme il le dit lui-m\u00eame : Saisissez les caract\u00e8res que vous voyez dans cette image : faits de corruption au nom dune conception exog\u00e8ne du droit et de l\u00e9thique. L\u00e9t\u00e9 dernier, ils avaient entre 6 et 14 ans. Ils ont d\u00fb changer. Grandir, m\u00fbrir. On est certain quils nont rien perdu de leur charme, de leur malice. On est s\u00fbr \u00e9galement que langoisse qui pointait dans telle ou telle parole ne sest pas apais\u00e9e. Sont-ce des enfants privil\u00e9gi\u00e9s? On limagine en les entendant parler ensemble, passer dune langue \u00e0 lautre, raconter leurs histoires, tirer des plans sur la com\u00e8te. On en serait presque jaloux. Ce sont les enfants r\u00e9unis par lArgentine Lola Arias et le Suisse Stefan Kaegi pour le spectacle Airport Kids, d\u00e9couvert en juillet 2008 au gymnase du lyc\u00e9e Mistral dAvignon, en plein apr\u00e8s-midi, un jour de canicule. Ils \u00e9taient rafra\u00eechissants. Merveilleux dintelligence, dautorit\u00e9, bouleversants dans l\u00e9lan et le doute. <img decoding=\"async\" src=\"http:\/\/i330.photobucket.com\/albums\/l401\/tontondemon\/IMG_3674.jpg\" alt=\"rencontres villette 2009\" align=\"right\"> Centr\u00e9 sur les probl\u00e9matiques mat\u00e9riauxstructureproc\u00e9d\u00e9s, le Doc F2M entend permettre aux doctorants, post-doctorants et acteurs du monde socio\u00e9conomique de se rencontrer, de d\u00e9battre et de sinformer. Le forum est en effet loccasion pour les repr\u00e9sentants du monde industriel de sinformer sur les comp\u00e9tences transversales acquises par les futurs jeunes docteurs et didentifier des profils qui int\u00e9resseraient leur domaine dactivit\u00e9.  Une erreur est survenue, le flux est probablement indisponible. Veuillez r\u00e9essayer plus tard. L\u00e9laboration du budget Jean Radel, R\u00e9mi Varoutsikos Des ateliers projets ax\u00e9s sur des th\u00e9matiques identifi\u00e9es \u00e0 partir des r\u00e9sum\u00e9s des anti-posters, de mots cl\u00e9s ou de retours libres lors des inscriptions seront propos\u00e9s. Ce colloque est organis\u00e9 en collaboration avec le Groupement national de microscopie \u00e0 balayage et de micro analyses. Le colloque est en outre soutenu par lUniversit\u00e9 Paris 7, lOnera, le CEA et le CNRS et par plusieurs partenaires industriels. Rencontre Biodiversit\u00e9 urbaine Jeudi 3 octobre, Parc de la Villette-Association Fran\u00e7aise Interprofessionnelle des Ecologues The companys fleet of boats can take you along various canals, most..  Quatre mois et demi apr\u00e8s linstallation du comit\u00e9 de suivi, la premi\u00e8re des deux r\u00e9unions pr\u00e9vues sur le sujet du temps de travail et des r\u00e9mun\u00e9rations sest tenue le 9 juin 2020. La d\u00e9ception de.. You are using Internet Explorer 6.0 or older to view the web. Avec notamment Garou et Natasha Saint Pier, pour on laura devin\u00e9-un festival sous le signe de la chanson qu\u00e9b\u00e9coise.-Les oreilles en \u00e9ventail, du 02 au 04 Juillet 2009, \u00e0 Saintes Charente-Maritime-Poitou-charentes Le Nouveau th\u00e9\u00e2tre de Montreuil encadrera des ateliers de pratique artistique pour les classes \u00e9l\u00e9mentaires autour de trois spectacles : Les r\u00eaves de Karabine Klaxon, Pinocchio et Le marin deau douce. Les \u00e9l\u00e8ves des coll\u00e8ges et Lyc\u00e9es pourront sur demande, visiter le th\u00e9\u00e2tre, rencontrer les metteurs en sc\u00e8ne, assister \u00e0 des r\u00e9p\u00e9titions ou construire un projet autour des costumes ou dune sc\u00e9nographie contacter le service des relations publiques au 01 48 70 48 99. <img decoding=\"async\" src=\"http:\/\/static.hitek.fr\/img\/actualite\/2013\/12\/11\/w_p1040012.jpg\" alt=\"rencontres villette 2009\" align=\"right\"> Villette, M 2012. Sur les traces dHoward Becker : La sociologie et la soci\u00e9t\u00e9 comme puzzle. Dans Howard Becker Et Les Mondes De Lart. Le 16042010 La Provence Cahier sp\u00e9cial Marseille 2013 Claire a aussi fr\u00e9quent\u00e9 la section documentaire de lH.F.F. Hochschule f\u00fcr Film und Fersehen de Munich.  Villette Michel, 2012, Approche ethnographique de lactivit\u00e9 des managers, Histoire et techniques des organisations et du gouvernement, EHESS, 190-180 Avenue de France Paris, Salle 3, RdC, 15h-17h, 18 d\u00e9cembre 2012.-Festival du Chant de Marin, du 07 au 09 Aout 2009, \u00e0 Paimpol C\u00f4tes-dArmor 22 Bretagne-Festival de Saintes, du 10 au 19 Juillet 2009, \u00e0 Saintes Charente-Maritime-Poitou-Charentes <img decoding=\"async\" src=\"http:\/\/arturbain.fr\/arturbain\/bourses\/2009\/fiches\/Pauline%20STERN.jpg\" alt=\"rencontres villette 2009\" align=\"left\"> et _place_holder; belges, cet article presente les pratiques de gestion du.<\/p>\n","protected":false},"excerpt":{"rendered":"<p>rencontres villette 2009<\/p>\n","protected":false},"author":1,"featured_media":0,"comment_status":"closed","ping_status":"closed","sticky":false,"template":"","format":"standard","meta":{"footnotes":""},"categories":[1],"tags":[],"_links":{"self":[{"href":"http:\/\/mymobilebooster.com\/forum\/wp-json\/wp\/v2\/posts\/2628"}],"collection":[{"href":"http:\/\/mymobilebooster.com\/forum\/wp-json\/wp\/v2\/posts"}],"about":[{"href":"http:\/\/mymobilebooster.com\/forum\/wp-json\/wp\/v2\/types\/post"}],"author":[{"embeddable":true,"href":"http:\/\/mymobilebooster.com\/forum\/wp-json\/wp\/v2\/users\/1"}],"replies":[{"embeddable":true,"href":"http:\/\/mymobilebooster.com\/forum\/wp-json\/wp\/v2\/comments?post=2628"}],"version-history":[{"count":1,"href":"http:\/\/mymobilebooster.com\/forum\/wp-json\/wp\/v2\/posts\/2628\/revisions"}],"predecessor-version":[{"id":2629,"href":"http:\/\/mymobilebooster.com\/forum\/wp-json\/wp\/v2\/posts\/2628\/revisions\/2629"}],"wp:attachment":[{"href":"http:\/\/mymobilebooster.com\/forum\/wp-json\/wp\/v2\/media?parent=2628"}],"wp:term":[{"taxonomy":"category","embeddable":true,"href":"http:\/\/mymobilebooster.com\/forum\/wp-json\/wp\/v2\/categories?post=2628"},{"taxonomy":"post_tag","embeddable":true,"href":"http:\/\/mymobilebooster.com\/forum\/wp-json\/wp\/v2\/tags?post=2628"}],"curies":[{"name":"wp","href":"https:\/\/api.w.org\/{rel}","templated":true}]}}