{"id":2654,"date":"2020-09-24T15:28:28","date_gmt":"2020-09-24T15:28:28","guid":{"rendered":"http:\/\/mymobilebooster.com\/forum\/?p=2654"},"modified":"2020-09-21T03:06:08","modified_gmt":"2020-09-21T03:06:08","slug":"rencontres-alpines-2011","status":"publish","type":"post","link":"http:\/\/mymobilebooster.com\/forum\/2020\/09\/24\/rencontres-alpines-2011\/","title":{"rendered":"Rencontres Alpines 2011"},"content":{"rendered":"<p>Philippe Fr\u00e9meaux, journaliste \u00e9conomique, \u00e9ditorialiste et administrateur au Magazine Alternatives Certain s l e font l o rs d e rencontres f o rmelles alors que dautres sentretiennent avec les intervenants du gouvernement f\u00e9d\u00e9ra l e t des p r ovinces. C\u00e9cilia Dutter, romanci\u00e8re, pr\u00e9sidente de lAssociation des Amis dEtty Hillesum Stand dinformation sur les nouvelles aides financi\u00e8res \u00e0 la r\u00e9novation et au chauffage au bois Le bilan PEFC du mois de juin est disponible. Ce mois-ci, ce sont 464 propri\u00e9taires qui adh\u00e8rent \u00e0 la certification foresti\u00e8re PEFC en Provence-Alpes-C\u00f4te dAzur. <img decoding=\"async\" src=\"http:\/\/www.bastienmontes.com\/photos\/verbier2011.jpg\" alt=\"rencontres alpines 2011\" align=\"right\"> D\u00e8s que nous aurons les directives, nous reprendrons les entra\u00eenements physiques. Les Nouvelles Travers\u00e9es Alpines trouveraient ainsi une expression topologique qui caract\u00e9riserait un ph\u00e9nom\u00e8ne dext\u00e9riorisation accompli du Franchissement. N\u00e9anmoins, une incertitude persiste \u00e0 propos des effets de cette ext\u00e9riorisation : est-elle une r\u00e9tractation absolue de lApproche jusqu\u00e0 son effacement ou, \u00e0 linverse, le produit dune extension de lApproche dans les limites de la Travers\u00e9e qui ferait dispara\u00eetre cette derni\u00e8re? Selon cette seconde hypoth\u00e8se, ce ne serait pas le Franchissement qui effacerait directement la Travers\u00e9e, mais lApproche. Cet \u00e9tat de franchissement se caract\u00e9riserait par une ouverture des march\u00e9s dexploitation \u00e0 la concurrence, dans le cadre dune recherche de continuit\u00e9s r\u00e9ticulaires absolues. Le th\u00e8me de la continuit\u00e9 ne serait plus territorial \u00e0 l\u00e9chelle nationale, mais r\u00e9ticulaire \u00e0 l\u00e9chelle du march\u00e9, et non du continent. La dimension territoriale ne doit pas \u00eatre \u00e9vacu\u00e9e de ce temps du march\u00e9. Dans le premier arrangement Figure 12a, l\u00e9chelle serait encore nationale, puisque nous ne serions que dans une d\u00e9clinaison de la dynamique qui a pr\u00e9sid\u00e9 au pr\u00e9c\u00e9dent passage ; dans le second Figure 12b nous assisterions \u00e0 une forme de rupture, d\u00e8s lors quun ph\u00e9nom\u00e8ne de r\u00e9int\u00e9riorisation des enjeux appara\u00eetrait. Cet arrangement correspondrait \u00e0 la revanche des interm\u00e9diarit\u00e9s issues du temps des \u00c9tats, comme la conflictualit\u00e9 dans les basses vall\u00e9es italiennes associ\u00e9e aux tunnels de base de lUE Lyon-Turin et Brenner, Sutton 2013 semble spatialement le souligner. Les deux dimensions semblent coexister Figure 13, fusionnant les deux dynamiques paradoxales dext\u00e9riorisationexternalisation et de r\u00e9int\u00e9riorisation au sein dune m\u00eame dynamique dacc\u00e9l\u00e9ration. 2003 : Rencontre du Bureau Mondial du Mountain Forum-Un casque \u00e0 oreilles dures! Les oreilles molles sont interdites!! D\u00e9couvrez nos stands de maquillages et d Animasques, transformez-vous en animal de la for\u00eat!  J16, Roule ma poule! Juste pour St\u00e9phane notre guide Handi Cap Evasion, une descente express pour d\u00e9brider les jo\u00eblettes et se retrouver directement \u00e0 Syabrubensi.  Martine Teil et Olivier Canivet, SCIC Ancien Monast\u00e8re de Sainte Croix en Diois s\u00e9curitaire quelle traverse. Quelles cons\u00e9quences pour l\u00e9quilibre des soci\u00e9t\u00e9s europ\u00e9ennes dans lavenir proche? Les causes de cette r\u00e9alit\u00e9 et les pistes dactions qui tentent d\u00e9merger  La 156e session extraordinaire de la SbF en Charente-Maritime, organis\u00e9e par notre coll\u00e8gue Michel Botineau, \u00e9tait initialement pr\u00e9vue du 10 au 16 Mai. Compte-tenu de lincertitude sur la prolongation du confinement, nous avons pris la d\u00e9cision dattendre la date du 15 avril pour nous prononcer sur sa tenue \u00e9ventuelle. <img decoding=\"async\" src=\"http:\/\/ecx.images-amazon.com\/images\/I\/41cnYCpF9AL.jpg\" alt=\"rencontres alpines 2011\" align=\"right\"> Un guide de haute montagne : Paulo, notre lien avec l\u00e9quipe n\u00e9palaise, qui tirera aussi la jo\u00eblette! pour se r\u00e9fugier en France. Ils vont vivre ensemble le temps dun \u00e9t\u00e9. <img decoding=\"async\" src=\"http:\/\/www.espace-mont-blanc.com\/asset\/img\/foto2_ti.jpg\" alt=\"rencontres alpines 2011\" align=\"left\"> Ouverture des 6e Rencontres Alpines Avec Nicolas HULOT.<\/p>\n","protected":false},"excerpt":{"rendered":"<p>rencontres alpines 2011<\/p>\n","protected":false},"author":1,"featured_media":0,"comment_status":"closed","ping_status":"closed","sticky":false,"template":"","format":"standard","meta":{"footnotes":""},"categories":[1],"tags":[],"_links":{"self":[{"href":"http:\/\/mymobilebooster.com\/forum\/wp-json\/wp\/v2\/posts\/2654"}],"collection":[{"href":"http:\/\/mymobilebooster.com\/forum\/wp-json\/wp\/v2\/posts"}],"about":[{"href":"http:\/\/mymobilebooster.com\/forum\/wp-json\/wp\/v2\/types\/post"}],"author":[{"embeddable":true,"href":"http:\/\/mymobilebooster.com\/forum\/wp-json\/wp\/v2\/users\/1"}],"replies":[{"embeddable":true,"href":"http:\/\/mymobilebooster.com\/forum\/wp-json\/wp\/v2\/comments?post=2654"}],"version-history":[{"count":1,"href":"http:\/\/mymobilebooster.com\/forum\/wp-json\/wp\/v2\/posts\/2654\/revisions"}],"predecessor-version":[{"id":2655,"href":"http:\/\/mymobilebooster.com\/forum\/wp-json\/wp\/v2\/posts\/2654\/revisions\/2655"}],"wp:attachment":[{"href":"http:\/\/mymobilebooster.com\/forum\/wp-json\/wp\/v2\/media?parent=2654"}],"wp:term":[{"taxonomy":"category","embeddable":true,"href":"http:\/\/mymobilebooster.com\/forum\/wp-json\/wp\/v2\/categories?post=2654"},{"taxonomy":"post_tag","embeddable":true,"href":"http:\/\/mymobilebooster.com\/forum\/wp-json\/wp\/v2\/tags?post=2654"}],"curies":[{"name":"wp","href":"https:\/\/api.w.org\/{rel}","templated":true}]}}