{"id":2764,"date":"2020-09-24T21:19:02","date_gmt":"2020-09-24T21:19:02","guid":{"rendered":"http:\/\/mymobilebooster.com\/forum\/?p=2764"},"modified":"2020-09-21T05:30:35","modified_gmt":"2020-09-21T05:30:35","slug":"rencontres-internationales-de-la-diversite-2012","status":"publish","type":"post","link":"http:\/\/mymobilebooster.com\/forum\/2020\/09\/24\/rencontres-internationales-de-la-diversite-2012\/","title":{"rendered":"Rencontres Internationales De La Diversit\u00e9 2012"},"content":{"rendered":"<p> XXIVe Rencontres internationales dArch\u00e9ologie et dHistoire dAntibes Abdellatif, M 2011, La mobilit\u00e9 des cadres \u00e0 linternational : les facteurs potentiels examin\u00e9s \u00e0 partir dune approche QCA, Journ\u00e9e du Groupe Th\u00e9matique M\u00e9thodologie de lAssociation Internationale de Management Strat\u00e9gique AIMS, Ecole de management de Normandie Campus de Caen, 31 mars. Prix du livre historique: The Pigeon Photographer de \u00e9d Rorhof, Bolzano, Italie Les Am\u00e9ricains refusent de reprendre leur si\u00e8ge et restent en observateurs. Les accords de Marrakech sont surtout la traduction juridique du protocole de Kyoto. Gr\u00e2ce \u00e0 des technologies avanc\u00e9es dintelligence artificielle et de machine learning, Air France-KLM entend \u00eatre pr\u00e9curseur des besoins et des attentes de ses clients. Compte des diversit\u00e9s sous toutes les formes, si bien que <img decoding=\"async\" src=\"http:\/\/www.pariwiwsata.tk\/var\/batigere\/storage\/images\/_aliases\/block_portrait\/le-reseau-en-mouvement\/les-membres-du-reseau\/ile-de-france\/batigere-ile-de-france\/actualites2\/batigere-ile-de-france-journee-de-la-laicite-a-draveil\/33265-2-fre-FR\/BATIGERE-ILE-DE-FRANCE-Journee-de-la-laicite-a-Draveil.jpg\" alt=\"rencontres internationales de la diversit\u00e9 2012\" align=\"center\"> <img decoding=\"async\" src=\"http:\/\/www.coop-breizh.fr\/27109-tm_thickbox_default\/rencontre-internationales-du-patrimoine-culturel-immateriel-en-bretagne.jpg\" alt=\"rencontres internationales de la diversit\u00e9 2012\" align=\"center\"> Pour consulter ce document, connectez-vous et cliquez sur le bouton Demander.  \u00c0 limage de la situation d\u00e9crite en France, il semble n\u00e9cessaire dintroduire des crit\u00e8res de bibliodiversit\u00e9 et de d\u00e9veloppement durable dans les proc\u00e9dures de march\u00e9s publics internationaux, particuli\u00e8rement en ce qui concerne les march\u00e9s des manuels scolaires dans les pays en d\u00e9veloppement. Encore trop souvent, en particulier en Afrique francophone, la production et la commercialisation des livres scolaires \u00e9chappent aux professionnels locaux, p\u00e9nalis\u00e9s par des proc\u00e9dures dappels doffres qui favorisent les grands groupes \u00e9ditoriaux fran\u00e7ais ou canadiens. <img decoding=\"async\" src=\"http:\/\/fr.1001mags.com\/images\/Couv\/L\/Lion\/645\/32147-Lion-645-Page-007.jpg\" alt=\"rencontres internationales de la diversit\u00e9 2012\" align=\"center\"> Biodiversit\u00e9s, environnements et soci\u00e9t\u00e9s depuis la pr\u00e9histoire : nouveaux marqueurs et approches int\u00e9gr\u00e9es  La reprise de ces quelques propositions serait \u00e0 m\u00eame de relancer limportant travail men\u00e9 par la France et le Canada \u00e0 la fin des ann\u00e9es 1990 et qui a conduit \u00e0 ladoption de la Convention internationale pour la protection et la promotion de la diversit\u00e9 des expressions culturelles, en faisant de ce texte un v\u00e9ritable outil de d\u00e9fense et de promotion de la bibliodiversit\u00e9. Attribu\u00e9e par Fran\u00e7oise Choay \u00e0 Gustavo Giovannoni Vecchie citt\u00e0 ed edilizia nuova ou Lurbanisme face aux villes anciennes, 1931, linvention du patrimoine urbain a longtemps permis de r\u00e9pondre \u00e0 une qu\u00eate double, scientifique et professionnelle. Cest ainsi que la pens\u00e9e du patrimoine a progressivement \u00e9pous\u00e9 l\u00e9chelle des \u00e9tudes territoriales, notamment consacr\u00e9es par la Charte de Venise en 1964. Lhistoriographie du patrimoine, depuis, observe le d\u00e9laissement des approches limit\u00e9es aux objets, au b\u00e9n\u00e9fice dune consid\u00e9ration pour les rapports spatiaux et humains qui, tout autour du monument, font lurbain. Ainsi les objectifs diverses lois sur les secteurs sauvegard\u00e9s, les arrondissements historiques et leurs \u00e9pigones se trouvent-elles valid\u00e9es par la connaissance scientifique-Rokhaya DIALLO, Journaliste chroniqueuse \u00e0 Canal Plus, LCP et RTL, Fondatrice des Indivisibles Laisser vide pour ne pas re\u00e7evoir de notification par email de nouveaux commentaires. Le cin\u00e9ma communautaire en Am\u00e9rique latine et aux Cara\u00efbes est presque aussi invisible que les communaut\u00e9s quil repr\u00e9sente, d\u00e9clare lexpert Alfonso Gumucio Dagron. Il est reproch\u00e9 aux Rencontres de nint\u00e9grer aucune exposition de dans les 50 expositions de photographes pr\u00e9vues en juillet 2019 pour le cinquantenaire. Si les Rencontres avaient su en 2016 mettre \u00e0 lhonneur le Malien, lartiste \u00e9thiopienne et lOugandaise qui avait d\u00e9croch\u00e9 le prix D\u00e9couverte, la pr\u00e9sence dartistes africains sinscrit de mani\u00e8re discontinue, amenant les Rencontres \u00e0 prendre des mesures pour favoriser une exposition plus r\u00e9guli\u00e8re. Des grands noms de la photographie ont \u00e9t\u00e9 r\u00e9guli\u00e8rement ma\u00eetres de stages pour les Rencontres dArles :,,,, etc. 51 stages de photographie ont \u00e9t\u00e9 propos\u00e9s lors de la programmation annuelle de l\u00e9dition 2019. 1985 : conf\u00e9rence de Villach en Autriche, sur le th\u00e8me de leffet de serre, du changement climatique et des \u00e9cosyst\u00e8mes. Saint-Tropez accueille les 14\u00e8mes Rencontres Internationales du Cin\u00e9ma des Antipodes-Challenges.<\/p>\n","protected":false},"excerpt":{"rendered":"<p>rencontres internationales de la diversit\u00e9 2012<\/p>\n","protected":false},"author":1,"featured_media":0,"comment_status":"closed","ping_status":"closed","sticky":false,"template":"","format":"standard","meta":{"footnotes":""},"categories":[1],"tags":[],"_links":{"self":[{"href":"http:\/\/mymobilebooster.com\/forum\/wp-json\/wp\/v2\/posts\/2764"}],"collection":[{"href":"http:\/\/mymobilebooster.com\/forum\/wp-json\/wp\/v2\/posts"}],"about":[{"href":"http:\/\/mymobilebooster.com\/forum\/wp-json\/wp\/v2\/types\/post"}],"author":[{"embeddable":true,"href":"http:\/\/mymobilebooster.com\/forum\/wp-json\/wp\/v2\/users\/1"}],"replies":[{"embeddable":true,"href":"http:\/\/mymobilebooster.com\/forum\/wp-json\/wp\/v2\/comments?post=2764"}],"version-history":[{"count":1,"href":"http:\/\/mymobilebooster.com\/forum\/wp-json\/wp\/v2\/posts\/2764\/revisions"}],"predecessor-version":[{"id":2765,"href":"http:\/\/mymobilebooster.com\/forum\/wp-json\/wp\/v2\/posts\/2764\/revisions\/2765"}],"wp:attachment":[{"href":"http:\/\/mymobilebooster.com\/forum\/wp-json\/wp\/v2\/media?parent=2764"}],"wp:term":[{"taxonomy":"category","embeddable":true,"href":"http:\/\/mymobilebooster.com\/forum\/wp-json\/wp\/v2\/categories?post=2764"},{"taxonomy":"post_tag","embeddable":true,"href":"http:\/\/mymobilebooster.com\/forum\/wp-json\/wp\/v2\/tags?post=2764"}],"curies":[{"name":"wp","href":"https:\/\/api.w.org\/{rel}","templated":true}]}}