{"id":2784,"date":"2020-09-24T17:19:14","date_gmt":"2020-09-24T17:19:14","guid":{"rendered":"http:\/\/mymobilebooster.com\/forum\/?p=2784"},"modified":"2020-09-21T05:58:23","modified_gmt":"2020-09-21T05:58:23","slug":"les-rencontres-de-la-villette-contact","status":"publish","type":"post","link":"http:\/\/mymobilebooster.com\/forum\/2020\/09\/24\/les-rencontres-de-la-villette-contact\/","title":{"rendered":"Les Rencontres De La Villette Contact"},"content":{"rendered":"<p>S\u00e9minaire Num\u00e9rique et patrimoine-Enjeux et questionnements actuels <img decoding=\"async\" src=\"http:\/\/www.pavillondescanaux.com\/wp-content\/uploads\/2018\/08\/visuel.jpg\" alt=\"les rencontres de la villette contact\" align=\"right\">  Tr\u00e8s bien, sauf odeurs de tuyauteries dans la salle de bains <img decoding=\"async\" src=\"http:\/\/myfirstpocketpal.com\/wp-content\/uploads\/2015\/06\/st-nicolas.jpg\" alt=\"les rencontres de la villette contact\" align=\"center\"> Les inscriptions sont ouvertes pour la formation organis\u00e9e par la M\u00e9diath\u00e8que d\u00e9partementale de Seine-et-Marne \u00e0 destination des enseignants, biblioth\u00e9caires, acteurs du champ social et de la jeunesse autour du th\u00e8me Po\u00e9tique des lieux : lire le paysage. La journ\u00e9e sorganise autour dateliers pratiques et dune rencontre avec un auteur. Pr\u00e9sentation de A\u00efoli3D aux X\u00e8mes Rencontres Internationales Monaco et la M\u00e9diterran\u00e9e RIMM Agir pour le patrimoine le 13 mars 2020 au Mus\u00e9e Oc\u00e9anographique de Monaco : https:t.coKyTGt9Vleo  Pourquoi devrais-je consid\u00e9rer un dispositif dalertes professionnelles externalis\u00e9?  La reconnaissance vocale et lintelligence artificielle pour les professionnels du Droit Plus de 80 conf\u00e9rences, animations, ateliers et rencontres professionnelles.. Petite nouveaut\u00e9 cette ann\u00e9e avec la pr\u00e9sence de notre filiale GYZMO TECHNOLOGYd\u00e9di\u00e9e \u00e0 la mobilit\u00e9 et \u00e0 linnovation qui vous fera d\u00e9couvrir ses applications sur le stand N S4 Paroisse Saint-Jacques-Saint-Christophe de la Villette Nos \u00e9ducateurs sensibilisent les salari\u00e9s des \u00e9quipements de La Villette, qui deviennent les tuteurs des personnes accueillies. Les \u00e9ducateurs de lAPSV sont en contact r\u00e9gulier avec ces salari\u00e9s acceptant de partager leurs savoir-faire avec les jeunes condamn\u00e9s. Pour que lexp\u00e9rience soit optimale, nous formons ces salari\u00e9s \u00e0 laccueil des jeunes et les accompagnons en cas de difficult\u00e9. La s\u00e9curit\u00e9 et la confidentialit\u00e9 des donn\u00e9es personnelles reposent sur les bonnes pratiques de chacun. Cest la raison pour laquelle nous vous invitons \u00e0 ne pas communiquer vos mots de passe \u00e0 des tiers, \u00e0 vous d\u00e9connecter syst\u00e9matiquement de votre profil et de votre compte social notamment en cas de comptes li\u00e9s et \u00e0 fermer la fen\u00eatre de votre navigateur \u00e0 lissue de votre session de travail, particuli\u00e8rement si vous acc\u00e9dez \u00e0 internet depuis un poste informatique partag\u00e9 avec dautres personnes. Vous \u00e9viterez ainsi que dautres utilisateurs acc\u00e8dent \u00e0 vos informations personnelles. Le Salon fran\u00e7ais de la LegalTech est chaque ann\u00e9e un lieu unique de rencontres, dinformation et de formation, organis\u00e9 autour dun espace dexposition, de conf\u00e9rences et dateliers. La folie num\u00e9rique est un lieu \u00e0 partager : cest une folie ouverte et travers\u00e9e par des artistes, cr\u00e9ateurs et porteurs de projets, organisateurs d\u00e9v\u00e9n\u00e9ments, dans une culture participative et collaborative. Nh\u00e9sitez pas \u00e0 nous demander votre badge dacc\u00e8s gratuit! Quon les nomme alimentation saine, sommeil r\u00e9gulier, respect de la Nature, m\u00e9ditation, exercice physique, ou autres ; tous ces bonbons poss\u00e8dent en commun le gout sucr\u00e9 du mieux-\u00eatre et parfois de la r\u00e9alisation. En 2016, nous avons d\u00e9pos\u00e9 une demande aupr\u00e8s de lEtat pour une lab\u00e9lisation Maison de Services aux Particuliers MSAP. Cette demande a fait lobjet dun avis favorable, une convention locale a \u00e9t\u00e9 sign\u00e9e avec la CAF, une convention est en cours de signature aupr\u00e8s du P\u00f4le Emploi. Hotel Sahara sera la 5e saison culturelle des Magasins g\u00e9n\u00e9raux. Elle prendra la forme dune exposition et dun festival interdisciplinaires rassemblant une vingtaine dartistes et de cr\u00e9ateurs \u00e9mergents designers, architectes, cin\u00e9astes, musiciens, danseurs, \u00e9crivains originaires des dix pays limitrophes du Sahara : Mali, Mauritanie, Niger, Tchad, Soudan, Alg\u00e9rie, Tunisie, Maroc, Libye et \u00c9gypte, ou issus de leurs diasporas. Pr\u00e9sentation de lexposition aux enseignants, mercredi 9 novembre 2016 \u00e0 14 h 30. Fin 2018, nous lan\u00e7ons une nouvelle version de notre plateforme : elle devient plus moderne, plus rapide, plus puissante Avec ce nouvel outil de pointe, les 130 000 agents r\u00e9unis sur la plateforme collaborent plus que jamais. R\u00e9invention des images machiniques, d\u00e9bat-projection avec Rapha\u00ebl Dallaporta En lespace de cinq \u00e9ditions, le Salon Afrique Unie est devenu pour tous ceux qui sint\u00e9ressent aux opportunit\u00e9s daffaires une plateforme de rencontre et d\u00e9change. <img decoding=\"async\" src=\"http:\/\/i86.servimg.com\/u\/f86\/14\/56\/26\/38\/affich15.jpg\" alt=\"les rencontres de la villette contact\" align=\"left\">.<\/p>\n","protected":false},"excerpt":{"rendered":"<p>les rencontres de la villette contact<\/p>\n","protected":false},"author":1,"featured_media":0,"comment_status":"closed","ping_status":"closed","sticky":false,"template":"","format":"standard","meta":{"footnotes":""},"categories":[1],"tags":[],"_links":{"self":[{"href":"http:\/\/mymobilebooster.com\/forum\/wp-json\/wp\/v2\/posts\/2784"}],"collection":[{"href":"http:\/\/mymobilebooster.com\/forum\/wp-json\/wp\/v2\/posts"}],"about":[{"href":"http:\/\/mymobilebooster.com\/forum\/wp-json\/wp\/v2\/types\/post"}],"author":[{"embeddable":true,"href":"http:\/\/mymobilebooster.com\/forum\/wp-json\/wp\/v2\/users\/1"}],"replies":[{"embeddable":true,"href":"http:\/\/mymobilebooster.com\/forum\/wp-json\/wp\/v2\/comments?post=2784"}],"version-history":[{"count":1,"href":"http:\/\/mymobilebooster.com\/forum\/wp-json\/wp\/v2\/posts\/2784\/revisions"}],"predecessor-version":[{"id":2785,"href":"http:\/\/mymobilebooster.com\/forum\/wp-json\/wp\/v2\/posts\/2784\/revisions\/2785"}],"wp:attachment":[{"href":"http:\/\/mymobilebooster.com\/forum\/wp-json\/wp\/v2\/media?parent=2784"}],"wp:term":[{"taxonomy":"category","embeddable":true,"href":"http:\/\/mymobilebooster.com\/forum\/wp-json\/wp\/v2\/categories?post=2784"},{"taxonomy":"post_tag","embeddable":true,"href":"http:\/\/mymobilebooster.com\/forum\/wp-json\/wp\/v2\/tags?post=2784"}],"curies":[{"name":"wp","href":"https:\/\/api.w.org\/{rel}","templated":true}]}}