{"id":2840,"date":"2020-09-25T00:11:44","date_gmt":"2020-09-25T00:11:44","guid":{"rendered":"http:\/\/mymobilebooster.com\/forum\/?p=2840"},"modified":"2020-09-21T07:23:15","modified_gmt":"2020-09-21T07:23:15","slug":"rencontres-adisq-2013","status":"publish","type":"post","link":"http:\/\/mymobilebooster.com\/forum\/2020\/09\/25\/rencontres-adisq-2013\/","title":{"rendered":"Rencontres Adisq 2013"},"content":{"rendered":"<p>St\u00e9phane Leclair, Premi\u00e8re cha\u00eene de Radio-Canada Montr\u00e9al <img decoding=\"async\" src=\"http:\/\/www.vuesurlareleve.com\/wp-content\/uploads\/2018\/03\/logo-2013.jpg\" alt=\"rencontres adisq 2013\" align=\"left\"> This website is using a security service to protect itself from online attacks. The action you just performed triggered the security solution. There are several actions that could trigger this block including submitting a certain word or phrase, a SQL command or malformed data. <img decoding=\"async\" src=\"http:\/\/catalogue.gazette-drouot.com\/images\/perso\/full\/LOT\/266\/81804\/23.jpg\" alt=\"rencontres adisq 2013\" align=\"right\"> Ce magazine litt\u00e9raire est l\u0153uvre de la Fondation litt\u00e9raire Fleur de Lys et sinscrit dans une mission d\u00e9ducation populaire au sujet du monde du livre, et ce, tant aupr\u00e8s des auteurs que des lecteurs. \u03a0\u03b1\u03c0\u03bf\u03c5\u03c4\u03c3\u03b9\u03b1 \u03bc\u03c0\u03b1\u03bb\u03b5\u03c4\u03bf\u03c5 \u03b8\u03b5\u03c3\u03c3\u03b1\u03bb\u03bf\u03bd\u03b9\u03ba\u03b7 \u03b1\u03c1\u03b1\u03b2\u03b9\u03ba\u03ae \u03c0\u03af\u03c4\u03b1 \u03bc\u03b5 \u03ba\u03bf\u03c4\u03cc\u03c0\u03bf\u03c5\u03bb\u03bf \u03c9\u03c7\u03c1\u03b1 \u03ba\u03b7\u03bb\u03b9\u03b4\u03b1 \u03b2\u03b9\u03c4\u03b1\u03bc\u03b9\u03bd\u03b5\u03c2 \u03b1\u03c5\u03c4\u03bf\u03b9 \u03c0\u03bf\u03c5 \u03c0\u03b7\u03c1\u03b1\u03bd \u03c4\u03b1 \u03b2\u03bf\u03c5\u03bd\u03b1 \u03c4\u03b7\u03bd\u03bf\u03c2 \u0393\u03bd\u03c9\u03c1\u03af\u03b6\u03bf\u03bd\u03c4\u03b1\u03c2 \u03c4\u03bf\u03bd \u03b5\u03b1\u03c5\u03c4\u03cc \u03c3\u03b1\u03c2 \u03b5\u03af\u03c3\u03b1\u03b9 \u03c3\u03c4\u03b7\u03bd \u03b1\u03c1\u03c7\u03ae \u03cc\u03bb\u03b7\u03c2 \u03c4\u03b7\u03c2 \u03c3\u03bf\u03c6\u03af\u03b1\u03c2 Animateur trice ou chroniqueur euse culturel le de lann\u00e9e Station de radio, march\u00e9 central <img decoding=\"async\" src=\"http:\/\/3.bp.blogspot.com\/-ot6b1F5GdB4\/VBdBLfbbGaI\/AAAAAAAAT4c\/-21WBr9w_1A\/s1600\/Parish%2BMatch2013-2014.jpg\" alt=\"rencontres adisq 2013\" align=\"left\"> Retour en sol europ\u00e9en en avril 2009 Toulouse, Caen, Lille, Le Mans et 2 soirs \u00e0 Bruxelles et en novembre 2009 o\u00f9 cest la tourn\u00e9e des Z\u00e9nith! Les Cowboys se produisent dans les plus grandes salles en province Strasbourg, Lyon, Reims, Nantes en passant par le Z\u00e9nith de Paris 8000 personnes qui font litt\u00e9ralement exploser le d\u00e9cibelom\u00e8tre! et un autre ar\u00e9na de Gen\u00e8ve plein. Juste en 2009, cest 40 000 fans europ\u00e9ens qui auront vu les Cowboys!  \u03b7\u03bb\u03af\u03b1\u03c2 \u03ba\u03bb\u03c9\u03bd\u03b1\u03c1\u03af\u03b4\u03b7\u03c2 \u03c4\u03c1\u03b1\u03b3\u03bf\u03c5\u03b4\u03b9\u03b1 \u039d\u03bf\u03b5 28, 2018 \u03b8\u03b5\u03c1\u03bc\u03b1\u03b9\u03bd\u03cc\u03bc\u03b5\u03bd\u03bf \u03c5\u03c0\u03cc\u03c3\u03c4\u03c1\u03c9\u03bc\u03b1 \u03ba\u03c1\u03b5\u03b2\u03b1\u03c4\u03b9\u03bf\u03cd \u03b8\u03b5\u03c3\u03c3\u03b1\u03bb\u03bf\u03bd\u03b9\u03ba\u03b7 \u0391\u03b8\u03bb\u03b7\u03c4\u03b9\u03c3\u03bc\u03cc\u03c2 6 months, 3 weeks, 6 days, 28 minutes, 1 second ago  RT Vous avez un Pont dans votre \u00e9quipe? Vous souhaitez rejoindre le programme de Ponts Alumni \u00e0? Il nest pa William Deslauriers, qui ne pouvait \u00eatre pr\u00e9sent \u00e0 la soir\u00e9e, sest aussi vu d\u00e9cerner un troph\u00e9e pour son premier album Un pied \u00e0 terre. \u039f\u03b9 \u03ba\u03b1\u03c1\u03b4\u03b9\u03b1\u03ba\u03ad\u03c2 \u03c0\u03c1\u03bf\u03c3\u03b2\u03bf\u03bb\u03ad\u03c2 \u03b5\u03af\u03bd\u03b1\u03b9 \u03c4\u03c1\u03bf\u03bc\u03b1\u03ba\u03c4\u03b9\u03ba\u03ad\u03c2. \u0395\u03b9\u03b4\u03b9\u03ba\u03ac, \u03b3\u03b9\u03b1\u03c4\u03af \u03c0\u03bf\u03bb\u03bb\u03ad\u03c2 \u03c6\u03bf\u03c1\u03ad\u03c2 \u03b5\u03af\u03bd\u03b1\u03b9 \u03b4\u03cd\u03c3\u03ba\u03bf\u03bb\u03bf \u03bd\u03b1 \u03c0\u03c1\u03bf\u03b2\u03bb\u03ad\u03c8\u03b5\u03b9\u03c2, \u03c0\u03cc\u03c4\u03b5 \u03ba\u03b1\u03b9 \u03c0\u03bf\u03b9\u03cc\u03bd \u03b8\u03b1 \u03c7\u03c4\u03c5\u03c0\u03ae\u03c3\u03b5\u03b9. \u0391\u03bb\u03bb\u03ac \u03b4\u03b5\u03bd \u03c5\u03c0\u03ac\u03c1\u03c7\u03b5\u03b9 \u03bb\u03cc\u03b3\u03bf\u03c2 \u03bd\u03b1 \u03b6\u03b5\u03af\u03c4\u03b5 \u03bc\u03b5 \u03c4\u03bf \u03b4\u03b9\u03b1\u03c1\u03ba\u03ae \u03c6\u03cc\u03b2\u03bf \u03cc\u03c4\u03b9 \u03b8\u03b1 \u03b5\u03af\u03c3\u03c4\u03b5 \u03c4\u03bf \u03b5\u03c0\u03cc\u03bc\u03b5\u03bd\u03bf  \u03c4\u03c1\u03b1\u03b2\u03b1\u03c9 \u03bb\u03bf\u03b9\u03c0\u03bf\u03bd \u03c3\u03b5 \u03bf\u03bb\u03b1 \u03bc\u03b9\u03b1 \u03ba\u03bf\u03ba\u03ba\u03b9\u03bd\u03b7 \u03b3\u03c1\u03b1\u03bc\u03bc\u03b7 youtube \u039d\u03bf\u03b5 28, 2018 \u03be\u03b5\u03bd\u03bf\u03b4\u03bf\u03c7\u03b5\u03b9\u03b1 \u03c7\u03b1\u03bd\u03b9\u03b1 \u03b9\u03b4\u03b9\u03c9\u03c4\u03b9\u03ba\u03b7 \u03c0\u03b9\u03c3\u03b9\u03bd\u03b1 \u039c\u03bf\u03c5\u03c3\u03b9\u03ba\u03bf\u03c0\u03c1\u03bf\u03c4\u03ac\u03c3\u03b5\u03b9\u03c2 Marc Dupr\u00e9 aura une nouvelle \u00e9mission musicale et Charles Lafortune prendra les commandes de.. Jesp\u00e8re vraiment car je voudrais que loup\u00e9e et mia save que loup\u00e9e et pas la fille de Ramiro ADISQ F\u00e9lix Spectacle de lann\u00e9e auteur-compositeur COMMUNIQU\u00c9 DE PRESSE Nouvel avis du Conseil sup\u00e9rieur de l\u00e9ducation Le bien-\u00eatre de lenfant \u00e0 l\u00e9cole : faisons nos devoirs QU\u00c9BEC, le 9 juin 2020 CNW Telbec Le Conseil sup\u00e9rieur de l\u00e9ducation est fier de rendre public aujourdhui son .<\/p>\n","protected":false},"excerpt":{"rendered":"<p>rencontres adisq 2013<\/p>\n","protected":false},"author":1,"featured_media":0,"comment_status":"closed","ping_status":"closed","sticky":false,"template":"","format":"standard","meta":{"footnotes":""},"categories":[1],"tags":[],"_links":{"self":[{"href":"http:\/\/mymobilebooster.com\/forum\/wp-json\/wp\/v2\/posts\/2840"}],"collection":[{"href":"http:\/\/mymobilebooster.com\/forum\/wp-json\/wp\/v2\/posts"}],"about":[{"href":"http:\/\/mymobilebooster.com\/forum\/wp-json\/wp\/v2\/types\/post"}],"author":[{"embeddable":true,"href":"http:\/\/mymobilebooster.com\/forum\/wp-json\/wp\/v2\/users\/1"}],"replies":[{"embeddable":true,"href":"http:\/\/mymobilebooster.com\/forum\/wp-json\/wp\/v2\/comments?post=2840"}],"version-history":[{"count":1,"href":"http:\/\/mymobilebooster.com\/forum\/wp-json\/wp\/v2\/posts\/2840\/revisions"}],"predecessor-version":[{"id":2841,"href":"http:\/\/mymobilebooster.com\/forum\/wp-json\/wp\/v2\/posts\/2840\/revisions\/2841"}],"wp:attachment":[{"href":"http:\/\/mymobilebooster.com\/forum\/wp-json\/wp\/v2\/media?parent=2840"}],"wp:term":[{"taxonomy":"category","embeddable":true,"href":"http:\/\/mymobilebooster.com\/forum\/wp-json\/wp\/v2\/categories?post=2840"},{"taxonomy":"post_tag","embeddable":true,"href":"http:\/\/mymobilebooster.com\/forum\/wp-json\/wp\/v2\/tags?post=2840"}],"curies":[{"name":"wp","href":"https:\/\/api.w.org\/{rel}","templated":true}]}}