{"id":2872,"date":"2020-09-25T08:19:42","date_gmt":"2020-09-25T08:19:42","guid":{"rendered":"http:\/\/mymobilebooster.com\/forum\/?p=2872"},"modified":"2020-09-21T08:08:27","modified_gmt":"2020-09-21T08:08:27","slug":"rencontres-belin-beliet","status":"publish","type":"post","link":"http:\/\/mymobilebooster.com\/forum\/2020\/09\/25\/rencontres-belin-beliet\/","title":{"rendered":"Rencontres Belin Beliet"},"content":{"rendered":"<p>Pour faire conna\u00eessannce avec moi viens sur skype mon pseudo roselynebouzelmat50 et facebook rosye bouzelmat R\u00e9gion: Le R\u00e9publicain Sud-Gironde Votre journal papier ou num\u00e9rique. Elle nous permet en effet de se retrouver, se recentrer, et datteindre lHarmonie CorpsEsprit \u00e0 laquelle nous aspirons tous. D\u00e9couvrez 6EME SENS notre nouvelle r\u00e9sidence \u00e0 Villenave dOrnon b\u00e9n\u00e9ficiant de la proximit\u00e9 du cent.. Demander des infos Enfin, une place particuli\u00e8re sera r\u00e9serv\u00e9e \u00e0 deux instituteurs, M. Et Mme Salinier qui pratiqu\u00e8rent de 1947 \u00e0 1967, \u00e0 Belin puis \u00e0 Beliet, une p\u00e9dagogie bas\u00e9e sur le texte libre et limprimerie \u00e0 l\u00e9cole, avec la publication de journaux scolaires, la correspondance et la coop\u00e9rative \u00e0 l\u00e9cole. Autour de Belin-B\u00e9liet Balades \u00e0 Belin-B\u00e9liet Id\u00e9es de promenades et randonn\u00e9es \u00e0 Belin-B\u00e9liet-Lancement de la campagne de recrutement Je veux arbitrer : Lemplacement de la structure permet de proposer, pendant son ouverture, des activit\u00e9s encadr\u00e9es sur les terrains sportifs mitoyens. 9h30 : Ouverture de lespace Accueil-inscriptions des Rencontres pour les participants : Retrait des tickets repas, confirmation des inscription aux ateliers, programme d\u00e9taill\u00e9 et plan de la manifestation. <img decoding=\"async\" src=\"http:\/\/cdn.gamingcloud.com\/img\/general\/games\/200x150\/25409.jpg\" alt=\"rencontres belin beliet\" align=\"center\"> <img decoding=\"async\" src=\"http:\/\/www.spalar.tk\/27825-home_default\/j-peux-pas-j-ai-gym.jpg\" alt=\"rencontres belin beliet\" align=\"right\">  R\u00e9ouverture de la Maison Belvedere! Nos conseillers sont pr\u00eats \u00e0 vous accueillir en toute s\u00e9curit\u00e9.. Demander des infos Lanuitdestemps, habite \u00e0 42 km de Belin-B\u00e9liet 33830 <img decoding=\"async\" src=\"http:\/\/cdn2_3.reseaudesvilles.fr\/cities\/149\/images\/qvnvdyl8q0cxb2m.jpg\" alt=\"rencontres belin beliet\" align=\"left\"> Rencontre avec le Collectif Local des Artisans du Spectacle-APMAC Nouvelle-Aquitaine Plan cul cougar belin beliet 33830-mature et cougar Le maire de Belin-B\u00e9liet depuis avril 2014 se nomme Madame Marie-Christine LEMONNIER pour un mandant de 6 ans 20142020. Le de Belin-B\u00e9liet est constitu\u00e9 dun maire, 26 adjoints et conseillers municipaux 13 hommes et 14 femmes. Voici la liste de l\u00e9quipe municipale ci-dessous class\u00e9e par ordre alphab\u00e9tique : Mme Paula AUDET -Cheveux : Brun-165 cm-Statut civil: C\u00e9libataire-Silhouette : Moyen  La commune de Belin-B\u00e9liet d\u00e9pend de l et les \u00e9coles primaires de la commune d\u00e9pendent de l Inspection acad\u00e9mique de la Gironde. Pour le calendrier des vacances scolaires, Belin-B\u00e9liet est en zone A. Sur la commune de Belin-B\u00e9liet et 3 \u00e9tablissements scolaires sont ouverts : 3 \u00e9coles. \u00c9coles \u00e0 Belin-B\u00e9liet Les plus grands voyages, commencent par un premier Hello, tu aimes lorient? Tu aimes la sensualit\u00e9? Alors on peut sentendre et donc on peut \u00e9changer Code de mise en relation 6783.<\/p>\n","protected":false},"excerpt":{"rendered":"<p>rencontres belin beliet<\/p>\n","protected":false},"author":1,"featured_media":0,"comment_status":"closed","ping_status":"closed","sticky":false,"template":"","format":"standard","meta":{"footnotes":""},"categories":[1],"tags":[],"_links":{"self":[{"href":"http:\/\/mymobilebooster.com\/forum\/wp-json\/wp\/v2\/posts\/2872"}],"collection":[{"href":"http:\/\/mymobilebooster.com\/forum\/wp-json\/wp\/v2\/posts"}],"about":[{"href":"http:\/\/mymobilebooster.com\/forum\/wp-json\/wp\/v2\/types\/post"}],"author":[{"embeddable":true,"href":"http:\/\/mymobilebooster.com\/forum\/wp-json\/wp\/v2\/users\/1"}],"replies":[{"embeddable":true,"href":"http:\/\/mymobilebooster.com\/forum\/wp-json\/wp\/v2\/comments?post=2872"}],"version-history":[{"count":1,"href":"http:\/\/mymobilebooster.com\/forum\/wp-json\/wp\/v2\/posts\/2872\/revisions"}],"predecessor-version":[{"id":2873,"href":"http:\/\/mymobilebooster.com\/forum\/wp-json\/wp\/v2\/posts\/2872\/revisions\/2873"}],"wp:attachment":[{"href":"http:\/\/mymobilebooster.com\/forum\/wp-json\/wp\/v2\/media?parent=2872"}],"wp:term":[{"taxonomy":"category","embeddable":true,"href":"http:\/\/mymobilebooster.com\/forum\/wp-json\/wp\/v2\/categories?post=2872"},{"taxonomy":"post_tag","embeddable":true,"href":"http:\/\/mymobilebooster.com\/forum\/wp-json\/wp\/v2\/tags?post=2872"}],"curies":[{"name":"wp","href":"https:\/\/api.w.org\/{rel}","templated":true}]}}